{"id":25879,"date":"2015-03-07T08:37:18","date_gmt":"2015-03-07T11:37:18","guid":{"rendered":"http:\/\/argentinamunicipal.com.ar\/argentina\/?p=25879"},"modified":"2015-03-07T08:37:18","modified_gmt":"2015-03-07T11:37:18","slug":"lanzan-el-plan-para-construir-25-mil-casas-en-salta","status":"publish","type":"post","link":"http:\/\/argentinamunicipal.com.ar\/argentina\/lanzan-el-plan-para-construir-25-mil-casas-en-salta\/","title":{"rendered":"Lanzan el plan para construir 25 mil casas en Salta"},"content":{"rendered":"<p><a href=\"http:\/\/argentinamunicipal.com.ar\/argentina\/wp-content\/uploads\/2015\/03\/Viviendas-sociales.jpg\"><img loading=\"lazy\" decoding=\"async\" class=\"aligncenter  wp-image-25880\" src=\"http:\/\/argentinamunicipal.com.ar\/argentina\/wp-content\/uploads\/2015\/03\/Viviendas-sociales.jpg\" alt=\"Viviendas-sociales\" width=\"650\" height=\"510\" srcset=\"http:\/\/argentinamunicipal.com.ar\/argentina\/wp-content\/uploads\/2015\/03\/Viviendas-sociales.jpg 1615w, http:\/\/argentinamunicipal.com.ar\/argentina\/wp-content\/uploads\/2015\/03\/Viviendas-sociales-300x236.jpg 300w, http:\/\/argentinamunicipal.com.ar\/argentina\/wp-content\/uploads\/2015\/03\/Viviendas-sociales-1024x804.jpg 1024w\" sizes=\"auto, (max-width: 650px) 100vw, 650px\" \/><\/a><\/p>\n<p>Es el programa \u00abMi casa propia\u00bb. Se ejecutar\u00e1 en cuatro a\u00f1os para reducir el d\u00e9ficit habitacional en toda la provincia.<\/p>\n<p>El Frente Romero+Olmedo informar\u00e1 el lunes los detalles del programa Mi casa propia, destinado a facilitar el acceso a la vivienda a 25 mil familias que las necesiten.<\/p>\n<p>La convocatoria a los periodistas es para las 10.30 de ese d\u00eda, en la sede de Fundara, ubicada en General G\u00fcemes 1305, de Salta capital.<\/p>\n<p>\u00abQueremos darle la oportunidad de ser due\u00f1os de su propia vivienda a todos aquellos que hist\u00f3ricamente se han visto relegados\u00bb, sostuvo el candidato a gobernador Juan Carlos Romero quien, junto con su vice, Alfredo Olmedo, lanzar\u00e1n el programa sobre el cual el frente recibe innumerables consultas diarias.<\/p>\n<p>El Frente eval\u00faa que, entre viviendas precarias, de condiciones degradantes, con varias familias en su seno o, directamente, faltantes, el de la vivienda es una de las principales necesidades y reclamos de los salte\u00f1os de toda la provincia.<\/p>\n<p>Se trata de un programa integral para construir 25.000 viviendas inicialmente, amplias y de calidad, en cada rinc\u00f3n de la provincia en los pr\u00f3ximos cuatro a\u00f1os.<\/p>\n<p>\u00abDesde el primer d\u00eda de gesti\u00f3n del nuevo gobierno provincial se pondr\u00e1 en marcha este plan, atendiendo a la fuerte y justificada demanda de los salte\u00f1os por el cr\u00edtico d\u00e9ficit habitacional\u00bb, afirm\u00f3 Romero.<\/p>\n<p>\u00abQueremos darle la oportunidad de ser due\u00f1os de su propia vivienda a todos aquellos que se han visto relegados\u00bb, sostuvo Romero, quien agreg\u00f3 que todas las viviendas contar\u00e1n con los servicios p\u00fablicos necesarios como gas, luz, electricidad, agua potable, entre otros.<\/p>\n<p>\u00abVamos a acercar a los vecinos toda la informaci\u00f3n para que puedan ser parte de este plan hist\u00f3rico, que brinda soluci\u00f3n al tremendo d\u00e9ficit habitacional en el que ha ca\u00eddo la provincia. Es un plan posible, que contar\u00e1 con los recursos necesarios para su concreci\u00f3n, y que pondremos en marcha a partir del 10 de diciembre, el primer d\u00eda de nuestra gesti\u00f3n\u00bb, asegur\u00f3 Romero.<\/p>\n<p>El Plan \u00abMi Casa Propia\u00bb tambi\u00e9n prev\u00e9 el otorgamiento de cr\u00e9ditos para mejora, ampliaci\u00f3n y compra de viviendas a las familias censadas en la campa\u00f1a que se desarrollar\u00e1 en toda la provincia. Los cr\u00e9ditos gozar\u00e1n del beneficio de tasas subsidiadas y a largo plazo.<\/p>\n<p>La primera etapa consta de un periodo de inscripci\u00f3n, carga y presentaci\u00f3n de un formulario \u00fanico, de f\u00e1cil acceso. De esta etapa se podr\u00e1 obtener un verdadero mapa de demanda habitacional en la provincia.<\/p>\n<h6>Fuente: El Tribuno, Salta<\/h6>\n","protected":false},"excerpt":{"rendered":"<p>Es el programa \u00abMi casa propia\u00bb. Se ejecutar\u00e1 en cuatro a\u00f1os para reducir el d\u00e9ficit habitacional en toda la provincia. El Frente Romero+Olmedo informar\u00e1 el lunes los detalles del programa Mi casa propia, destinado a facilitar el acceso a la vivienda a 25 mil familias que las necesiten. La convocatoria a los periodistas es para<\/p>\n","protected":false},"author":2,"featured_media":25880,"comment_status":"closed","ping_status":"closed","sticky":false,"template":"","format":"standard","meta":{"footnotes":""},"categories":[2],"tags":[9],"class_list":["post-25879","post","type-post","status-publish","format-standard","has-post-thumbnail","hentry","category-informe-municipal","tag-salta"],"_links":{"self":[{"href":"http:\/\/argentinamunicipal.com.ar\/argentina\/wp-json\/wp\/v2\/posts\/25879","targetHints":{"allow":["GET"]}}],"collection":[{"href":"http:\/\/argentinamunicipal.com.ar\/argentina\/wp-json\/wp\/v2\/posts"}],"about":[{"href":"http:\/\/argentinamunicipal.com.ar\/argentina\/wp-json\/wp\/v2\/types\/post"}],"author":[{"embeddable":true,"href":"http:\/\/argentinamunicipal.com.ar\/argentina\/wp-json\/wp\/v2\/users\/2"}],"replies":[{"embeddable":true,"href":"http:\/\/argentinamunicipal.com.ar\/argentina\/wp-json\/wp\/v2\/comments?post=25879"}],"version-history":[{"count":0,"href":"http:\/\/argentinamunicipal.com.ar\/argentina\/wp-json\/wp\/v2\/posts\/25879\/revisions"}],"wp:featuredmedia":[{"embeddable":true,"href":"http:\/\/argentinamunicipal.com.ar\/argentina\/wp-json\/wp\/v2\/media\/25880"}],"wp:attachment":[{"href":"http:\/\/argentinamunicipal.com.ar\/argentina\/wp-json\/wp\/v2\/media?parent=25879"}],"wp:term":[{"taxonomy":"category","embeddable":true,"href":"http:\/\/argentinamunicipal.com.ar\/argentina\/wp-json\/wp\/v2\/categories?post=25879"},{"taxonomy":"post_tag","embeddable":true,"href":"http:\/\/argentinamunicipal.com.ar\/argentina\/wp-json\/wp\/v2\/tags?post=25879"}],"curies":[{"name":"wp","href":"https:\/\/api.w.org\/{rel}","templated":true}]}}