{"id":25937,"date":"2015-03-07T09:40:54","date_gmt":"2015-03-07T12:40:54","guid":{"rendered":"http:\/\/argentinamunicipal.com.ar\/argentina\/?p=25937"},"modified":"2015-03-07T09:40:54","modified_gmt":"2015-03-07T12:40:54","slug":"anunciaron-en-lujan-la-construccion-un-edificio-comunal-y-una-terminal","status":"publish","type":"post","link":"http:\/\/argentinamunicipal.com.ar\/argentina\/anunciaron-en-lujan-la-construccion-un-edificio-comunal-y-una-terminal\/","title":{"rendered":"Anunciaron en Luj\u00e1n la construcci\u00f3n un edificio comunal y una terminal"},"content":{"rendered":"<p><a href=\"http:\/\/argentinamunicipal.com.ar\/argentina\/wp-content\/uploads\/2015\/03\/3b44b5000d3ada04c028c395cd05cbfb_XL.jpg\"><img loading=\"lazy\" decoding=\"async\" class=\"aligncenter  wp-image-25938\" src=\"http:\/\/argentinamunicipal.com.ar\/argentina\/wp-content\/uploads\/2015\/03\/3b44b5000d3ada04c028c395cd05cbfb_XL.jpg\" alt=\"3b44b5000d3ada04c028c395cd05cbfb_XL\" width=\"612\" height=\"417\" srcset=\"http:\/\/argentinamunicipal.com.ar\/argentina\/wp-content\/uploads\/2015\/03\/3b44b5000d3ada04c028c395cd05cbfb_XL.jpg 900w, http:\/\/argentinamunicipal.com.ar\/argentina\/wp-content\/uploads\/2015\/03\/3b44b5000d3ada04c028c395cd05cbfb_XL-300x204.jpg 300w\" sizes=\"auto, (max-width: 612px) 100vw, 612px\" \/><\/a><\/p>\n<p>Con el anuncio de la construcci\u00f3n de una terminal de \u00f3mnibus y del edificio municipal, el intendente de Luj\u00e1n, Carlos L\u00f3pez Puelles (PJ) se gan\u00f3 la ovaci\u00f3n de quienes asistieron ayer al inicio del per\u00edodo de sesiones ordinarias del Concejo Deliberante.<\/p>\n<p>El intendente, que se ilusiona con ser reelecto en el cargo \u2013para lo que deber\u00e1 en principio imponerse en las PASO\u2013, asegur\u00f3 que esas obras se levantar\u00edan en el predio de la conocida estaci\u00f3n Ferri, de calle Azcu\u00e9naga y Chiclana.<\/p>\n<p>L\u00f3pez Puelles aprovech\u00f3 la oportunidad para anunciar tambi\u00e9n una obra de asfalto que supondr\u00e1 una inversi\u00f3n de $7.500.000 y que tendr\u00e1 como beneficiarios a los vecinos del barrio las Margaritas de Drummond y de las calles Patricios, Gui\u00f1az\u00fa, Taboada y calles 1, 2, 3 y 4 del barrio Parque Universitario, de La Carrodilla. Adem\u00e1s, el asfalto llegar\u00e1 a aquellos lujaninos que residan en la calle Rodr\u00edguez desde Paso hasta calle Carrodilla, calle Carrodilla desde Rodr\u00edguez hasta Tacuar\u00ed y calle 1\u00ba de Mayo desde Paso hasta Vespucio.<\/p>\n<p>El jefe comunal lujanino tambi\u00e9n aludi\u00f3 al avance de la obra del hospital de ese departamento que asegur\u00f3: \u201cYa est\u00e1 construido hasta la altura del techo\u201d.<\/p>\n<p>En la vereda de enfrente, el concejal Amado Mafauad (PD-PRO) indic\u00f3: \u201cEl intendente repiti\u00f3 muchas veces la frase vamos a hacer y no le queda mucho tiempo, este a\u00f1o termina su mandato. Salvo que crea que va a ser reelecto, lo cual no suceder\u00e1\u201d.<\/p>\n<h6>Fuente: Uno, Mendoza<\/h6>\n","protected":false},"excerpt":{"rendered":"<p>Con el anuncio de la construcci\u00f3n de una terminal de \u00f3mnibus y del edificio municipal, el intendente de Luj\u00e1n, Carlos L\u00f3pez Puelles (PJ) se gan\u00f3 la ovaci\u00f3n de quienes asistieron ayer al inicio del per\u00edodo de sesiones ordinarias del Concejo Deliberante. El intendente, que se ilusiona con ser reelecto en el cargo \u2013para lo que<\/p>\n","protected":false},"author":2,"featured_media":25938,"comment_status":"closed","ping_status":"closed","sticky":false,"template":"","format":"standard","meta":{"footnotes":""},"categories":[2],"tags":[31],"class_list":["post-25937","post","type-post","status-publish","format-standard","has-post-thumbnail","hentry","category-informe-municipal","tag-mendoza"],"_links":{"self":[{"href":"http:\/\/argentinamunicipal.com.ar\/argentina\/wp-json\/wp\/v2\/posts\/25937","targetHints":{"allow":["GET"]}}],"collection":[{"href":"http:\/\/argentinamunicipal.com.ar\/argentina\/wp-json\/wp\/v2\/posts"}],"about":[{"href":"http:\/\/argentinamunicipal.com.ar\/argentina\/wp-json\/wp\/v2\/types\/post"}],"author":[{"embeddable":true,"href":"http:\/\/argentinamunicipal.com.ar\/argentina\/wp-json\/wp\/v2\/users\/2"}],"replies":[{"embeddable":true,"href":"http:\/\/argentinamunicipal.com.ar\/argentina\/wp-json\/wp\/v2\/comments?post=25937"}],"version-history":[{"count":0,"href":"http:\/\/argentinamunicipal.com.ar\/argentina\/wp-json\/wp\/v2\/posts\/25937\/revisions"}],"wp:featuredmedia":[{"embeddable":true,"href":"http:\/\/argentinamunicipal.com.ar\/argentina\/wp-json\/wp\/v2\/media\/25938"}],"wp:attachment":[{"href":"http:\/\/argentinamunicipal.com.ar\/argentina\/wp-json\/wp\/v2\/media?parent=25937"}],"wp:term":[{"taxonomy":"category","embeddable":true,"href":"http:\/\/argentinamunicipal.com.ar\/argentina\/wp-json\/wp\/v2\/categories?post=25937"},{"taxonomy":"post_tag","embeddable":true,"href":"http:\/\/argentinamunicipal.com.ar\/argentina\/wp-json\/wp\/v2\/tags?post=25937"}],"curies":[{"name":"wp","href":"https:\/\/api.w.org\/{rel}","templated":true}]}}