{"id":25974,"date":"2015-03-09T08:34:01","date_gmt":"2015-03-09T11:34:01","guid":{"rendered":"http:\/\/argentinamunicipal.com.ar\/argentina\/?p=25974"},"modified":"2015-03-09T08:34:01","modified_gmt":"2015-03-09T11:34:01","slug":"se-completo-en-entre-rios-el-tendido-troncal-de-la-fibra-optica","status":"publish","type":"post","link":"http:\/\/argentinamunicipal.com.ar\/argentina\/se-completo-en-entre-rios-el-tendido-troncal-de-la-fibra-optica\/","title":{"rendered":"Se complet\u00f3 en Entre R\u00edos el tendido troncal de la fibra \u00f3ptica"},"content":{"rendered":"<div id=\"attachment_25975\" style=\"width: 650px\" class=\"wp-caption aligncenter\"><a href=\"http:\/\/argentinamunicipal.com.ar\/argentina\/wp-content\/uploads\/2015\/03\/o_1425871456.jpg\"><img loading=\"lazy\" decoding=\"async\" aria-describedby=\"caption-attachment-25975\" class=\"size-full wp-image-25975\" src=\"http:\/\/argentinamunicipal.com.ar\/argentina\/wp-content\/uploads\/2015\/03\/o_1425871456.jpg\" alt=\"El ministro B\u00e1ez destac\u00f3 los beneficios de la red de fibra \u00f3ptica cuyo tendido troncal ya est\u00e1 finalizado.\" width=\"640\" height=\"360\" srcset=\"http:\/\/argentinamunicipal.com.ar\/argentina\/wp-content\/uploads\/2015\/03\/o_1425871456.jpg 640w, http:\/\/argentinamunicipal.com.ar\/argentina\/wp-content\/uploads\/2015\/03\/o_1425871456-300x169.jpg 300w\" sizes=\"auto, (max-width: 640px) 100vw, 640px\" \/><\/a><p id=\"caption-attachment-25975\" class=\"wp-caption-text\">El ministro B\u00e1ez destac\u00f3 los beneficios de la red de fibra \u00f3ptica cuyo tendido troncal ya est\u00e1 finalizado.<\/p><\/div>\n<p>La red comprende 1.768 kil\u00f3metros, los que se suman a otros 1.000 que ya estaban desplegados. Con ello se llega a casi 2.800 kil\u00f3metros de fibra \u00f3ptica que brindar\u00e1n servicio a 150 ciudades y pueblos de la provincia. Se trata de una las obras de infraestructura m\u00e1s importantes de la actual gesti\u00f3n de gobierno y demand\u00f3 una inversi\u00f3n de 300 millones de pesos.<\/p>\n<p>El tendido de la fibra \u00f3ptica llevar\u00e1 conectividad para el servicio de internet de banda ancha y de alta velocidad a diferentes localidades entrerrianas, con beneficio para escuelas, hospitales, comisar\u00eda y otros organismos p\u00fablico.<\/p>\n<p>\u201cEsta, entre tantas otras, ser\u00e1 una de las enormes ventajas que traer\u00e1 la puesta en funcionamiento de esta infraestructura que apuntalar\u00e1 el desarrollo y la transformaci\u00f3n de Entre R\u00edos\u201d, indic\u00f3 el ministro de Cultura y Comunicaci\u00f3n, Pedro B\u00e1ez, titular de la cartera que tiene a su cargo la ejecuci\u00f3n de la obra en Entre R\u00edos.<\/p>\n<p>Para dar cuenta de la trascendencia de esta tecnolog\u00eda, se describi\u00f3 que con esta red se podr\u00e1n enviar historias cl\u00ednicas en forma instant\u00e1nea a cualquier efector de salud de la provincia, interconectar c\u00e1maras de seguridad, brindar servicio de telefon\u00eda fija y televisi\u00f3n digital en diferentes lugares de la provincia a los que hoy no tienen esta posibilidad y establecer interconexiones entre todos los organismos p\u00fablicos y los municipios.<\/p>\n<p>\u201cIniciamos el tendido en febrero de 2013 y hoy, a dos a\u00f1os, esta parte de la obra que es la de mayor envergadura est\u00e1 completa\u201d, destac\u00f3 B\u00e1ez.<\/p>\n<p>Detall\u00f3 que ahora se trabaja en la instalaci\u00f3n y equipamiento de los nodos correspondientes en las distintas localidades, desde donde se empalmar\u00e1 la red troncal con los tendidos urbanos.<\/p>\n<p>Estas tareas comenzaron en septiembre y ya se han completado en las ciudades de Cerrito, La Paz, Concepci\u00f3n del Uruguay, Chajar\u00ed, San Jos\u00e9 de Feliciano, Hasenkamp, Basavilbaso, Victoria y Concordia. En tanto, actualmente se trabaja en Sauce de Luna, Nueva Vizcaya y Nogoy\u00e1, y en el corto plazo se completar\u00e1 el cronograma en Paran\u00e1, Gualeguaych\u00fa, Larroque, Villaguay, General Galarza, Crespo, Diamante, San Salvador, Viale, General Ram\u00edrez, Urdinarrain, Mar\u00eda Grande, Villa Libertador San Mart\u00edn y Maci\u00e1.<\/p>\n<p><strong>ACCIONES<\/strong>. En la ejecuci\u00f3n de la red de fibra \u00f3ptica intervienen el Estado nacional, a trav\u00e9s del plan Argentina Conectada del Ministerio de Planificaci\u00f3n Federal y Arsat, el Estado provincial, a trav\u00e9s de la Secretar\u00eda de Telecomunicaciones, y los municipios.<\/p>\n<p>Para que los servicios lleguen a cada ciudad, pueblo o paraje rural debe tenderse lo que se denomina la \u00faltima milla, obras que se van desarrollando a trav\u00e9s de pymes prestadoras de cable, cooperativas que brindan conexi\u00f3n a internet, municipios y otros actores.<\/p>\n<p>\u201cLos empresarios medianos y peque\u00f1os y las cooperativas prestadoras tanto de cable como de internet de distintos puntos de la provincia son piezas fundamentales en este trabajo. Valoramos la confianza y la visi\u00f3n que tuvieron desde un principio respecto a esta iniciativa, que en muchos casos los motiv\u00f3 a realizar fuertes inversiones, y que en breve les brindar\u00e1 la oportunidad de incorporar la \u00faltima tecnolog\u00eda, mejorar contenidos, ser m\u00e1s competitivos y, sobre todo, generar m\u00e1s puestos de trabajo calificado\u201d, resalt\u00f3 el ministro.<\/p>\n<p>A la vez, en breve estar\u00e1n a disposici\u00f3n de los gobiernos locales las gu\u00edas de referencia elaboradas en conjunto con el Polo Tecnol\u00f3gico Paran\u00e1. Se trata de un esquema que facilitar\u00e1 las tareas a las 150 localidades entrerrianas alcanzadas por la red troncal.<\/p>\n<p><strong>INFRAESTRUCTURA.<\/strong> La red entrerriana se conecta con la Red Federal de Fibra \u00d3ptica (Refefo) que recorre todo el territorio nacional. s\u00f3lo en Entre R\u00edos contempla una inversi\u00f3n superior a los 300 millones de pesos. En marzo del a\u00f1o pasado, el gobernador Sergio Urribarri y el ministro de Planificaci\u00f3n Federal, Julio De Vido, firmaron un convenio en Paran\u00e1 a trav\u00e9s del cual el Estado nacional abri\u00f3 la instancia para la cesi\u00f3n de la parte soterrada en la provincia al Estado entrerriano, para lo cual se planea conformar un organismo que administre esa infraestructura.<br \/>\nB\u00e1ez defini\u00f3 a la red como \u201cuna herramienta fundamental que les mejorar\u00e1 sustancialmente la vida a miles de entrerrianos y, a la vez, ampliar\u00e1 derechos en t\u00e9rminos de acceso a servicios de comunicaci\u00f3n e informaci\u00f3n\u201d y remarc\u00f3 que \u201cesta megaobra, que tambi\u00e9n constituye un paso inmenso en materia de soberan\u00eda, es ejemplo de la modalidad de trabajo que nos inculc\u00f3 nuestro gobernador y que ha sido una de las claves de la transformaci\u00f3n de Entre R\u00edos: Naci\u00f3n, provincia, municipios y sector privado uniendo esfuerzos y alcanzando metas\u201d.<\/p>\n<h3>Beneficios<\/h3>\n<p>Cesar Minni, integrante de la C\u00e1mara Argentina de Peque\u00f1os Proveedores de Internet, y titular de una Pyme que se dedica al rubro telecomunicaciones en Hasenkamp destac\u00f3 la importancia de la llegada de la fibra \u00f3ptica a su localidad y dijo que esto les \u201cabre puertas para poder ofrece un servicio mucho m\u00e1s estable, con mayor capacidad y un mejor precio a todos los ciudadanos. Es inmejorable, porque la puerta de las telecomunicaciones es la posibilidad de que todos puedan acceder al mundo a trav\u00e9s de internet\u201d.<\/p>\n<p>Por su parte, el viceintendente de Hasenkamp, Luis Bianchi, indic\u00f3: \u201cSumar la fibra \u00f3ptica, con lo que implica de adelanto, es muy provechoso y lo queremos valorar. Esta es una oportunidad para nosotros como localidad, que la podemos aprovechar desde lo p\u00fablico u organizaciones no gubernamentales, como desde lo privado. Ni hablar de los hogares. A veces en el interior sufrimos los monopolios, porque no sos un mercado grande y a veces hay una sola firma que te cubre un servicio. Esto en cambio abre el abanico de posibilidades a que puedas elegir y eso hace a una vida m\u00e1s digna de un pueblo\u201d, indic\u00f3.<\/p>\n<h6>Fuente: El Diario<\/h6>\n","protected":false},"excerpt":{"rendered":"<p>La red comprende 1.768 kil\u00f3metros, los que se suman a otros 1.000 que ya estaban desplegados. Con ello se llega a casi 2.800 kil\u00f3metros de fibra \u00f3ptica que brindar\u00e1n servicio a 150 ciudades y pueblos de la provincia. Se trata de una las obras de infraestructura m\u00e1s importantes de la actual gesti\u00f3n de gobierno y<\/p>\n","protected":false},"author":2,"featured_media":25975,"comment_status":"closed","ping_status":"closed","sticky":false,"template":"","format":"standard","meta":{"footnotes":""},"categories":[2],"tags":[17],"class_list":["post-25974","post","type-post","status-publish","format-standard","has-post-thumbnail","hentry","category-informe-municipal","tag-entre-rios"],"_links":{"self":[{"href":"http:\/\/argentinamunicipal.com.ar\/argentina\/wp-json\/wp\/v2\/posts\/25974","targetHints":{"allow":["GET"]}}],"collection":[{"href":"http:\/\/argentinamunicipal.com.ar\/argentina\/wp-json\/wp\/v2\/posts"}],"about":[{"href":"http:\/\/argentinamunicipal.com.ar\/argentina\/wp-json\/wp\/v2\/types\/post"}],"author":[{"embeddable":true,"href":"http:\/\/argentinamunicipal.com.ar\/argentina\/wp-json\/wp\/v2\/users\/2"}],"replies":[{"embeddable":true,"href":"http:\/\/argentinamunicipal.com.ar\/argentina\/wp-json\/wp\/v2\/comments?post=25974"}],"version-history":[{"count":0,"href":"http:\/\/argentinamunicipal.com.ar\/argentina\/wp-json\/wp\/v2\/posts\/25974\/revisions"}],"wp:featuredmedia":[{"embeddable":true,"href":"http:\/\/argentinamunicipal.com.ar\/argentina\/wp-json\/wp\/v2\/media\/25975"}],"wp:attachment":[{"href":"http:\/\/argentinamunicipal.com.ar\/argentina\/wp-json\/wp\/v2\/media?parent=25974"}],"wp:term":[{"taxonomy":"category","embeddable":true,"href":"http:\/\/argentinamunicipal.com.ar\/argentina\/wp-json\/wp\/v2\/categories?post=25974"},{"taxonomy":"post_tag","embeddable":true,"href":"http:\/\/argentinamunicipal.com.ar\/argentina\/wp-json\/wp\/v2\/tags?post=25974"}],"curies":[{"name":"wp","href":"https:\/\/api.w.org\/{rel}","templated":true}]}}