{"id":25980,"date":"2015-03-09T08:41:06","date_gmt":"2015-03-09T11:41:06","guid":{"rendered":"http:\/\/argentinamunicipal.com.ar\/argentina\/?p=25980"},"modified":"2015-03-09T08:41:06","modified_gmt":"2015-03-09T11:41:06","slug":"mas-de-19-mil-candidatos-en-santa-fe","status":"publish","type":"post","link":"http:\/\/argentinamunicipal.com.ar\/argentina\/mas-de-19-mil-candidatos-en-santa-fe\/","title":{"rendered":"M\u00e1s de 19 mil candidatos en Santa Fe"},"content":{"rendered":"<p><a href=\"http:\/\/argentinamunicipal.com.ar\/argentina\/wp-content\/uploads\/2015\/03\/108695_provinciales.jpg\"><img loading=\"lazy\" decoding=\"async\" class=\"alignleft size-full wp-image-25981\" src=\"http:\/\/argentinamunicipal.com.ar\/argentina\/wp-content\/uploads\/2015\/03\/108695_provinciales.jpg\" alt=\"108695_provinciales\" width=\"544\" height=\"293\" srcset=\"http:\/\/argentinamunicipal.com.ar\/argentina\/wp-content\/uploads\/2015\/03\/108695_provinciales.jpg 544w, http:\/\/argentinamunicipal.com.ar\/argentina\/wp-content\/uploads\/2015\/03\/108695_provinciales-300x162.jpg 300w\" sizes=\"auto, (max-width: 544px) 100vw, 544px\" \/><\/a>Para todas las categor\u00edas, se anotaron casi 19 mil candidatos en la provincia para competir en las primarias. Hoy vence el plazo para la oficializaci\u00f3n de listas que arrojar\u00e1 los datos definitivos.<\/p>\n<p>Autoridades y personal de la Secretar\u00eda Electoral de la provincia siguen trabajando en la depuraci\u00f3n de listas y precandidatos presentados antes del 16 de febrero, cuando venci\u00f3 el plazo para cumplimentar ese paso del calendario electoral. Y si bien la repartici\u00f3n tiene hasta hoy para terminar con esa etapa de revisi\u00f3n exhaustiva, El Litoral accedi\u00f3 a algunos datos provisorios del proceso. Por ejemplo, pudo saber que se anotaron en total 18.886 candidatos en la provincia para competir en las pr\u00f3ximas primarias del 19 de abril para todas las categor\u00edas electorales.<\/p>\n<p>El n\u00famero, como se dijo, es provisorio, y podr\u00e1 modificarse -y disminuir- en funci\u00f3n de las bajas que se produzcan a \u00faltimo momento de manera voluntaria, o por decisi\u00f3n del Tribunal Electoral, si es que no se cumplimentan los requisitos exigidos.<\/p>\n<p>Esos casi 19 mil precandidatos est\u00e1n contenidos en 400 expedientes ingresados tambi\u00e9n al filo del cierre de listas. Cada uno de ellos incorpora a la vez diferentes listas, muchas de ellas distritales.<\/p>\n<p>Seg\u00fan pudo confirmar El Litoral, el Frente Para la Victoria, por ejemplo, inscribi\u00f3 129 listas distritales, 8 provinciales y 10 departamentales. El Frente Progresista C\u00edvico y Social anot\u00f3 35 distritales, 29 provinciales y 6 departamentales. Uni\u00f3n PRO Federal registr\u00f3 una lista provincial, 9 distritales y ninguna departamental. Y el Frente Renovador inscribi\u00f3 6 distritales, 6 provinciales y 5 departamentales.<\/p>\n<h3>Por categor\u00eda<\/h3>\n<p>Para la categor\u00eda gobernador y vice, se anotaron antes del cierre de listas diez f\u00f3rmulas: Omar Perotti-Alejandro Ramos por el Frente Justicialista para la Victoria; Miguel Lifschitz-Carlos Fascendini y Mario Barletta-Eugenio Malaponte por el Frente Progresista; Miguel del Sel-Jorge Boasso por Uni\u00f3n PRO Federal; Oscar Mart\u00ednez-Ver\u00f3nica Bar\u00f3 Graf y Eduardo Buzzi-Ra\u00fal Ponce por el Frente Renovador; Omar Arnaldo Palma por el Frente de la Cultura, Educaci\u00f3n y Trabajo (sector liderado por Hugo Moyano); Alejandro Parlante-Mirta Sellar\u00e9s por el Frente Social y Popular; Octavio Crivaro-Alicia Escudero por el Frente de Izquierda y de los Trabajadores, y Ra\u00fal Castell por el Movimiento Independiente de Jubilados y Desocupados.<\/p>\n<p>En tanto, se anotaron 206 listas para la categor\u00eda senadores; 26 listas para la categor\u00eda diputados; 531 para concejales, 260 para intendentes y 754 para la renovaci\u00f3n de comisiones comunales.<\/p>\n<h3>Qu\u00e9 se renueva<\/h3>\n<p>El decreto de convocatoria a elecciones, que tendr\u00e1 su primer cap\u00edtulo el pr\u00f3ximo 19 de abril con las primarias y se completar\u00e1 el 14 de junio con las generales, prev\u00e9 la renovaci\u00f3n de todas las categor\u00edas electorales. Esto es gobernador y vice, 50 diputados titulares y 10 suplentes, 19 senadores e igual n\u00famero de reemplazantes, intendentes en 43 de las 51 municipalidades de la provincia donde se renovar\u00e1n tambi\u00e9n bancas de concejales, y comisiones comunales en 312 comunas de la provincia.<\/p>\n<h3>Justificaci\u00f3n online del no voto<\/h3>\n<p>La Secretar\u00eda Electoral de la provincia dispuso un nuevo sistema online para justificar la eximici\u00f3n del voto en las elecciones primarias del 19 de abril. El tr\u00e1mite, que tambi\u00e9n puede realizarse personalmente, estar\u00e1 habilitado a partir de ma\u00f1ana y hasta 48 horas antes de los comicios.<\/p>\n<p>Seg\u00fan la ley, est\u00e1n eximidos de votar quienes comuniquen en forma fehaciente su voluntad de no participar al Tribunal Electoral y\/o reparticiones que se designen, desde la fecha de convocatoria y hasta 48 horas antes de los comicios.<\/p>\n<p>La novedad este a\u00f1o consiste en que la justificaci\u00f3n puede hacerse a trav\u00e9s de la web (en www.tribunalelectoral.santafe.gov.ar). El nuevo sistema online es opcional y no obligatorio, por lo que aquellos electores que quieran hacer el tr\u00e1mite en forma personal ante autoridad competente podr\u00e1n dirigirse a la sede del Tribunal Electoral (bulevar Pellegrini 2947), o a las oficinas de los centros municipales de Distrito (A. del Valle 9446, Tte. Loza 6970, Gorriti 3900, Blas Parera 5401, General Paz y Hernandarias, bulevar G\u00e1lvez 1150, General L\u00f3pez 3685 y Ruta 1 km 2,7, San Jos\u00e9 del Rinc\u00f3n).<\/p>\n<h3>En cifras<\/h3>\n<p>18.886 candidatos<br \/>\nse anotaron para todas las categor\u00edas, aunque no est\u00e1n oficializados a\u00fan.<br \/>\n206 listas<br \/>\nse presentaron para la categor\u00eda senador, y 26 para la categor\u00eda diputados.<br \/>\n260 listas<br \/>\nse presentaron para la categor\u00eda intendentes, y 531 para la categor\u00eda concejales.<br \/>\n754 listas<br \/>\nse presentaron para renovar comisiones comunales en toda la provincia.<\/p>\n<h6>Fuente: Sin Mordaza<\/h6>\n","protected":false},"excerpt":{"rendered":"<p>Para todas las categor\u00edas, se anotaron casi 19 mil candidatos en la provincia para competir en las primarias. Hoy vence el plazo para la oficializaci\u00f3n de listas que arrojar\u00e1 los datos definitivos. Autoridades y personal de la Secretar\u00eda Electoral de la provincia siguen trabajando en la depuraci\u00f3n de listas y precandidatos presentados antes del 16<\/p>\n","protected":false},"author":2,"featured_media":25981,"comment_status":"closed","ping_status":"closed","sticky":false,"template":"","format":"standard","meta":{"footnotes":""},"categories":[4],"tags":[10],"class_list":["post-25980","post","type-post","status-publish","format-standard","has-post-thumbnail","hentry","category-informe-politico","tag-santa-fe"],"_links":{"self":[{"href":"http:\/\/argentinamunicipal.com.ar\/argentina\/wp-json\/wp\/v2\/posts\/25980","targetHints":{"allow":["GET"]}}],"collection":[{"href":"http:\/\/argentinamunicipal.com.ar\/argentina\/wp-json\/wp\/v2\/posts"}],"about":[{"href":"http:\/\/argentinamunicipal.com.ar\/argentina\/wp-json\/wp\/v2\/types\/post"}],"author":[{"embeddable":true,"href":"http:\/\/argentinamunicipal.com.ar\/argentina\/wp-json\/wp\/v2\/users\/2"}],"replies":[{"embeddable":true,"href":"http:\/\/argentinamunicipal.com.ar\/argentina\/wp-json\/wp\/v2\/comments?post=25980"}],"version-history":[{"count":0,"href":"http:\/\/argentinamunicipal.com.ar\/argentina\/wp-json\/wp\/v2\/posts\/25980\/revisions"}],"wp:featuredmedia":[{"embeddable":true,"href":"http:\/\/argentinamunicipal.com.ar\/argentina\/wp-json\/wp\/v2\/media\/25981"}],"wp:attachment":[{"href":"http:\/\/argentinamunicipal.com.ar\/argentina\/wp-json\/wp\/v2\/media?parent=25980"}],"wp:term":[{"taxonomy":"category","embeddable":true,"href":"http:\/\/argentinamunicipal.com.ar\/argentina\/wp-json\/wp\/v2\/categories?post=25980"},{"taxonomy":"post_tag","embeddable":true,"href":"http:\/\/argentinamunicipal.com.ar\/argentina\/wp-json\/wp\/v2\/tags?post=25980"}],"curies":[{"name":"wp","href":"https:\/\/api.w.org\/{rel}","templated":true}]}}