{"id":26029,"date":"2015-03-09T09:48:01","date_gmt":"2015-03-09T12:48:01","guid":{"rendered":"http:\/\/argentinamunicipal.com.ar\/argentina\/?p=26029"},"modified":"2015-03-09T09:48:01","modified_gmt":"2015-03-09T12:48:01","slug":"ministros-y-referentes-de-turismo-de-todo-el-pais-se-concentraran-en-parana","status":"publish","type":"post","link":"http:\/\/argentinamunicipal.com.ar\/argentina\/ministros-y-referentes-de-turismo-de-todo-el-pais-se-concentraran-en-parana\/","title":{"rendered":"Ministros y referentes de turismo de todo el pa\u00eds se concentrar\u00e1n en Paran\u00e1"},"content":{"rendered":"<p><a href=\"http:\/\/argentinamunicipal.com.ar\/argentina\/wp-content\/uploads\/2015\/03\/1277466471.jpg\"><img loading=\"lazy\" decoding=\"async\" class=\"aligncenter size-full wp-image-26030\" src=\"http:\/\/argentinamunicipal.com.ar\/argentina\/wp-content\/uploads\/2015\/03\/1277466471.jpg\" alt=\"1277466471\" width=\"640\" height=\"480\" srcset=\"http:\/\/argentinamunicipal.com.ar\/argentina\/wp-content\/uploads\/2015\/03\/1277466471.jpg 640w, http:\/\/argentinamunicipal.com.ar\/argentina\/wp-content\/uploads\/2015\/03\/1277466471-300x225.jpg 300w\" sizes=\"auto, (max-width: 640px) 100vw, 640px\" \/><\/a><\/p>\n<p>En el marco de la 129\u00ba Asamblea del Consejo Federal de Turismo (CFT), autoridades de turismo de todo el pa\u00eds se reunir\u00e1n en Paran\u00e1 los d\u00edas 12 y 13 de marzo \u00b7 En el evento, que ser\u00e1 encabezado por el ministro nacional Enrique Meyer, abordar\u00e1n diversos temas que incluir\u00e1 la presentaci\u00f3n de las pr\u00f3ximas acciones a desarrollar en las diversas regiones<\/p>\n<p>Los d\u00edas 12 y 13 de marzo se realizar\u00e1 en la capital entrerriana la 129\u00b0 Asamblea del Consejo Federal de Turismo (CFT), donde los principales actores del Turismo de todo el pa\u00eds, realizaran un balance de las acciones realizadas y se delinear\u00e1n las metas de trabajo para el 2015.<\/p>\n<p>En esta edici\u00f3n de la Asamblea se firmar\u00e1 el Convenio Cuadripartito de Ampliaci\u00f3n de Encuesta de Ocupaci\u00f3n Hotelera (EOH); el Acta de Adhesi\u00f3n del Gobierno de la Provincia de Entre R\u00edos al C\u00f3digo de Conducta Nacional para la Protecci\u00f3n de los derechos de Ni\u00f1as, Ni\u00f1os y Adolescentes \u2013 Prevenci\u00f3n de la Explotaci\u00f3n Sexual, Laboral y la Trata; y la entrega de distinciones del Sistema Argentino de Calidad Tur\u00edstica.<\/p>\n<h3>Mejora de servicios entrerrianos<\/h3>\n<p>Con el objetivo de continuar mejorando la calidad de los servicios tur\u00edsticos entrerrianos, para 2015 el gobierno provincial solicit\u00f3 la aplicaci\u00f3n de ocho programas del Sistema Argentino de Calidad Tur\u00edstica (SACT). En ese sentido, el Ministerio de Turismo Naci\u00f3n entregar\u00e1 17 distinciones del SACT a 16 prestadores entrerrianos y un organismo p\u00fablico y dos certificados de rev\u00e1lidas. De las mismas, ocho pertenecen a Directrices de Calidad en Gesti\u00f3n Ambiental; una a Normas Iram Sectur; siete a Directrices en Accesibilidad y un Premio Nacional de Calidad al Ministerio de Turismo de Entre R\u00edos.<\/p>\n<h3>Convenio y c\u00f3digo<\/h3>\n<p>En cuanto a la firma del convenio Cuadripartito de Ampliaci\u00f3n de Encuesta de Ocupaci\u00f3n Hotelera, se incorporar\u00e1 en Entre R\u00edos la Encuesta de Ocupaci\u00f3n Hotelera en Federaci\u00f3n, Concordia, Col\u00f3n y Victoria, relev\u00e1ndose as\u00ed seis destinos tur\u00edsticos entrerrianos. Esta ampliaci\u00f3n permitir\u00e1 tener mejores datos del movimiento tur\u00edstico que afiancen la toma de decisiones en materia de pol\u00edtica tur\u00edstica.<\/p>\n<p>A su vez, la adhesi\u00f3n al C\u00f3digo de Conducta Nacional para la Protecci\u00f3n de los derechos de Ni\u00f1as, Ni\u00f1os y Adolescentes \u2013 Prevenci\u00f3n de la Explotaci\u00f3n Sexual, Laboral y la Trata, permitir\u00e1 trabajar en conjunto con las C\u00e1maras de Turismo y sector privado en el compromiso de difundir derechos que asisten a ni\u00f1as, ni\u00f1os y adolescentes; de cooperar para la formaci\u00f3n de todos los actores afectados a la actividad tur\u00edstica respecto al abordaje de la tem\u00e1tica; de trabajar para la sensibilizaci\u00f3n de actores, turistas y anfitriones respecto a las buenas pr\u00e1cticas necesarias para la prevenci\u00f3n de estas conductas delictivas.<\/p>\n<h3>Consejo Federal de Turismo<\/h3>\n<p>El Consejo Federal de Turismo se cre\u00f3 por ley nacional N\u00ba 25.997, y tiene como finalidad examinar y pronunciarse sobre cuestiones referentes a la organizaci\u00f3n, coordinaci\u00f3n, planificaci\u00f3n, promoci\u00f3n, legislaci\u00f3n y estrategias de las actividades tur\u00edsticas de car\u00e1cter federal. Est\u00e1 conformado por un representante del ministerio de Turismo de la Naci\u00f3n y los funcionarios titulares de los organismos oficiales de Turismo de cada provincia y de la ciudad aut\u00f3noma de Buenos Aires.<\/p>\n<p>Adem\u00e1s, participan activamente del CFT representantes del sector privado, a trav\u00e9s de Oscar Ghezzi presidente de la C\u00e1mara Argentina de Turismo y Mariano Recalde, por Aerol\u00edneas Argentina S.A, en su car\u00e1cter de aerol\u00ednea de bandera; el presidente de Parques Nacionales, Carlos Corval\u00e1n y otras autoridades del diversos sectores relacionados al turismo.<\/p>\n<h6>Fuente: APF Digital<\/h6>\n","protected":false},"excerpt":{"rendered":"<p>En el marco de la 129\u00ba Asamblea del Consejo Federal de Turismo (CFT), autoridades de turismo de todo el pa\u00eds se reunir\u00e1n en Paran\u00e1 los d\u00edas 12 y 13 de marzo \u00b7 En el evento, que ser\u00e1 encabezado por el ministro nacional Enrique Meyer, abordar\u00e1n diversos temas que incluir\u00e1 la presentaci\u00f3n de las pr\u00f3ximas acciones<\/p>\n","protected":false},"author":2,"featured_media":26030,"comment_status":"closed","ping_status":"closed","sticky":false,"template":"","format":"standard","meta":{"footnotes":""},"categories":[2],"tags":[17],"class_list":["post-26029","post","type-post","status-publish","format-standard","has-post-thumbnail","hentry","category-informe-municipal","tag-entre-rios"],"_links":{"self":[{"href":"http:\/\/argentinamunicipal.com.ar\/argentina\/wp-json\/wp\/v2\/posts\/26029","targetHints":{"allow":["GET"]}}],"collection":[{"href":"http:\/\/argentinamunicipal.com.ar\/argentina\/wp-json\/wp\/v2\/posts"}],"about":[{"href":"http:\/\/argentinamunicipal.com.ar\/argentina\/wp-json\/wp\/v2\/types\/post"}],"author":[{"embeddable":true,"href":"http:\/\/argentinamunicipal.com.ar\/argentina\/wp-json\/wp\/v2\/users\/2"}],"replies":[{"embeddable":true,"href":"http:\/\/argentinamunicipal.com.ar\/argentina\/wp-json\/wp\/v2\/comments?post=26029"}],"version-history":[{"count":0,"href":"http:\/\/argentinamunicipal.com.ar\/argentina\/wp-json\/wp\/v2\/posts\/26029\/revisions"}],"wp:featuredmedia":[{"embeddable":true,"href":"http:\/\/argentinamunicipal.com.ar\/argentina\/wp-json\/wp\/v2\/media\/26030"}],"wp:attachment":[{"href":"http:\/\/argentinamunicipal.com.ar\/argentina\/wp-json\/wp\/v2\/media?parent=26029"}],"wp:term":[{"taxonomy":"category","embeddable":true,"href":"http:\/\/argentinamunicipal.com.ar\/argentina\/wp-json\/wp\/v2\/categories?post=26029"},{"taxonomy":"post_tag","embeddable":true,"href":"http:\/\/argentinamunicipal.com.ar\/argentina\/wp-json\/wp\/v2\/tags?post=26029"}],"curies":[{"name":"wp","href":"https:\/\/api.w.org\/{rel}","templated":true}]}}