{"id":26047,"date":"2015-03-09T10:16:27","date_gmt":"2015-03-09T13:16:27","guid":{"rendered":"http:\/\/argentinamunicipal.com.ar\/argentina\/?p=26047"},"modified":"2015-04-24T10:26:18","modified_gmt":"2015-04-24T13:26:18","slug":"alicia-kirchner-lanzo-la-campana-nacional-no-queremos-flores","status":"publish","type":"post","link":"http:\/\/argentinamunicipal.com.ar\/argentina\/alicia-kirchner-lanzo-la-campana-nacional-no-queremos-flores\/","title":{"rendered":"Alicia Kirchner lanz\u00f3 la campa\u00f1a nacional \u00abNo Queremos Flores\u00bb"},"content":{"rendered":"<p>La ministra de Desarrollo Social hizo el lanzamiento de una campa\u00f1a que busca concientizar sobre los derechos de las mujeres en el marco de su D\u00eda Internacional.<\/p>\n<p>El evento se realiz\u00f3 ayer a trav\u00e9s de una teleconferencia con el Club Echag\u00fce de Paran\u00e1, donde participaron miles de mujeres que integran los programas nacionales Argentina Trabaja y Ellas Hacen, el vicegobernador, Jos\u00e9 C\u00e1ceres; la intendenta de Paran\u00e1, Blanca Osuna, junto a senadores nacionales y ministros y funcionarios provinciales.<\/p>\n<p>La funcionaria mencion\u00f3 que a partir de 2003, con la asunci\u00f3n del ex presidente de la Naci\u00f3n, N\u00e9stor Kirchner, \u00abse volvi\u00f3 a tener justicia social, y esta pol\u00edtica continu\u00f3 con la presidenta Cristina\u00bb.<\/p>\n<p>Los programas Argentina Trabaja y Ellas Hacen \u00abson una enorme oportunidad para transformar la vida\u201d, asegur\u00f3 la ministra nacional durante la videoconferencia a trav\u00e9s de la que se registr\u00f3 la firma de un convenio que garantiza los estudios secundarios a beneficiarios del Programa Ingreso Social con Trabajo y Argentina Trabaja.<\/p>\n<p>\u00abLas inversiones que se hacen en cada lugar del pa\u00eds son permanentes y de manera ininterrumpida\u00bb, indic\u00f3 Kirchner, al tiempo que asegur\u00f3 que \u00abse ha aumentado 31 veces el presupuesto respecto de 2003\u00bb.<\/p>\n<p>\u00abHay un Estado presente, estamos en cada provincia, trabajando en cada localidad, como nunca se hab\u00eda hecho, salvo en la \u00e9poca de Evita\u00bb, remarc\u00f3 la funcionaria nacional.<\/p>\n<p>Por su parte, el vicegobernador entrerriano, Jos\u00e9 C\u00e1ceres, dijo que estos programas \u00abponen a la mujer como protagonista, la valoran, y ofrecen trabajo que llevan adelante con una valent\u00eda enorme\u00bb.<\/p>\n<p>\u00abEsto era algo inimaginable hace unos a\u00f1os y hoy hasta tenemos compa\u00f1eras conduciendo obras de construcci\u00f3n, obras p\u00fablicas, licitaciones, lo que es un orgullo para ustedes y para nosotros\u00bb, resalt\u00f3 C\u00e1ceres ante miles de mujeres entrerrianas.<\/p>\n<p>\u00abLa conquista lograda por Evita del voto femenino y la participaci\u00f3n de la mujer, es algo por lo cual hoy tenemos compa\u00f1eras que trabajan por todos, como una presidenta y una intendenta\u00bb, record\u00f3 C\u00e1ceres, a cuyo lado estaba justamente Osuna.<\/p>\n<h6>Fuente: T\u00e9lam<\/h6>\n","protected":false},"excerpt":{"rendered":"<p>La ministra de Desarrollo Social hizo el lanzamiento de una campa\u00f1a que busca concientizar sobre los derechos de las mujeres en el marco de su D\u00eda Internacional. El evento se realiz\u00f3 ayer a trav\u00e9s de una teleconferencia con el Club Echag\u00fce de Paran\u00e1, donde participaron miles de mujeres que integran los programas nacionales Argentina Trabaja<\/p>\n","protected":false},"author":2,"featured_media":26048,"comment_status":"closed","ping_status":"closed","sticky":false,"template":"","format":"standard","meta":{"footnotes":""},"categories":[2],"tags":[21],"class_list":["post-26047","post","type-post","status-publish","format-standard","has-post-thumbnail","hentry","category-informe-municipal","tag-argentina"],"_links":{"self":[{"href":"http:\/\/argentinamunicipal.com.ar\/argentina\/wp-json\/wp\/v2\/posts\/26047","targetHints":{"allow":["GET"]}}],"collection":[{"href":"http:\/\/argentinamunicipal.com.ar\/argentina\/wp-json\/wp\/v2\/posts"}],"about":[{"href":"http:\/\/argentinamunicipal.com.ar\/argentina\/wp-json\/wp\/v2\/types\/post"}],"author":[{"embeddable":true,"href":"http:\/\/argentinamunicipal.com.ar\/argentina\/wp-json\/wp\/v2\/users\/2"}],"replies":[{"embeddable":true,"href":"http:\/\/argentinamunicipal.com.ar\/argentina\/wp-json\/wp\/v2\/comments?post=26047"}],"version-history":[{"count":0,"href":"http:\/\/argentinamunicipal.com.ar\/argentina\/wp-json\/wp\/v2\/posts\/26047\/revisions"}],"wp:featuredmedia":[{"embeddable":true,"href":"http:\/\/argentinamunicipal.com.ar\/argentina\/wp-json\/wp\/v2\/media\/26048"}],"wp:attachment":[{"href":"http:\/\/argentinamunicipal.com.ar\/argentina\/wp-json\/wp\/v2\/media?parent=26047"}],"wp:term":[{"taxonomy":"category","embeddable":true,"href":"http:\/\/argentinamunicipal.com.ar\/argentina\/wp-json\/wp\/v2\/categories?post=26047"},{"taxonomy":"post_tag","embeddable":true,"href":"http:\/\/argentinamunicipal.com.ar\/argentina\/wp-json\/wp\/v2\/tags?post=26047"}],"curies":[{"name":"wp","href":"https:\/\/api.w.org\/{rel}","templated":true}]}}