{"id":26088,"date":"2015-03-10T08:24:06","date_gmt":"2015-03-10T11:24:06","guid":{"rendered":"http:\/\/argentinamunicipal.com.ar\/argentina\/?p=26088"},"modified":"2015-03-10T08:24:06","modified_gmt":"2015-03-10T11:24:06","slug":"la-estacion-de-trenes-de-salta-sera-remodelada-en-un-esfuerzo-conjunto-entre-nacion-y-municipio","status":"publish","type":"post","link":"http:\/\/argentinamunicipal.com.ar\/argentina\/la-estacion-de-trenes-de-salta-sera-remodelada-en-un-esfuerzo-conjunto-entre-nacion-y-municipio\/","title":{"rendered":"La estaci\u00f3n de trenes de Salta ser\u00e1 remodelada en un esfuerzo conjunto entre naci\u00f3n y municipio"},"content":{"rendered":"<p><a href=\"http:\/\/argentinamunicipal.com.ar\/argentina\/wp-content\/uploads\/2015\/03\/guemes.jpg\"><img loading=\"lazy\" decoding=\"async\" class=\"aligncenter size-full wp-image-26089\" src=\"http:\/\/argentinamunicipal.com.ar\/argentina\/wp-content\/uploads\/2015\/03\/guemes.jpg\" alt=\"guemes\" width=\"750\" height=\"433\" srcset=\"http:\/\/argentinamunicipal.com.ar\/argentina\/wp-content\/uploads\/2015\/03\/guemes.jpg 750w, http:\/\/argentinamunicipal.com.ar\/argentina\/wp-content\/uploads\/2015\/03\/guemes-300x173.jpg 300w\" sizes=\"auto, (max-width: 750px) 100vw, 750px\" \/><\/a><br \/>\nJunto a t\u00e9cnicos del Ministerio del Interior y Transporte, el intendente Miguel Isa recorri\u00f3 las instalaciones y dialog\u00f3 con el personal. Estas acciones son el puntapi\u00e9 inicial para la puesta en valor del edificio.<\/p>\n<p>Esta tarde, el intendente Miguel Isa, recorri\u00f3 la Estaci\u00f3n de Trenes Salta junto al equipo de t\u00e9cnicos del Ministerio del Interior y Transporte de la Naci\u00f3n encabezado por Alejandro Biancosini. La visita representa el puntapi\u00e9 inicial de los trabajos de remodelaci\u00f3n y puesta en valor del edificio, que se concretar\u00e1n mediante un plan federal llevado a cabo en diferentes puntos del pa\u00eds.<\/p>\n<p>Una vez finalizada la recorrida, y tras dialogar con los representantes nacionales y trabajadores del lugar, Isa resalt\u00f3 que \u201cel constante contacto del ministro Florencio Randazzo, permiti\u00f3 mancomunar esfuerzos a fin de alcanzar la recuperaci\u00f3n de un lugar tur\u00edstico muy importante de la ciudad, tan significativo y hermoso como lo es la estaci\u00f3n de ferrocarriles capitalina\u201d.<\/p>\n<p>Luego, el intendente anticip\u00f3 que \u201cel espacio ferroviario ser\u00e1 recuperado, tal como sucede en muchos edificios hist\u00f3ricos de la ciudad. Adem\u00e1s de contar con un edificio renovado, significar\u00e1 tambi\u00e9n un beneficio para el sector tur\u00edstico y comercial, ya que sumar\u00e1 atractivo a un lugar tan concurrido como es el corredor de calle Balcarce\u201d.<\/p>\n<h3>Lo que sigue<\/h3>\n<p>El delegado t\u00e9cnico del Ministerio del Interior, Alejandro Biancosini, adelant\u00f3 que tras haber realizado los primeros relevamientos, comenzar\u00e1n a dialogar con las empresas que se har\u00e1n cargo de las tareas de remodelaci\u00f3n y embellecimiento de la estaci\u00f3n.<\/p>\n<p>\u201cPor medio del plan federal de recuperaci\u00f3n de edificios hist\u00f3ricos que impulsa el gobierno nacional, estamos llevando a cabo muchas restauraciones a lo largo y ancho del pa\u00eds\u201d, afirm\u00f3 el funcionario, para luego acotar que los trabajos planificados para la terminal salte\u00f1a, representan los de mayor envergadura en el pa\u00eds. \u201cPor todo lo que significa es gratificante que el intendente nos acompa\u00f1e en este desaf\u00edo\u201d, finaliz\u00f3 Biancosini.<\/p>\n<h6>Fuente: La Hora de Salta<\/h6>\n","protected":false},"excerpt":{"rendered":"<p>Junto a t\u00e9cnicos del Ministerio del Interior y Transporte, el intendente Miguel Isa recorri\u00f3 las instalaciones y dialog\u00f3 con el personal. Estas acciones son el puntapi\u00e9 inicial para la puesta en valor del edificio. Esta tarde, el intendente Miguel Isa, recorri\u00f3 la Estaci\u00f3n de Trenes Salta junto al equipo de t\u00e9cnicos del Ministerio del Interior<\/p>\n","protected":false},"author":2,"featured_media":26089,"comment_status":"closed","ping_status":"closed","sticky":false,"template":"","format":"standard","meta":{"footnotes":""},"categories":[2],"tags":[9],"class_list":["post-26088","post","type-post","status-publish","format-standard","has-post-thumbnail","hentry","category-informe-municipal","tag-salta"],"_links":{"self":[{"href":"http:\/\/argentinamunicipal.com.ar\/argentina\/wp-json\/wp\/v2\/posts\/26088","targetHints":{"allow":["GET"]}}],"collection":[{"href":"http:\/\/argentinamunicipal.com.ar\/argentina\/wp-json\/wp\/v2\/posts"}],"about":[{"href":"http:\/\/argentinamunicipal.com.ar\/argentina\/wp-json\/wp\/v2\/types\/post"}],"author":[{"embeddable":true,"href":"http:\/\/argentinamunicipal.com.ar\/argentina\/wp-json\/wp\/v2\/users\/2"}],"replies":[{"embeddable":true,"href":"http:\/\/argentinamunicipal.com.ar\/argentina\/wp-json\/wp\/v2\/comments?post=26088"}],"version-history":[{"count":0,"href":"http:\/\/argentinamunicipal.com.ar\/argentina\/wp-json\/wp\/v2\/posts\/26088\/revisions"}],"wp:featuredmedia":[{"embeddable":true,"href":"http:\/\/argentinamunicipal.com.ar\/argentina\/wp-json\/wp\/v2\/media\/26089"}],"wp:attachment":[{"href":"http:\/\/argentinamunicipal.com.ar\/argentina\/wp-json\/wp\/v2\/media?parent=26088"}],"wp:term":[{"taxonomy":"category","embeddable":true,"href":"http:\/\/argentinamunicipal.com.ar\/argentina\/wp-json\/wp\/v2\/categories?post=26088"},{"taxonomy":"post_tag","embeddable":true,"href":"http:\/\/argentinamunicipal.com.ar\/argentina\/wp-json\/wp\/v2\/tags?post=26088"}],"curies":[{"name":"wp","href":"https:\/\/api.w.org\/{rel}","templated":true}]}}