{"id":2613,"date":"2014-03-03T08:00:36","date_gmt":"2014-03-03T11:00:36","guid":{"rendered":"http:\/\/argentinamunicipal.com.ar\/argentina\/?p=2613"},"modified":"2014-03-01T21:12:08","modified_gmt":"2014-03-02T00:12:08","slug":"la-termoelectrica-rio-turbio-esta-casi-terminada","status":"publish","type":"post","link":"http:\/\/argentinamunicipal.com.ar\/argentina\/la-termoelectrica-rio-turbio-esta-casi-terminada\/","title":{"rendered":"La termoel\u00e9ctrica R\u00edo Turbio est\u00e1 casi terminada"},"content":{"rendered":"<div id=\"attachment_2614\" style=\"width: 470px\" class=\"wp-caption alignright\"><a href=\"http:\/\/argentinamunicipal.com.ar\/argentina\/wp-content\/uploads\/2014\/03\/248453_thumb.jpg\"><img loading=\"lazy\" decoding=\"async\" aria-describedby=\"caption-attachment-2614\" class=\"size-full wp-image-2614\" alt=\"$6.000 millones de inversi\u00f3n. 240 MgW de nueva energ\u00eda.\" src=\"http:\/\/argentinamunicipal.com.ar\/argentina\/wp-content\/uploads\/2014\/03\/248453_thumb.jpg\" width=\"460\" height=\"258\" srcset=\"http:\/\/argentinamunicipal.com.ar\/argentina\/wp-content\/uploads\/2014\/03\/248453_thumb.jpg 460w, http:\/\/argentinamunicipal.com.ar\/argentina\/wp-content\/uploads\/2014\/03\/248453_thumb-300x168.jpg 300w\" sizes=\"auto, (max-width: 460px) 100vw, 460px\" \/><\/a><p id=\"caption-attachment-2614\" class=\"wp-caption-text\">$6.000 millones de inversi\u00f3n. 240 MgW de nueva energ\u00eda.<\/p><\/div>\n<p>La construcci\u00f3n de la Central Termoel\u00e9ctrica de R\u00edo Turbio registra un avance del 90% y comenzar\u00e1 con las primeras pruebas de funcionamiento en diciembre pr\u00f3ximo.<\/p>\n<p>La central tendr\u00e1 una capacidad de generaci\u00f3n de 240 megavatios y una provisi\u00f3n garantizada de carb\u00f3n de 1,2 millones de toneladas por a\u00f1o a cargo de la empresa estatal Yacimientos Carbon\u00edferos R\u00edo Turbio (YCRT) para su funcionamiento.<\/p>\n<p>La obra, impulsada por el Ministerio de Planificaci\u00f3n Federal de la Naci\u00f3n, demand\u00f3 una inversi\u00f3n de 6.000 millones de pesos y emplea actualmente a 1.500 trabajadores de la regi\u00f3n y de otros puntos del pa\u00eds.<\/p>\n<p>\u00abEs una de las obras m\u00e1s importantes de Latinoam\u00e9rica que viene a poner en valor el carb\u00f3n y genera en la regi\u00f3n un movimiento muy importante\u00bb, dijo a T\u00e9lam el intendente de R\u00edo Turbio, Mat\u00edas Maz\u00fa, durante una visita realizada a la usina termoel\u00e9ctrica.<\/p>\n<p>La obra, a cargo de la empresa espa\u00f1ola Isolux Cors\u00e1n, presenta un alto grado de avance que, seg\u00fan los ejecutivos de la firma, ya alcanza al 90% y permitir\u00eda comenzar con las primeras pruebas de generaci\u00f3n de energ\u00eda en diciembre de este a\u00f1o.<\/p>\n<p>La obra cuenta con la \u00faltima tecnolog\u00eda a nivel mundial y permitir\u00e1 inyectar 240 MW al Sistema Interconectado Nacional, lo que posibilitar\u00e1 abastecer de energ\u00eda el\u00e9ctrica a 600.000 personas por d\u00eda, una cantidad equivalente al doble de la poblaci\u00f3n de la provincia de Santa Cruz.<\/p>\n<p>La construcci\u00f3n y posterior puesta en marcha de la usina viene a coronar el proceso de renacionalizaci\u00f3n de Yacimientos Carbon\u00edferos R\u00edo Turbio (YCRT) tras su concesi\u00f3n a manos privadas durante la d\u00e9cada del `90.<\/p>\n<p>Seg\u00fan indic\u00f3 a T\u00e9lam el gerente de explotaci\u00f3n de YCRT, Fernando Lisse, la mina se encuentra en plena etapa de expansi\u00f3n y ya alberga reservas de carb\u00f3n por un mill\u00f3n de toneladas, cantidad suficiente para abastecer por un a\u00f1o la generaci\u00f3n de energ\u00eda de la central.<\/p>\n<p>\u00abPor primeva vez la Patagonia va a estar interconectada al resto del pa\u00eds\u00bb, afirm\u00f3 Lisse, quien subray\u00f3 adem\u00e1s la importancia de la obra al considerar que \u00abno se puede pensar en la reconversi\u00f3n de la matriz productiva sin energ\u00eda\u00bb.<\/p>\n<p>En los c\u00e1lculos de YCRT, a fin de a\u00f1o la mina habr\u00e1 acumulado reservas de carb\u00f3n para dos a\u00f1os de producci\u00f3n energ\u00e9tica y se espera que a fines de 2015 se alcancen 4,5 millones de toneladas anuales del mineral.<\/p>\n<h6>Fuente: Diario Jornada<\/h6>\n","protected":false},"excerpt":{"rendered":"<p>La construcci\u00f3n de la Central Termoel\u00e9ctrica de R\u00edo Turbio registra un avance del 90% y comenzar\u00e1 con las primeras pruebas de funcionamiento en diciembre pr\u00f3ximo. La central tendr\u00e1 una capacidad de generaci\u00f3n de 240 megavatios y una provisi\u00f3n garantizada de carb\u00f3n de 1,2 millones de toneladas por a\u00f1o a cargo de la empresa estatal Yacimientos<\/p>\n","protected":false},"author":2,"featured_media":2614,"comment_status":"closed","ping_status":"closed","sticky":false,"template":"","format":"standard","meta":{"footnotes":""},"categories":[8],"tags":[21],"class_list":["post-2613","post","type-post","status-publish","format-standard","has-post-thumbnail","hentry","category-informe-nacional","tag-argentina"],"_links":{"self":[{"href":"http:\/\/argentinamunicipal.com.ar\/argentina\/wp-json\/wp\/v2\/posts\/2613","targetHints":{"allow":["GET"]}}],"collection":[{"href":"http:\/\/argentinamunicipal.com.ar\/argentina\/wp-json\/wp\/v2\/posts"}],"about":[{"href":"http:\/\/argentinamunicipal.com.ar\/argentina\/wp-json\/wp\/v2\/types\/post"}],"author":[{"embeddable":true,"href":"http:\/\/argentinamunicipal.com.ar\/argentina\/wp-json\/wp\/v2\/users\/2"}],"replies":[{"embeddable":true,"href":"http:\/\/argentinamunicipal.com.ar\/argentina\/wp-json\/wp\/v2\/comments?post=2613"}],"version-history":[{"count":0,"href":"http:\/\/argentinamunicipal.com.ar\/argentina\/wp-json\/wp\/v2\/posts\/2613\/revisions"}],"wp:featuredmedia":[{"embeddable":true,"href":"http:\/\/argentinamunicipal.com.ar\/argentina\/wp-json\/wp\/v2\/media\/2614"}],"wp:attachment":[{"href":"http:\/\/argentinamunicipal.com.ar\/argentina\/wp-json\/wp\/v2\/media?parent=2613"}],"wp:term":[{"taxonomy":"category","embeddable":true,"href":"http:\/\/argentinamunicipal.com.ar\/argentina\/wp-json\/wp\/v2\/categories?post=2613"},{"taxonomy":"post_tag","embeddable":true,"href":"http:\/\/argentinamunicipal.com.ar\/argentina\/wp-json\/wp\/v2\/tags?post=2613"}],"curies":[{"name":"wp","href":"https:\/\/api.w.org\/{rel}","templated":true}]}}