{"id":26133,"date":"2015-03-10T08:00:29","date_gmt":"2015-03-10T11:00:29","guid":{"rendered":"http:\/\/argentinamunicipal.com.ar\/argentina\/?p=26133"},"modified":"2015-03-10T09:35:48","modified_gmt":"2015-03-10T12:35:48","slug":"hay-mas-de-medio-metro-de-agua-sobre-el-puente-de-carcarana","status":"publish","type":"post","link":"http:\/\/argentinamunicipal.com.ar\/argentina\/hay-mas-de-medio-metro-de-agua-sobre-el-puente-de-carcarana\/","title":{"rendered":"Hay m\u00e1s de medio metro de agua sobre el puente de Carcara\u00f1\u00e1"},"content":{"rendered":"<div id=\"attachment_26134\" style=\"width: 631px\" class=\"wp-caption aligncenter\"><a href=\"http:\/\/argentinamunicipal.com.ar\/argentina\/wp-content\/uploads\/2015\/03\/03-10-LR1601-.jpg_88717827-1.jpg\"><img loading=\"lazy\" decoding=\"async\" aria-describedby=\"caption-attachment-26134\" class=\"size-full wp-image-26134\" src=\"http:\/\/argentinamunicipal.com.ar\/argentina\/wp-content\/uploads\/2015\/03\/03-10-LR1601-.jpg_88717827-1.jpg\" alt=\"Hay m\u00e1s de medio metro de agua sobre el puente de Carcara\u00f1\u00e1\" width=\"621\" height=\"465\" srcset=\"http:\/\/argentinamunicipal.com.ar\/argentina\/wp-content\/uploads\/2015\/03\/03-10-LR1601-.jpg_88717827-1.jpg 621w, http:\/\/argentinamunicipal.com.ar\/argentina\/wp-content\/uploads\/2015\/03\/03-10-LR1601-.jpg_88717827-1-300x225.jpg 300w\" sizes=\"auto, (max-width: 621px) 100vw, 621px\" \/><\/a><p id=\"caption-attachment-26134\" class=\"wp-caption-text\">Hay m\u00e1s de medio metro de agua sobre el puente de Carcara\u00f1\u00e1<\/p><\/div>\n<p>Ya comenzaron a evacuar a familias del barrio Formose\u00f1o, un asentamiento ubicado muy cerca del cauce del r\u00edo. La autopista a Santa Fe est\u00e1 habilitada para veh\u00edculos livianos y de pasajeros<\/p>\n<p>&nbsp;<\/p>\n<p>La crecida del r\u00edo Carcara\u00f1\u00e1 sigue en aumento y podr\u00eda seguir subiendo. El corte se inici\u00f3 hace una semana y ayer el agua super\u00f3 50 cent\u00edmetros al puente de la ruta 9, ubicado entre Carcara\u00f1\u00e1 y Correa, que permanecer\u00e1 cortado por un largo tiempo. Asimismo, el municipio comenz\u00f3 ayer a evacuar a familias del barrio Formose\u00f1o, asentamiento ubicado muy cerca del cauce del r\u00edo.<\/p>\n<p>Por otra parte, en la autopista Rosario-Santa Fe se habilit\u00f3 el paso de veh\u00edculos livianos y de pasajeros. Se debe circular con precauci\u00f3n en el sentido de Santa Fe a Rosario debido a que se est\u00e1 trabajando en la reparaci\u00f3n de la baranda del puente y s\u00f3lo se transita por un carril.<\/p>\n<p>En lo que respecta a la ruta 11 se dijo que entre el jueves y el viernes quedar\u00e1 habilitado el puente tipo Bailey, de 30 metros de longitud, que se instalar\u00e1 a la altura de arroyo Tercer Coronda para que circulen por \u00e9l, el tr\u00e1nsito liviano y colectivos de media distancia.<\/p>\n<p><strong>Bonfatti, en la Rosada<\/strong>. Ante los diversos casos de inundaciones en gran parte de la provincia, se confirm\u00f3 durante la tarde de ayer que el gobernador del provincia, Antonio Bonfatti, ser\u00e1 recibido hoy a las 16 por el ministro del Interior y Transporte de la Naci\u00f3n, Florencio Randazzo, y a las 17 se reunir\u00e1 con Alberto Fern\u00e1ndez en la Casa Rosada. El gobernador pedir\u00e1 ayuda a la Naci\u00f3n para afrontar las millonarias p\u00e9rdidas que ocasionaron las lluvias.<\/p>\n<p>Se estima que el 70 por ciento del territorio santafesino presenta problemas por las aguas.<\/p>\n<p><strong>Alerta.<\/strong>\u00a0Las autoridades de Carcara\u00f1\u00e1 no pudieron precisar si habr\u00e1 mayor cantidad de agua, pero presumieron que el puente estar\u00e1 clausurado \u00abal menos toda la semana\u00bb. El secretario de Obras P\u00fablicas, Esteban Ateca, confirm\u00f3 a La Capital que est\u00e1n en estado de alerta \u00abporque seguramente crecer\u00e1 algo m\u00e1s, aunque no sabemos cu\u00e1ndo\u00bb.<\/p>\n<p>El agua que sobrepas\u00f3 al puente hace que ya no se vean sus laterales. Las autoridades aseguran que cuando la crecida cese, el sector quedar\u00e1 igualmente bloqueado para la circulaci\u00f3n hasta que se tomen todas las medidas necesarias para evaluar las condiciones y tener un diagn\u00f3stico preciso acerca del deterioro padecido ante tan significativa crecida del r\u00edo.<\/p>\n<p><strong>Evacuados<\/strong>. \u00abEvacuamos a 10 familias y est\u00e1n en alerta otras cinco m\u00e1s, por si el r\u00edo sigue creciendo. A algunos le entr\u00f3 el agua en las casas y en otras est\u00e1 al l\u00edmite de ingresar. La mayor\u00eda se ubicaron en casas de familiares y pudieron sacar antes todas sus pertenencias\u00bb, relat\u00f3 el funcionario.<\/p>\n<p>En tanto, el municipio de Carcara\u00f1\u00e1 traslad\u00f3 a dos familias que optaron por ir al albergue del parque Sarmiento. \u00abTenemos todo controlado gracias al \u00e1rea de Desarrollo Social y a los bomberos voluntarios\u00bb, apunt\u00f3 Ateca, y pidi\u00f3 a la gente que no se acerque al puente y tome la autopista.<\/p>\n<p><strong>Exentos<\/strong>. Por gestiones del municipio de Carcara\u00f1\u00e1, la empresa Cinco Vial, concesionaria de la autopista Rosario-C\u00f3rdoba, dispuso la exenci\u00f3n en el pago de peaje a todos aquellas personas de esa ciudad que viajen de manera peri\u00f3dica o permanente hacia otras localidades.<\/p>\n<p>Para obtener ese beneficio deber\u00e1n concurrir a la estaci\u00f3n de peaje de la ciudad para el registro de veh\u00edculos y conductores. Por su parte, el Sindicato Unico de Trabajadores de Concesiones Viales y Afines (Sutracovi), alert\u00f3 sobre un aumento del tr\u00e1nsito en la autopista a C\u00f3rdoba debido al desborde del r\u00edo Carcara\u00f1\u00e1 que provoc\u00f3 el corte en el tr\u00e1nsito en la ruta 9 a la altura de Carcara\u00f1\u00e1.<\/p>\n<p><strong>Situaci\u00f3n en rutas.<\/strong>\u00a0El puente carretero sigue sin riesgo y la autopista a C\u00f3rdoba est\u00e1 transitable. En tanto, la ruta 9 tambi\u00e9n est\u00e1 cortada en el sector del arroyo Las Tortugas, entre Armstrong y General Roca.<\/p>\n<p>Quienes circulen hacia C\u00f3rdoba deben desviarse por la ruta provincial 15, hacia la autopista Rosario-C\u00f3rdoba. Para quienes lo hagan hacia Rosario por esa v\u00eda, el desv\u00edo se produce en inmediaciones de General Roca, en la intersecci\u00f3n de ruta 9 vieja y la autopista.<\/p>\n<p>Tambi\u00e9n sobre la ruta provincial 6, en jurisdicci\u00f3n de Franck: el tr\u00e1nsito en la intersecci\u00f3n con las rutas 4 y 70 \u2014tramo comprendido entre Esperanza y Manucho\u2014, se encuentra habilitado solamente para el paso de los veh\u00edculos livianos.<\/p>\n<h6>Fuente: La Capital, Rosario<\/h6>\n","protected":false},"excerpt":{"rendered":"<p>Ya comenzaron a evacuar a familias del barrio Formose\u00f1o, un asentamiento ubicado muy cerca del cauce del r\u00edo. La autopista a Santa Fe est\u00e1 habilitada para veh\u00edculos livianos y de pasajeros &nbsp; La crecida del r\u00edo Carcara\u00f1\u00e1 sigue en aumento y podr\u00eda seguir subiendo. El corte se inici\u00f3 hace una semana y ayer el agua<\/p>\n","protected":false},"author":2,"featured_media":26134,"comment_status":"closed","ping_status":"closed","sticky":false,"template":"","format":"standard","meta":{"footnotes":""},"categories":[48],"tags":[10],"class_list":["post-26133","post","type-post","status-publish","format-standard","has-post-thumbnail","hentry","category-contingencias","tag-santa-fe"],"_links":{"self":[{"href":"http:\/\/argentinamunicipal.com.ar\/argentina\/wp-json\/wp\/v2\/posts\/26133","targetHints":{"allow":["GET"]}}],"collection":[{"href":"http:\/\/argentinamunicipal.com.ar\/argentina\/wp-json\/wp\/v2\/posts"}],"about":[{"href":"http:\/\/argentinamunicipal.com.ar\/argentina\/wp-json\/wp\/v2\/types\/post"}],"author":[{"embeddable":true,"href":"http:\/\/argentinamunicipal.com.ar\/argentina\/wp-json\/wp\/v2\/users\/2"}],"replies":[{"embeddable":true,"href":"http:\/\/argentinamunicipal.com.ar\/argentina\/wp-json\/wp\/v2\/comments?post=26133"}],"version-history":[{"count":0,"href":"http:\/\/argentinamunicipal.com.ar\/argentina\/wp-json\/wp\/v2\/posts\/26133\/revisions"}],"wp:featuredmedia":[{"embeddable":true,"href":"http:\/\/argentinamunicipal.com.ar\/argentina\/wp-json\/wp\/v2\/media\/26134"}],"wp:attachment":[{"href":"http:\/\/argentinamunicipal.com.ar\/argentina\/wp-json\/wp\/v2\/media?parent=26133"}],"wp:term":[{"taxonomy":"category","embeddable":true,"href":"http:\/\/argentinamunicipal.com.ar\/argentina\/wp-json\/wp\/v2\/categories?post=26133"},{"taxonomy":"post_tag","embeddable":true,"href":"http:\/\/argentinamunicipal.com.ar\/argentina\/wp-json\/wp\/v2\/tags?post=26133"}],"curies":[{"name":"wp","href":"https:\/\/api.w.org\/{rel}","templated":true}]}}