{"id":26166,"date":"2015-03-11T09:06:58","date_gmt":"2015-03-11T12:06:58","guid":{"rendered":"http:\/\/argentinamunicipal.com.ar\/argentina\/?p=26166"},"modified":"2015-03-11T09:06:58","modified_gmt":"2015-03-11T12:06:58","slug":"el-gobierno-nacional-comprometio-un-aporte-para-municipios-y-comunas-que-enfrentaron-la-emergencia-hidrica-en-santa-fe","status":"publish","type":"post","link":"http:\/\/argentinamunicipal.com.ar\/argentina\/el-gobierno-nacional-comprometio-un-aporte-para-municipios-y-comunas-que-enfrentaron-la-emergencia-hidrica-en-santa-fe\/","title":{"rendered":"El Gobierno Nacional comprometi\u00f3 un aporte para municipios y comunas que enfrentaron la emergencia h\u00eddrica en Santa Fe"},"content":{"rendered":"<p><a href=\"http:\/\/argentinamunicipal.com.ar\/argentina\/wp-content\/uploads\/2015\/03\/bonfatti_se_reunix_con_randazzo_y_fernxndez_en_la_casa_rosada_f2.jpg_2069580699.jpg\"><img loading=\"lazy\" decoding=\"async\" class=\"aligncenter  wp-image-26167\" src=\"http:\/\/argentinamunicipal.com.ar\/argentina\/wp-content\/uploads\/2015\/03\/bonfatti_se_reunix_con_randazzo_y_fernxndez_en_la_casa_rosada_f2.jpg_2069580699.jpg\" alt=\"bonfatti_se_reunix_con_randazzo_y_fernxndez_en_la_casa_rosada_f2.jpg_2069580699\" width=\"698\" height=\"465\" srcset=\"http:\/\/argentinamunicipal.com.ar\/argentina\/wp-content\/uploads\/2015\/03\/bonfatti_se_reunix_con_randazzo_y_fernxndez_en_la_casa_rosada_f2.jpg_2069580699.jpg 761w, http:\/\/argentinamunicipal.com.ar\/argentina\/wp-content\/uploads\/2015\/03\/bonfatti_se_reunix_con_randazzo_y_fernxndez_en_la_casa_rosada_f2.jpg_2069580699-300x200.jpg 300w\" sizes=\"auto, (max-width: 698px) 100vw, 698px\" \/><\/a><br \/>\nUn aporte del Tesoro Nacional fue el compromiso que asumi\u00f3 el gobierno central para los municipios y comunas que han tenido que afrontar situaciones complejas ante las \u00faltimas lluvias. El gobernador solicit\u00f3 mayor presencia de las fuerzas federales en la provincia.<\/p>\n<p>El gobernador Antonio Bonfatti mantuvo reuniones hoy en la Casa Rosada con el jefe de Gabinete, An\u00edbal Fern\u00e1ndez, por un lado; y con el ministro del Interior y Transporte, Florencio Randazzo, por otro. El objetivo de las mismas era tratar, entre otros temas, lo relacionado a la emergencia h\u00eddrica que vive la provincia de Santa Fe.<\/p>\n<p>Tras los encuentros, el gobernador se\u00f1al\u00f3 que \u201cen primer lugar abordamos con el ministro del Interior la situaci\u00f3n generada por las inclemencias clim\u00e1ticas que padeci\u00f3 la provincia de Santa Fe, cuando en 7 d\u00edas llovi\u00f3 pr\u00e1cticamente la mitad de lo que suele llover en un a\u00f1o. Hay 17 comunas y municipios con distintas complicaciones y nosotros hemos pedido al gobierno nacional una ayuda para ellos\u201d.<\/p>\n<p>Puntualmente, Bonfatti plante\u00f3 a Randazzo \u201cla posibilidad de recibir un Aporte del Tesoro Nacional (ATN). Tenemos el compromiso del gobierno nacional y estamos haciendo una evaluaci\u00f3n de los da\u00f1os para establecer el monto de recursos necesarios que llegar\u00e1 en forma directa a los municipios y comunas que han tenido que afrontar situaciones complejas. Desde el gobierno provincial ya estamos haciendo nuestros aportes a trav\u00e9s de los distintos ministerios\u201d, a\u00f1adi\u00f3.<\/p>\n<p>Bonfatti tambi\u00e9n detall\u00f3 al jefe de Gabinete \u201cla situaci\u00f3n que viven los predios rurales y el estado de las rutas y puentes, que han quedado muy deteriorados. Con respecto a este punto, presentamos una carpeta con proyectos de reparaci\u00f3n integral de rutas y puentes por 310 millones de pesos. No estamos pidiendo que nos regalen los recursos, sino simplemente una especie de adelanto de coparticipaci\u00f3n para devolver en un tiempo prudente\u201d, especific\u00f3 el gobernador.<\/p>\n<p>Por otro lado, Bonfatti plante\u00f3 a Fern\u00e1ndez \u00abla necesidad de que las fuerzas federales tengan mayor presencia en la provincia de Santa Fe, tal como lo venimos reclamando desde hace tiempo, y que se sumen tanto prefectos, como gendarmes y efectivos de la Polic\u00eda Federal. Se comprometi\u00f3 a charlarlo con la presidenta Cristina Fern\u00e1ndez y a darnos una definici\u00f3n en poco tiempo\u201d, dijo al respecto.<\/p>\n<p><strong>OTROS TEMAS DE LA AGENDA<\/strong><\/p>\n<p>Durante el encuentro con Randazzo, el gobernador tambi\u00e9n abord\u00f3 el tema del tren Rosario-Buenos Aires. \u00abEl ministro confirm\u00f3 que el 1\u00b0 de abril se hace el viaje inaugural. Por otro lado, tambi\u00e9n nos comunicaron que ya se ha licitado, con un presupuesto de 800 millones de pesos, el ramal desde Rosario a Tortugas; y pr\u00f3ximamente se licitar\u00e1 el tramo de Tortugas a Villa Mar\u00eda, con un presupuesto de 1.870 millones de pesos\u201d.<\/p>\n<p>\u201cTambi\u00e9n analizamos el tema de la seguridad en los eventos deportivos y el compromiso del Registro Nacional de las Personas para dar el soporte necesario a lo que es el AFA Plus, esto es, el control de ingreso a los estadios de f\u00fatbol. Por esto tambi\u00e9n nos reunimos hoy con el presidente de la AFA\u201d, indic\u00f3 Bonfatti.<\/p>\n<p>Ante el jefe de Gabinete, el gobernador tambi\u00e9n plate\u00f3 el tema \u201cdel correo en la ciudad de Santa Fe, que es un edificio emblem\u00e1tico para los santafesinos y est\u00e1 ocupado parcialmente por la Afip. Nosotros hicimos un convenio con el correo en 2012 para poder repararlo integralmente y utilizarlo en base a la inversi\u00f3n que hace la provincia. El ministro tom\u00f3 el tema y se comprometi\u00f3 a darle curso ya que tiene varios meses de demora\u201d.<\/p>\n<p>Por \u00faltimo, el gobernador explic\u00f3 que \u201chace 5 meses la provincia de Santa Fe compr\u00f3 un helic\u00f3ptero para la Polic\u00eda y desde entonces esperamos la autorizaci\u00f3n para comprar los d\u00f3lares necesario para pagarlo. En este caso, Fern\u00e1ndez se comunic\u00f3 con el secretario de Comercio de la Naci\u00f3n, Augusto Costa, y le dio las directivas para agilizar este tr\u00e1mite y nosotros podamos contar con esta aeronave cuanto antes\u201d.<\/p>\n<h6>Fuente: Uno, Santa Fe<\/h6>\n","protected":false},"excerpt":{"rendered":"<p>Un aporte del Tesoro Nacional fue el compromiso que asumi\u00f3 el gobierno central para los municipios y comunas que han tenido que afrontar situaciones complejas ante las \u00faltimas lluvias. El gobernador solicit\u00f3 mayor presencia de las fuerzas federales en la provincia. El gobernador Antonio Bonfatti mantuvo reuniones hoy en la Casa Rosada con el jefe<\/p>\n","protected":false},"author":2,"featured_media":26167,"comment_status":"closed","ping_status":"closed","sticky":false,"template":"","format":"standard","meta":{"footnotes":""},"categories":[4],"tags":[10],"class_list":["post-26166","post","type-post","status-publish","format-standard","has-post-thumbnail","hentry","category-informe-politico","tag-santa-fe"],"_links":{"self":[{"href":"http:\/\/argentinamunicipal.com.ar\/argentina\/wp-json\/wp\/v2\/posts\/26166","targetHints":{"allow":["GET"]}}],"collection":[{"href":"http:\/\/argentinamunicipal.com.ar\/argentina\/wp-json\/wp\/v2\/posts"}],"about":[{"href":"http:\/\/argentinamunicipal.com.ar\/argentina\/wp-json\/wp\/v2\/types\/post"}],"author":[{"embeddable":true,"href":"http:\/\/argentinamunicipal.com.ar\/argentina\/wp-json\/wp\/v2\/users\/2"}],"replies":[{"embeddable":true,"href":"http:\/\/argentinamunicipal.com.ar\/argentina\/wp-json\/wp\/v2\/comments?post=26166"}],"version-history":[{"count":0,"href":"http:\/\/argentinamunicipal.com.ar\/argentina\/wp-json\/wp\/v2\/posts\/26166\/revisions"}],"wp:featuredmedia":[{"embeddable":true,"href":"http:\/\/argentinamunicipal.com.ar\/argentina\/wp-json\/wp\/v2\/media\/26167"}],"wp:attachment":[{"href":"http:\/\/argentinamunicipal.com.ar\/argentina\/wp-json\/wp\/v2\/media?parent=26166"}],"wp:term":[{"taxonomy":"category","embeddable":true,"href":"http:\/\/argentinamunicipal.com.ar\/argentina\/wp-json\/wp\/v2\/categories?post=26166"},{"taxonomy":"post_tag","embeddable":true,"href":"http:\/\/argentinamunicipal.com.ar\/argentina\/wp-json\/wp\/v2\/tags?post=26166"}],"curies":[{"name":"wp","href":"https:\/\/api.w.org\/{rel}","templated":true}]}}