{"id":26194,"date":"2015-03-11T09:38:28","date_gmt":"2015-03-11T12:38:28","guid":{"rendered":"http:\/\/argentinamunicipal.com.ar\/argentina\/?p=26194"},"modified":"2015-03-11T09:38:28","modified_gmt":"2015-03-11T12:38:28","slug":"acuerdan-apoyo-para-fortalecer-las-economias-regionales-de-neuquen","status":"publish","type":"post","link":"http:\/\/argentinamunicipal.com.ar\/argentina\/acuerdan-apoyo-para-fortalecer-las-economias-regionales-de-neuquen\/","title":{"rendered":"Acuerdan apoyo para fortalecer las econom\u00edas regionales de Neuqu\u00e9n"},"content":{"rendered":"<p><a href=\"http:\/\/argentinamunicipal.com.ar\/argentina\/wp-content\/uploads\/2015\/03\/54ff98a7e28054_322x226.30038958.jpg\"><img loading=\"lazy\" decoding=\"async\" class=\"alignleft size-full wp-image-26195\" src=\"http:\/\/argentinamunicipal.com.ar\/argentina\/wp-content\/uploads\/2015\/03\/54ff98a7e28054_322x226.30038958.jpg\" alt=\"54ff98a7e28054_322x226.30038958\" width=\"322\" height=\"226\" srcset=\"http:\/\/argentinamunicipal.com.ar\/argentina\/wp-content\/uploads\/2015\/03\/54ff98a7e28054_322x226.30038958.jpg 322w, http:\/\/argentinamunicipal.com.ar\/argentina\/wp-content\/uploads\/2015\/03\/54ff98a7e28054_322x226.30038958-300x211.jpg 300w\" sizes=\"auto, (max-width: 322px) 100vw, 322px\" \/><\/a>La Municipalidad de Neuqu\u00e9n y la Facultad de Econom\u00eda y Administraci\u00f3n de la UNCo firmaron ayer un convenio con el objetivo de reforzar las econom\u00edas locales.<\/p>\n<p>La Municipalidad de Neuqu\u00e9n y la Facultad de Econom\u00eda y Administraci\u00f3n de la UNCo firmaron ayer un convenio con el objetivo de dar apoyo conjunto a emprendedores locales y, de esta forma, reforzar las econom\u00edas regionales.<\/p>\n<p>Se trata de un acuerdo que busca el fortalecimiento de la econom\u00eda social y la inclusi\u00f3n educativa a trav\u00e9s de la conformaci\u00f3n de un equipo integrado por personal de la facultad y de la Municipalidad y la participaci\u00f3n de estudiantes universitarios de los \u00faltimos a\u00f1os.<\/p>\n<p>\u201cLo que se ha hecho es profundizar este tema apuntando especialmente a la ayuda a emprendedores a trav\u00e9s de acciones educativas\u201d, explic\u00f3 y a\u00f1adi\u00f3 que el acuerdo prev\u00e9 \u201ccapacitaciones a cargo no solo de personal municipal, sino tambi\u00e9n de profesores universitarios y alumnos\u201d, explic\u00f3 el secretario de Hacienda, Jos\u00e9 Luis Artaza. Sostuvo que el beneficio para la facultad ser\u00e1 involucrar a los j\u00f3venes \u201cen la pr\u00e1ctica de la carrera que han elegido, dado que por lo general uno sale con los conocimiento te\u00f3ricos pero falta justamente eso\u201d.<\/p>\n<h6>Fuente: La Ma\u00f1ana Neuqu\u00e9n<\/h6>\n","protected":false},"excerpt":{"rendered":"<p>La Municipalidad de Neuqu\u00e9n y la Facultad de Econom\u00eda y Administraci\u00f3n de la UNCo firmaron ayer un convenio con el objetivo de reforzar las econom\u00edas locales. La Municipalidad de Neuqu\u00e9n y la Facultad de Econom\u00eda y Administraci\u00f3n de la UNCo firmaron ayer un convenio con el objetivo de dar apoyo conjunto a emprendedores locales y,<\/p>\n","protected":false},"author":2,"featured_media":26195,"comment_status":"closed","ping_status":"closed","sticky":false,"template":"","format":"standard","meta":{"footnotes":""},"categories":[2],"tags":[23],"class_list":["post-26194","post","type-post","status-publish","format-standard","has-post-thumbnail","hentry","category-informe-municipal","tag-neuquen"],"_links":{"self":[{"href":"http:\/\/argentinamunicipal.com.ar\/argentina\/wp-json\/wp\/v2\/posts\/26194","targetHints":{"allow":["GET"]}}],"collection":[{"href":"http:\/\/argentinamunicipal.com.ar\/argentina\/wp-json\/wp\/v2\/posts"}],"about":[{"href":"http:\/\/argentinamunicipal.com.ar\/argentina\/wp-json\/wp\/v2\/types\/post"}],"author":[{"embeddable":true,"href":"http:\/\/argentinamunicipal.com.ar\/argentina\/wp-json\/wp\/v2\/users\/2"}],"replies":[{"embeddable":true,"href":"http:\/\/argentinamunicipal.com.ar\/argentina\/wp-json\/wp\/v2\/comments?post=26194"}],"version-history":[{"count":0,"href":"http:\/\/argentinamunicipal.com.ar\/argentina\/wp-json\/wp\/v2\/posts\/26194\/revisions"}],"wp:featuredmedia":[{"embeddable":true,"href":"http:\/\/argentinamunicipal.com.ar\/argentina\/wp-json\/wp\/v2\/media\/26195"}],"wp:attachment":[{"href":"http:\/\/argentinamunicipal.com.ar\/argentina\/wp-json\/wp\/v2\/media?parent=26194"}],"wp:term":[{"taxonomy":"category","embeddable":true,"href":"http:\/\/argentinamunicipal.com.ar\/argentina\/wp-json\/wp\/v2\/categories?post=26194"},{"taxonomy":"post_tag","embeddable":true,"href":"http:\/\/argentinamunicipal.com.ar\/argentina\/wp-json\/wp\/v2\/tags?post=26194"}],"curies":[{"name":"wp","href":"https:\/\/api.w.org\/{rel}","templated":true}]}}