{"id":26219,"date":"2015-03-12T07:50:37","date_gmt":"2015-03-12T10:50:37","guid":{"rendered":"http:\/\/argentinamunicipal.com.ar\/argentina\/?p=26219"},"modified":"2015-03-12T07:50:37","modified_gmt":"2015-03-12T10:50:37","slug":"siguen-oponiendose-los-carreros-de-rosario-al-plan-para-erradicar-la-traccion-a-sangre","status":"publish","type":"post","link":"http:\/\/argentinamunicipal.com.ar\/argentina\/siguen-oponiendose-los-carreros-de-rosario-al-plan-para-erradicar-la-traccion-a-sangre\/","title":{"rendered":"Siguen oponi\u00e9ndose los carreros de Rosario al plan para erradicar la tracci\u00f3n a sangre"},"content":{"rendered":"<div id=\"attachment_26220\" style=\"width: 631px\" class=\"wp-caption aligncenter\"><a href=\"http:\/\/argentinamunicipal.com.ar\/argentina\/wp-content\/uploads\/2015\/03\/03-12-c701-guillen.jpg_88717827.jpg\"><img loading=\"lazy\" decoding=\"async\" aria-describedby=\"caption-attachment-26220\" class=\"size-full wp-image-26220\" src=\"http:\/\/argentinamunicipal.com.ar\/argentina\/wp-content\/uploads\/2015\/03\/03-12-c701-guillen.jpg_88717827.jpg\" alt=\"Reclamo. Los carreros manifestaron ayer sus quejas en la Plaza 25 de Mayo y en el Concejo Municipal. \" width=\"621\" height=\"465\" srcset=\"http:\/\/argentinamunicipal.com.ar\/argentina\/wp-content\/uploads\/2015\/03\/03-12-c701-guillen.jpg_88717827.jpg 621w, http:\/\/argentinamunicipal.com.ar\/argentina\/wp-content\/uploads\/2015\/03\/03-12-c701-guillen.jpg_88717827-300x225.jpg 300w\" sizes=\"auto, (max-width: 621px) 100vw, 621px\" \/><\/a><p id=\"caption-attachment-26220\" class=\"wp-caption-text\">Reclamo. Los carreros manifestaron ayer sus quejas en la Plaza 25 de Mayo y en el Concejo Municipal.<\/p><\/div>\n<p>Mientras la Municipalidad no se mueve de su posici\u00f3n de avanzar en la implementaci\u00f3n del programa Andando, que se propone erradicar en forma definitiva la tracci\u00f3n a sangre&#8230;<\/p>\n<p>Mientras la Municipalidad no se mueve de su posici\u00f3n de avanzar en la implementaci\u00f3n del programa Andando, que se propone erradicar en forma definitiva la tracci\u00f3n a sangre para recolecci\u00f3n informal de residuos, un centenar de carreros de V\u00eda Honda, La Lagunita, La Cari\u00f1osa y Empalme Graneros volvi\u00f3 ayer al Palacio Municipal y se instal\u00f3 en la plaza 25 de Mayo con la amenaza de extender la protesta hasta el viernes, pero luego desistieron de quedarse. \u00abQueremos seguir trabajando\u00bb, fue la frase que repitieron hasta el cansancio y volvieron a criticar las alternativas ofrecidas por el municipio. Si bien se reunieron con el secretario de Control, Pablo Seghezzo, no hubo acuerdo en el encuentro y ratificaron su negativa en el Concejo Municipal, donde participaron de la reuni\u00f3n con organizaciones proteccionistas y ecologistas (ver aparte).<\/p>\n<p>Las familias, las mismas que vienen resistiendo la implementaci\u00f3n de la ordenanza aprobada en 2010 desde el anuncio de la intendenta M\u00f3nica Fein con cortes de calle y movilizaciones, llegaron a la Municipalidad y se instalaron con carros y caballos en la plaza. Si bien al mediod\u00eda fueron recibidos por el secretario de Control y la subsecretaria de Econom\u00eda Solidaria, Susana Bartolom\u00e9, no hubo puntos de consenso en el encuentro.<\/p>\n<p>\u00abNos volvieron a plantear las mismas alternativas, que no nos sirven. Esto no se puede hacer con una bicicleta\u00bb, insisti\u00f3 Daniel Nievas, carrero de V\u00eda Honda. El hombre pidi\u00f3 \u00abpoder seguir trabajando\u00bb y que ofrezcan \u00abotras propuestas, con veh\u00edculos m\u00e1s sustentables que una bicicleta\u00bb. La protesta, que en principio hab\u00eda cortado el tr\u00e1nsito sobre Buenos Aires, liber\u00f3 la calle ya entrada la tarde.<\/p>\n<p><strong>Sin vuelta.<\/strong> La titular de Econom\u00eda Solidaria asegur\u00f3 que durante la reuni\u00f3n se volvi\u00f3 a explicar la implementaci\u00f3n del programa y que el municipio no modificar\u00e1 su posici\u00f3n, tal es as\u00ed que en el predio de la ex Rural, en el parque Independencia, recibieron desde hace una semana las consultas de m\u00e1s de 400 carreros que analizan c\u00f3mo sumarse a la iniciativa.<\/p>\n<p>Sin embargo, las principales cr\u00edticas de la funcionaria fueron hacia al Concejo Municipal. \u00abEl cuerpo aprob\u00f3 la ordenanza por unanimidad e incluso reclam\u00f3 su implementaci\u00f3n en varias oportunidades, por lo que no se entiende la posici\u00f3n que toman ahora de convocar a una reuni\u00f3n para debatir un tema que ya fue aprobado\u00bb, se\u00f1al\u00f3 Bartolom\u00e9, y agreg\u00f3 que desde el Palacio Vasallo \u00abno hubo propuestas concretas, ni ning\u00fan tipo de soluci\u00f3n. Pareciera que algunos est\u00e1n trabajando para que esto fracase\u00bb.<\/p>\n<p><strong>Resistencia.<\/strong> De a uno, los carreros instalados en la plaza ratificaron su negativa en el Concejo, ante las organizaciones proteccionistas y ecologistas.<\/p>\n<p>\u00abTengo 42 a\u00f1os, soy analfabeta y tengo 6 hijos. A mi marido, que era metal\u00fargico, lo mataron y yo sal\u00ed a cirujear con el caballo. A mi hija le faltan dos materias para recibirse de periodista, otro trabaja, tengo un hijo discapacitado y otro en el secundario. Todo eso hice con mi caballo y ahora me lo quieren sacar. Me quieren sacar mi dignidad. Yo no se lo voy a dar\u00bb, dijo Miriam Maldonado.<\/p>\n<p>En el mismo tono, Jos\u00e9 Funes consider\u00f3 \u00abuna verg\u00fcenza\u00bb el ofrecimiento del municipio y dijo que \u00abac\u00e1 se pone a los caballos antes que a las familias\u00bb. Juan asegur\u00f3 que son parte \u00abde la ciudad que hay de Avellaneda para all\u00e1 (se\u00f1alando al oeste), donde no hay inclusi\u00f3n. \u00abCon todo esto nos van a llevar a ser cada vez m\u00e1s pobres. Hay carreros en la Barcelona, porque no somos Barcelona\u00bb.<\/p>\n<p>Las principales cr\u00edticas al programa Andando se escucharon ayer en el Concejo, donde convocados por su presidente, Miguel Zamarini, y la ONG Plataforma Animalista, se reunieron proteccionistas y ecologistas. Zamarini lo calific\u00f3 de \u00abimprovisado y sin consenso\u00bb. La voz t\u00e9cnica fue la de Leonardo Anselmi, de la Asociaci\u00f3n Animalista Libera, que dijo que el programa es \u00abinsustancial\u00bb. Anselmi rescat\u00f3 las experiencias de Bogot\u00e1, Medell\u00edn, Paran\u00e1 y R\u00edo Cuarto, y entre las objeciones de la propuesta local apunto: \u00abNo saben que es un cambio cultural y no de herramienta, no se propone la tecnolog\u00eda adecuada porque un carrero lleva 400 kilos y eso no se puede cargar con una bicicleta, los tiempos planteados son err\u00f3neos y hay que construir desde el consenso\u00bb. En tanto, Mirko Moskat, del Taller Ecologista, propuso \u00abdarles un rol importante en la recolecci\u00f3n formal de residuos, potenciando el reciclaje y la separaci\u00f3n en origen, y avanzando as\u00ed con la ordenanza de Basura Cero, que hoy no se cumple\u00bb.<\/p>\n<p><strong>Reuni\u00f3n en el Concejo con proteccionistas y ecologistas<\/strong><\/p>\n<p>Las principales cr\u00edticas al programa Andando se escucharon ayer en el Concejo, donde convocados por su presidente, Miguel Zamarini, y la ONG Plataforma Animalista, se reunieron proteccionistas y ecologistas. Zamarini lo calific\u00f3 de \u201cimprovisado y sin consenso\u201d. La voz t\u00e9cnica fue la de Leonardo Anselmi, de la Asociaci\u00f3n Animalista Libera, que dijo que el programa es \u201cinsustancial\u201d. Anselmi rescat\u00f3 las experiencias de Bogot\u00e1, Medell\u00edn, Paran\u00e1 y R\u00edo Cuarto, y entre las objeciones de la propuesta local apunto: \u201cNo saben que es un cambio cultural y no de herramienta, no se propone la tecnolog\u00eda adecuada porque un carrero lleva 400 kilos y eso no se puede cargar con una bicicleta, los tiempos planteados son err\u00f3neos y hay que construir desde el consenso\u201d. En tanto, Mirko Moskat, del Taller Ecologista, propuso \u201cdarles un rol importante en la recolecci\u00f3n formal de residuos, potenciando el reciclaje y la separaci\u00f3n en origen, y avanzando as\u00ed con la ordenanza de Basura Cero, que hoy no se cumple\u201d.<\/p>\n<h6>Fuente: La Capital, Rosario<\/h6>\n","protected":false},"excerpt":{"rendered":"<p>Mientras la Municipalidad no se mueve de su posici\u00f3n de avanzar en la implementaci\u00f3n del programa Andando, que se propone erradicar en forma definitiva la tracci\u00f3n a sangre&#8230; Mientras la Municipalidad no se mueve de su posici\u00f3n de avanzar en la implementaci\u00f3n del programa Andando, que se propone erradicar en forma definitiva la tracci\u00f3n a<\/p>\n","protected":false},"author":2,"featured_media":26220,"comment_status":"closed","ping_status":"closed","sticky":false,"template":"","format":"standard","meta":{"footnotes":""},"categories":[2],"tags":[10],"class_list":["post-26219","post","type-post","status-publish","format-standard","has-post-thumbnail","hentry","category-informe-municipal","tag-santa-fe"],"_links":{"self":[{"href":"http:\/\/argentinamunicipal.com.ar\/argentina\/wp-json\/wp\/v2\/posts\/26219","targetHints":{"allow":["GET"]}}],"collection":[{"href":"http:\/\/argentinamunicipal.com.ar\/argentina\/wp-json\/wp\/v2\/posts"}],"about":[{"href":"http:\/\/argentinamunicipal.com.ar\/argentina\/wp-json\/wp\/v2\/types\/post"}],"author":[{"embeddable":true,"href":"http:\/\/argentinamunicipal.com.ar\/argentina\/wp-json\/wp\/v2\/users\/2"}],"replies":[{"embeddable":true,"href":"http:\/\/argentinamunicipal.com.ar\/argentina\/wp-json\/wp\/v2\/comments?post=26219"}],"version-history":[{"count":0,"href":"http:\/\/argentinamunicipal.com.ar\/argentina\/wp-json\/wp\/v2\/posts\/26219\/revisions"}],"wp:featuredmedia":[{"embeddable":true,"href":"http:\/\/argentinamunicipal.com.ar\/argentina\/wp-json\/wp\/v2\/media\/26220"}],"wp:attachment":[{"href":"http:\/\/argentinamunicipal.com.ar\/argentina\/wp-json\/wp\/v2\/media?parent=26219"}],"wp:term":[{"taxonomy":"category","embeddable":true,"href":"http:\/\/argentinamunicipal.com.ar\/argentina\/wp-json\/wp\/v2\/categories?post=26219"},{"taxonomy":"post_tag","embeddable":true,"href":"http:\/\/argentinamunicipal.com.ar\/argentina\/wp-json\/wp\/v2\/tags?post=26219"}],"curies":[{"name":"wp","href":"https:\/\/api.w.org\/{rel}","templated":true}]}}