{"id":26226,"date":"2015-03-12T07:57:50","date_gmt":"2015-03-12T10:57:50","guid":{"rendered":"http:\/\/argentinamunicipal.com.ar\/argentina\/?p=26226"},"modified":"2015-03-12T07:57:50","modified_gmt":"2015-03-12T10:57:50","slug":"santa-fe-se-entregaron-24-viviendas-denominadas-casas-del-cambio","status":"publish","type":"post","link":"http:\/\/argentinamunicipal.com.ar\/argentina\/santa-fe-se-entregaron-24-viviendas-denominadas-casas-del-cambio\/","title":{"rendered":"Santa Fe: se entregaron 24 viviendas\u00a0denominadas \u201cCasas del Cambio\u201d"},"content":{"rendered":"<p><a href=\"http:\/\/argentinamunicipal.com.ar\/argentina\/wp-content\/uploads\/2015\/03\/112128_provinciales.jpg\"><img loading=\"lazy\" decoding=\"async\" class=\"alignleft size-full wp-image-26227\" src=\"http:\/\/argentinamunicipal.com.ar\/argentina\/wp-content\/uploads\/2015\/03\/112128_provinciales.jpg\" alt=\"112128_provinciales\" width=\"544\" height=\"293\" srcset=\"http:\/\/argentinamunicipal.com.ar\/argentina\/wp-content\/uploads\/2015\/03\/112128_provinciales.jpg 544w, http:\/\/argentinamunicipal.com.ar\/argentina\/wp-content\/uploads\/2015\/03\/112128_provinciales-300x162.jpg 300w\" sizes=\"auto, (max-width: 544px) 100vw, 544px\" \/><\/a>Las denominadas \u201cCasas del Cambio\u201d est\u00e1n en la zona norte de la ciudad de Santa Fe. Est\u00e1n basadas en un prototipo creado por el arquitecto C\u00e9sar Carli, quien fue reconocido por el gobernador.<\/p>\n<p>El gobernador Antonio Bonfatti particip\u00f3 este mi\u00e9rcoles de la inauguraci\u00f3n de 24 viviendas en la ciudad de Santa Fe, construidas en el marco del proyecto \u00abCasas del Cambio\u00bb, que contempl\u00f3 la participaci\u00f3n de las familias beneficiarias en el dise\u00f1o de las unidades. La idea fue realizada por el arquitecto C\u00e9sar Carli, en el marco de un convenio firmado entre la Direcci\u00f3n Provincial de Vivienda y Urbanismo (DPVyU) y la Facultad de Arquitectura, Dise\u00f1o y Urbanismo de la Universidad Nacional del Litoral (UNL).<\/p>\n<p>\u201cSabemos lo que significa para una familia tener casa, techo y cobijo\u201d, dijo el gobernador en el acto desarrollado en las inmediaciones del complejo habitacional ubicado en San Mart\u00edn y Juan Sibils (Arist\u00f3bulo del Valle al 8500, en el norte de la capital provincial). \u201cPero m\u00e1s importante a\u00fan es aquello que sucede en el interior de cada casa, la crianza de los hijos en un espacio digno, que permita el di\u00e1logo y el encuentro\u201d, remarc\u00f3.<\/p>\n<p>\u201cEn este momento complicado, donde todos se miran con recelo, les pido que construyan un barrio en base al respeto, la solidaridad, la celebraci\u00f3n de los peque\u00f1os hechos cotidianos, la defensa de los espacios comunes. Tienen que estar juntos y unidos porque Santa Fe y Argentina necesitan recuperar la convivencia\u201d, sostuvo Bonfatti.<\/p>\n<p>Con estas, ya son 3.531 las familias que accedieron a su vivienda propia en lo que va de la actual gesti\u00f3n provincial.<\/p>\n<p>Del acto participaron tambi\u00e9n el vicegobernador Jorge Henn; el intendente Jos\u00e9 Corral; el ministro de Gobierno y Reforma del Estado, Rub\u00e9n Galassi; el secretario de Estado del H\u00e1bitat, Gustavo Leone; el director provincial de Vivienda y Urbanismo, Pablo \u00c1balos; el senador por el departamento La Capital, Hugo Marcucci; el secretario de Comunicaci\u00f3n Social, Mariano Panichelli; y la directora provincial de Inclusi\u00f3n para Personas con Discapacidad de la 1\u00b0 Circunscripci\u00f3n, Gabriela Bruno, entre otros.<\/p>\n<p><strong>EL SUE\u00d1O DE C\u00c9SAR CARLI<\/strong><\/p>\n<p>La caracter\u00edstica central de las \u00abCasas del Cambio\u00bb es la participaci\u00f3n del grupo familiar en el dise\u00f1o final de su vivienda, partiendo de un prototipo binuclear. A tal fin, el proyecto planteaba una unidad habitacional basada en elementos arquitect\u00f3nicos (cubos, p\u00e9rgolas y esclusas), que posibilitan la f\u00e1cil adaptaci\u00f3n de los ambientes, la posibilidad de m\u00faltiples modificaciones y futuras ampliaciones con distintas variantes.<\/p>\n<p>El gobernador brind\u00f3 un especial reconocimiento a Carli, \u201cun hombre que toda su vida se preocup\u00f3 por la vivienda y, fundamentalmente, por el urbanismo, y que a sus a\u00f1os sigue con el entusiasmo de siempre, de crear, de buscar nuevas formas, de abaratar los costos, de tener dise\u00f1os que sean modificables, adaptables, flexibles y a los que cada familia le pueda poner su impronta\u201d.<\/p>\n<p>\u201cCon este barrio tenemos el primer proyecto realizado en base a sus dise\u00f1os, que nosotros llamamos Casas del Cambio porque suponen una forma distinta de dise\u00f1ar y construir las viviendas. Es la concreci\u00f3n de su sue\u00f1o\u201d, concluy\u00f3 Bonfatti.<\/p>\n<p>Estas viviendas tienen 58,25 m2 cubiertos sobre un lote de 10 x 20 metros. Cada unidad se edific\u00f3 con el modelo tradicional de construcci\u00f3n: 2 dormitorios, ba\u00f1o, cocina-comedor, escritorio, lavadero exterior, un espacio polifuncional, el cual tiene la posibilidad de integrarse a una amplia p\u00e9rgola de ingreso.<\/p>\n<p>Durante el acto, los adjudicatarios tambi\u00e9n recibieron un kit de libros y videos con material sobre la provincia de Santa Fe, y plantines elaborados por el Emprendimiento Socioproductivo de Vivero \u201cSembrando Sue\u00f1os\u201d (ubicado en Recreo), de la Red de Viveros Inclusivos de la provincia.-<\/p>\n<h6>Fuente: Sin Mordaza<\/h6>\n","protected":false},"excerpt":{"rendered":"<p>Las denominadas \u201cCasas del Cambio\u201d est\u00e1n en la zona norte de la ciudad de Santa Fe. Est\u00e1n basadas en un prototipo creado por el arquitecto C\u00e9sar Carli, quien fue reconocido por el gobernador. El gobernador Antonio Bonfatti particip\u00f3 este mi\u00e9rcoles de la inauguraci\u00f3n de 24 viviendas en la ciudad de Santa Fe, construidas en el<\/p>\n","protected":false},"author":2,"featured_media":26227,"comment_status":"closed","ping_status":"closed","sticky":false,"template":"","format":"standard","meta":{"footnotes":""},"categories":[2],"tags":[10],"class_list":["post-26226","post","type-post","status-publish","format-standard","has-post-thumbnail","hentry","category-informe-municipal","tag-santa-fe"],"_links":{"self":[{"href":"http:\/\/argentinamunicipal.com.ar\/argentina\/wp-json\/wp\/v2\/posts\/26226","targetHints":{"allow":["GET"]}}],"collection":[{"href":"http:\/\/argentinamunicipal.com.ar\/argentina\/wp-json\/wp\/v2\/posts"}],"about":[{"href":"http:\/\/argentinamunicipal.com.ar\/argentina\/wp-json\/wp\/v2\/types\/post"}],"author":[{"embeddable":true,"href":"http:\/\/argentinamunicipal.com.ar\/argentina\/wp-json\/wp\/v2\/users\/2"}],"replies":[{"embeddable":true,"href":"http:\/\/argentinamunicipal.com.ar\/argentina\/wp-json\/wp\/v2\/comments?post=26226"}],"version-history":[{"count":0,"href":"http:\/\/argentinamunicipal.com.ar\/argentina\/wp-json\/wp\/v2\/posts\/26226\/revisions"}],"wp:featuredmedia":[{"embeddable":true,"href":"http:\/\/argentinamunicipal.com.ar\/argentina\/wp-json\/wp\/v2\/media\/26227"}],"wp:attachment":[{"href":"http:\/\/argentinamunicipal.com.ar\/argentina\/wp-json\/wp\/v2\/media?parent=26226"}],"wp:term":[{"taxonomy":"category","embeddable":true,"href":"http:\/\/argentinamunicipal.com.ar\/argentina\/wp-json\/wp\/v2\/categories?post=26226"},{"taxonomy":"post_tag","embeddable":true,"href":"http:\/\/argentinamunicipal.com.ar\/argentina\/wp-json\/wp\/v2\/tags?post=26226"}],"curies":[{"name":"wp","href":"https:\/\/api.w.org\/{rel}","templated":true}]}}