{"id":26238,"date":"2015-03-12T08:13:36","date_gmt":"2015-03-12T11:13:36","guid":{"rendered":"http:\/\/argentinamunicipal.com.ar\/argentina\/?p=26238"},"modified":"2015-03-12T08:13:36","modified_gmt":"2015-03-12T11:13:36","slug":"inicio-en-el-valle-de-lerma-la-obra-de-riego-mas-importante-de-america-del-sur","status":"publish","type":"post","link":"http:\/\/argentinamunicipal.com.ar\/argentina\/inicio-en-el-valle-de-lerma-la-obra-de-riego-mas-importante-de-america-del-sur\/","title":{"rendered":"Inici\u00f3 en el Valle de Lerma la obra de riego m\u00e1s importante de Am\u00e9rica del Sur"},"content":{"rendered":"<p><a href=\"http:\/\/argentinamunicipal.com.ar\/argentina\/wp-content\/uploads\/2015\/03\/42218135-2525160.jpg\"><img loading=\"lazy\" decoding=\"async\" class=\"aligncenter  wp-image-26239\" src=\"http:\/\/argentinamunicipal.com.ar\/argentina\/wp-content\/uploads\/2015\/03\/42218135-2525160.jpg\" alt=\"42218135-2525160\" width=\"634\" height=\"476\" srcset=\"http:\/\/argentinamunicipal.com.ar\/argentina\/wp-content\/uploads\/2015\/03\/42218135-2525160.jpg 970w, http:\/\/argentinamunicipal.com.ar\/argentina\/wp-content\/uploads\/2015\/03\/42218135-2525160-300x225.jpg 300w\" sizes=\"auto, (max-width: 634px) 100vw, 634px\" \/><\/a><br \/>\nEl gobernador Juan Manuel Urtubey junto al ministro de Agricultura, Ganader\u00eda y Pesca de la Naci\u00f3n, Carlos Casamiquela, encabez\u00f3 el acto de firma que da inicio a las obras del sistema de riego presurizado del r\u00edo Toro, la m\u00e1s importante en su tipo de Am\u00e9rica del Sur.<\/p>\n<p>Tendr\u00e1 un claro impacto en 11.571 hect\u00e1reas y beneficiar\u00e1 a miles de salte\u00f1os, de forma directa e indirecta, que residen y producen en Cerrillos, La Merced, Rosario de Lerma, Campo Quijano y el \u00e1rea metropolitana de la ciudad de Salta.<\/p>\n<p>La obra, que tiene una inversi\u00f3n de $406.808.910,99 y ser\u00e1 financiada a trav\u00e9s de la Corporaci\u00f3n Andina de Fomento (CAF) canalizada por el Programa de Servicios Agr\u00edcolas Provinciales, es de gran importancia ya que desde el a\u00f1o 1921 no realizaban trabajos de riego en el Valle de Lerma. Es considerada por productores y habitantes del Valle de Lerma la obra m\u00e1s importante de la historia de Salta.<\/p>\n<p>Los trabajos que ya iniciaron prev\u00e9n implementar un sistema de riego presurizado gravitacional colectivo a libre demanda, que optimizar\u00e1 el suministro, tambi\u00e9n para tecnificar el sistema de riego en finca sin bombeo, lo que reducir\u00e1 costos y aumentar\u00e1 la eficiencia. Con esta obra se prev\u00e9 mejorar la cantidad, calidad y oportunidad del agua para riego, fortalecer a los productores y a las instituciones para la organizaci\u00f3n del riego, logrando una mayor conciencia ambiental y social.<\/p>\n<p>Antes del acto, el gobernador Urtubey y el ministro Casamiquela recorrieron el dique Las Lomitas, donde iniciaron los trabajos de presurizaci\u00f3n con la recuperaci\u00f3n y aumento de la capacidad de almacenamiento. La zona productiva del Valle de Lerma se caracteriza por la actividad tabacalera, pero que tiene un desarrollo de seis meses al a\u00f1o. Una nueva posibilidad de riego generar\u00e1 condiciones de reconvertir y rotar la producci\u00f3n, sumando a cientos de trabajadores al proceso.<\/p>\n<p>En sus palabras Urtubey resalt\u00f3 que es un d\u00eda transcendental para los salte\u00f1os \u201ces la obra h\u00eddrica m\u00e1s importante de toda nuestra historia\u201d.<\/p>\n<p>Durante el acto de descubrimiento de una placa alusiva sobre el inicio de la obra, que se desarroll\u00f3 en el complejo deportivo de Campo Quijano. El mandatario afirm\u00f3 que \u201choy todos juntos confluimos en un acto que es mucho m\u00e1s que un inicio de obra, sino es la concesi\u00f3n del modelo de Gobierno que tenemos adelante con nuestra Presidenta de la Naci\u00f3n, Cristina Fern\u00e1ndez de Kirchner\u201d.<\/p>\n<p>\u201cCon el Gobierno de la Naci\u00f3n hemos apostado fuerte a un pa\u00eds productivo y competitivo que nos permiti\u00f3 tener un crecimiento formidable. Este es el modelo que queremos de organizaci\u00f3n social\u201d, indic\u00f3 el Gobernador ante una multitud que se acerc\u00f3 al acto.<\/p>\n<p>Sobre el mismo tema sostuvo que se recuper\u00f3 la Argentina productiva que durante mucho tiempo se perdi\u00f3 \u201cno nos olvidemos que antes no se pod\u00eda hacer nada en el campo argentino. Hoy esa realidad cambi\u00f3 porque queremos que nuestros peque\u00f1os productores tangan trabajo competitivo y crecimiento sostenido\u201d.<\/p>\n<h3>Fortalecimiento de productores<\/h3>\n<p>El mandatario provincial asegur\u00f3 que con esta obra de gran envergadura los productores del Valle de Lerma dejar\u00e1n de padecer la falta de agua. \u201cEste desarrollo que venimos teniendo y que se profundizar\u00e1 nos permitir\u00e1 tener una Salta m\u00e1s justa para todos\u201d.<\/p>\n<p>Finalmente record\u00f3 que antes del 2008 los productores de los Valles Calchaqu\u00edes que antes estaban arrodillados \u201choy est\u00e1n de pie, es por eso que tienen que tienen que defender su dignidad que es la \u00fanica manera de ser libres\u201d, concluy\u00f3.<\/p>\n<h3>Caracter\u00edsticas de las obras<\/h3>\n<p>Durante el acto se proyect\u00f3 un video institucional en donde uno de los t\u00e9cnicos explic\u00f3 que se trata de un importante proyecto que abarca 11.500 hect\u00e1reas en Rosario de Lerma y que tiene por objetivo modernizar el sistema de riego a trav\u00e9s de una red presurizada para que de esta forma el agua llegue a todos los productores del sector.<\/p>\n<p>La obra incrementar\u00e1 un 40% el valor en bruto de la producci\u00f3n y significar\u00e1 un ahorro de 100 millones de pesos al a\u00f1o. Adem\u00e1s este sistema de riego presurizado sin bombeo permitir\u00e1 un importante ahorro de energ\u00eda.<\/p>\n<p>Cabe destacar que la elaboraci\u00f3n del proyecto mismo incluy\u00f3 distintas etapas de diagn\u00f3sticos e investigaci\u00f3n previa, talleres y capacitaciones, asistencia t\u00e9cnica y capacitaci\u00f3n para el manejo del sistema.<\/p>\n<h3>Pol\u00edticas p\u00fablicas de Salta<\/h3>\n<p>El ministro de Agricultura de la Naci\u00f3n resalt\u00f3 que hay un enfoque de las pol\u00edticas p\u00fablicas a revitalizar el rol de los productores salte\u00f1os \u201cesto es posible gracias a la recuperaci\u00f3n del Estado como equilibrador de los intereses de igual manera\u201d.<\/p>\n<p>\u201cEl gran trabajo que esta Provincia lleva adelante con Naci\u00f3n ratifica la transformaci\u00f3n de Salta que ha sabido llevar el gobernador Urtubey, que hoy con esta obra hist\u00f3rica para el Valle de Lerma fortalecer\u00e1 el trabajo de los productores y profundizar\u00e1 el crecimiento y futuro de toda la regi\u00f3n\u201d, expres\u00f3 Casamiquela.<\/p>\n<p>El intendente de Campo Quijano, Manuel Cornejo dijo que se trata de la obra m\u00e1s importante en los \u00faltimos 100 a\u00f1os \u201ces un d\u00eda muy importante para todos los productores, que durante mucho tiempo estuvieron olvidados\u201d.<\/p>\n<p>\u201cCon el Gobierno de Juan Manuel Urtubey la producci\u00f3n de nuestro campo tuvo un gran crecimiento que permiti\u00f3 un trabajo sostenido para miles de peque\u00f1os productores y sus familias\u201d.<\/p>\n<h3>Agradecimiento de los productores<\/h3>\n<p>En nombre de todos los productores salte\u00f1os, el presidente de la C\u00e1mara Regional de la Producci\u00f3n, Eduardo Rodr\u00edguez agradeci\u00f3 al Gobierno de Salta por hacer realidad una de las obras que cambiar\u00e1 para siempre el trabajo y la vida de cientos de trabajadores del sector.<\/p>\n<p>Rodr\u00edguez record\u00f3 que antes del a\u00f1o 2008 \u201clos productores no ten\u00edamos nada, fuimos totalmente olvidados y abandonados pero con la llegada de este Gobierno y su apoyo y obras de gran envergaduras tuvimos y desarrollo como nunca antes, es por eso que siempre vamos a estar profundamente agradecidos por hacernos parte de esta gesti\u00f3n\u201d.<\/p>\n<p>\u201cCon el gobernador Juan Manuel Urtubey que siempre nos visita en el consorcio de riego armamos numerosas mesas de trabajo para el bienestar de todos los peque\u00f1os productores. Estoy convencido que con este Gobierno de inclusi\u00f3n podremos tener un desarrollo y futuro formidable\u201d, indic\u00f3 el presidente de la C\u00e1mara Regional de la Producci\u00f3n.<\/p>\n<p>Tambi\u00e9n estuvieron presentes en el acto el ministro de Ambiente y Producci\u00f3n Sustentable de la Provincia, Baltasar Saravia, el vicepresidente primero de la C\u00e1mara de Senadores, Mashur Lapad, el diputado nacional, Pablo Kosiner, el presidente del Foro de Intendentes, Sergio Ramos, el coordinador Ejecutivo de la Unidad para el Cambio Rural (UCAR), Jorge Neme y el secretario de Asuntos Agrarios, Lucio Paz Posse.<\/p>\n<p>Adem\u00e1s acompa\u00f1aron el presidente de la C\u00e1mara del Tabaco de Salta, Esteban Amat Lacroix, el administrador del Fondo Especial del Tabaco, Ricardo Nallar, funcionarios del Ministerio de Agricultura, Ganader\u00eda y Pesca de la Naci\u00f3n, intendentes de municipios salte\u00f1os, legisladores provinciales, y vecinos del Valle de Lerma.<\/p>\n<h6>Fuente: La Hora de Salta<\/h6>\n","protected":false},"excerpt":{"rendered":"<p>El gobernador Juan Manuel Urtubey junto al ministro de Agricultura, Ganader\u00eda y Pesca de la Naci\u00f3n, Carlos Casamiquela, encabez\u00f3 el acto de firma que da inicio a las obras del sistema de riego presurizado del r\u00edo Toro, la m\u00e1s importante en su tipo de Am\u00e9rica del Sur. Tendr\u00e1 un claro impacto en 11.571 hect\u00e1reas y<\/p>\n","protected":false},"author":2,"featured_media":26239,"comment_status":"closed","ping_status":"closed","sticky":false,"template":"","format":"standard","meta":{"footnotes":""},"categories":[2],"tags":[9],"class_list":["post-26238","post","type-post","status-publish","format-standard","has-post-thumbnail","hentry","category-informe-municipal","tag-salta"],"_links":{"self":[{"href":"http:\/\/argentinamunicipal.com.ar\/argentina\/wp-json\/wp\/v2\/posts\/26238","targetHints":{"allow":["GET"]}}],"collection":[{"href":"http:\/\/argentinamunicipal.com.ar\/argentina\/wp-json\/wp\/v2\/posts"}],"about":[{"href":"http:\/\/argentinamunicipal.com.ar\/argentina\/wp-json\/wp\/v2\/types\/post"}],"author":[{"embeddable":true,"href":"http:\/\/argentinamunicipal.com.ar\/argentina\/wp-json\/wp\/v2\/users\/2"}],"replies":[{"embeddable":true,"href":"http:\/\/argentinamunicipal.com.ar\/argentina\/wp-json\/wp\/v2\/comments?post=26238"}],"version-history":[{"count":0,"href":"http:\/\/argentinamunicipal.com.ar\/argentina\/wp-json\/wp\/v2\/posts\/26238\/revisions"}],"wp:featuredmedia":[{"embeddable":true,"href":"http:\/\/argentinamunicipal.com.ar\/argentina\/wp-json\/wp\/v2\/media\/26239"}],"wp:attachment":[{"href":"http:\/\/argentinamunicipal.com.ar\/argentina\/wp-json\/wp\/v2\/media?parent=26238"}],"wp:term":[{"taxonomy":"category","embeddable":true,"href":"http:\/\/argentinamunicipal.com.ar\/argentina\/wp-json\/wp\/v2\/categories?post=26238"},{"taxonomy":"post_tag","embeddable":true,"href":"http:\/\/argentinamunicipal.com.ar\/argentina\/wp-json\/wp\/v2\/tags?post=26238"}],"curies":[{"name":"wp","href":"https:\/\/api.w.org\/{rel}","templated":true}]}}