{"id":26262,"date":"2015-03-12T08:46:33","date_gmt":"2015-03-12T11:46:33","guid":{"rendered":"http:\/\/argentinamunicipal.com.ar\/argentina\/?p=26262"},"modified":"2015-03-12T08:46:33","modified_gmt":"2015-03-12T11:46:33","slug":"en-la-onu-estela-de-carlotto-conto-su-experiencia-en-la-lucha-contra-la-impunidad","status":"publish","type":"post","link":"http:\/\/argentinamunicipal.com.ar\/argentina\/en-la-onu-estela-de-carlotto-conto-su-experiencia-en-la-lucha-contra-la-impunidad\/","title":{"rendered":"En la ONU, Estela de Carlotto cont\u00f3 su experiencia en la lucha contra la impunidad"},"content":{"rendered":"<p><a href=\"http:\/\/argentinamunicipal.com.ar\/argentina\/wp-content\/uploads\/2015\/03\/2014_8_8_uUMeunmew8aqmivXrsws72.jpg\"><img loading=\"lazy\" decoding=\"async\" class=\"aligncenter size-full wp-image-26263\" src=\"http:\/\/argentinamunicipal.com.ar\/argentina\/wp-content\/uploads\/2015\/03\/2014_8_8_uUMeunmew8aqmivXrsws72.jpg\" alt=\"2014_8_8_uUMeunmew8aqmivXrsws72\" width=\"642\" height=\"419\" srcset=\"http:\/\/argentinamunicipal.com.ar\/argentina\/wp-content\/uploads\/2015\/03\/2014_8_8_uUMeunmew8aqmivXrsws72.jpg 642w, http:\/\/argentinamunicipal.com.ar\/argentina\/wp-content\/uploads\/2015\/03\/2014_8_8_uUMeunmew8aqmivXrsws72-300x196.jpg 300w\" sizes=\"auto, (max-width: 642px) 100vw, 642px\" \/><\/a><br \/>\nLa presidenta de Abuelas de Plaza de Mayo, Estela de Carlotto, cont\u00f3 su experiencia como dirigente defensora de los Derechos Humanos en la lucha contra la impunidad de los cr\u00edmenes de lesa humanidad cometidos durante los a\u00f1os 70, en una disertaci\u00f3n en el Palacio de las Naciones Unidas (ONU), en Ginebra.<\/p>\n<p>La presidenta de Abuelas de Plaza de Mayo, Estela de Carlotto, cont\u00f3 su experiencia como dirigente defensora de los Derechos Humanos en la lucha contra la impunidad de los cr\u00edmenes de lesa humanidad cometidos durante los a\u00f1os 70, en una disertaci\u00f3n en el Palacio de las Naciones Unidas (ONU), en Ginebra.<\/p>\n<p>\u00abNosotras \u00e9ramos amas de casa, maestras, profesionales sin conocimiento de leyes e instrumentos internacionales. Golpeamos puertas e hicimos colectas para viajar adonde nos llegaba el dato de que exist\u00eda un Estado o un organismo que pod\u00eda escuchar nuestros reclamos. Hoy ustedes pueden utilizar todo este camino que hemos construido con mucho trabajo y adaptarlo a la realidad que viven en Sri Lanka\u00bb, afirm\u00f3 la dirigente argentina.<\/p>\n<p>De esta manera se dirigi\u00f3 a familiares de v\u00edctimas y activistas de Sri Lanka, un pa\u00eds que sufri\u00f3 un largo conflicto armado a partir de los a\u00f1os 80, que dej\u00f3 unos 80.000 desaparecidos.<\/p>\n<p>\u00abLa verg\u00fcenza de las desapariciones forzadas en Sri Lanka: perspectivas desde la Argentina y Sri Lanka\u00bb, fue el t\u00edtulo del panel en el que expuso Estela de Carlotto, organizado por Amnist\u00eda Internacional, en el marco del 28\u00b0 per\u00edodo de sesiones del Consejo de Derechos Humanos de la ONU.<\/p>\n<p>Distintas comisiones de investigaci\u00f3n han sido creadas en Sri Lanka, pero las autoridades ignoraron sus recomendaciones en cuanto a la forma de llevar a juicio a los responsables y los pasos necesarios para evitar que estos hechos se repitan en el futuro.<\/p>\n<p>Familiares y activistas de Sri Lanka \u2013donde hoy se contin\u00faan registrando violaciones de derechos humanos como detenciones arbitrarias y torturas\u2013 est\u00e1n recorriendo un camino similar al que las Abuelas de Plaza de Mayo recorrieron a fines de los 70 y a principios de los 80: visitando foros internacionales, para intentar que su situaci\u00f3n sea visibilizada a nivel mundial.<\/p>\n<p>\u00abA m\u00e1s de 30 a\u00f1os del retorno de la democracia, la Argentina vive un momento hist\u00f3rico de fortalecimiento de su pol\u00edtica de derechos humanos. S\u00f3lo el a\u00f1o pasado se conden\u00f3 a 95 genocidas, lo que suma un total de 613 condenas desde 2006. Hasta la actualidad se han realizado 133 juicios orales y p\u00fablicos donde no s\u00f3lo han sido juzgados los responsables directos de las Fuerzas Armadas y de seguridad, sino que ha comenzado a investigarse y juzgarse a c\u00f3mplices civiles\u00bb, repas\u00f3 Carlotto.<\/p>\n<p>Se\u00f1al\u00f3 que \u00abel proceso de construcci\u00f3n de justicia argentino debe ser documentado para su preservaci\u00f3n y para que se transmita a otros pa\u00edses con la misma problem\u00e1tica\u00bb. \u00abEs necesario exigirle al estado de Sri Lanka que firme el convenio para ser parte del Comit\u00e9 contra la Desaparici\u00f3n Forzada de Personas. Pero tambi\u00e9n es necesario trabajar con la comunidad internacional para que \u00e9sta inste al estado de Sri Lanka a cumplir con los acuerdos de la ONU\u00bb, dijo la dirigente. Los 80.000 desaparecidos de Sri Lanka representan el 0,4% de la poblaci\u00f3n del pa\u00eds. Amnist\u00eda Internacional est\u00e1 reclamando al gobierno de Sri Lanka a llevar ante la justicia y castigar a los responsables de las desapariciones forzadas, de una manera transparente y de acuerdo con las normas del derecho internacional.<\/p>\n<h6>Fuente: Uno, Entre R\u00edos<\/h6>\n","protected":false},"excerpt":{"rendered":"<p>La presidenta de Abuelas de Plaza de Mayo, Estela de Carlotto, cont\u00f3 su experiencia como dirigente defensora de los Derechos Humanos en la lucha contra la impunidad de los cr\u00edmenes de lesa humanidad cometidos durante los a\u00f1os 70, en una disertaci\u00f3n en el Palacio de las Naciones Unidas (ONU), en Ginebra. La presidenta de Abuelas<\/p>\n","protected":false},"author":2,"featured_media":26263,"comment_status":"closed","ping_status":"closed","sticky":false,"template":"","format":"standard","meta":{"footnotes":""},"categories":[8],"tags":[21],"class_list":["post-26262","post","type-post","status-publish","format-standard","has-post-thumbnail","hentry","category-informe-nacional","tag-argentina"],"_links":{"self":[{"href":"http:\/\/argentinamunicipal.com.ar\/argentina\/wp-json\/wp\/v2\/posts\/26262","targetHints":{"allow":["GET"]}}],"collection":[{"href":"http:\/\/argentinamunicipal.com.ar\/argentina\/wp-json\/wp\/v2\/posts"}],"about":[{"href":"http:\/\/argentinamunicipal.com.ar\/argentina\/wp-json\/wp\/v2\/types\/post"}],"author":[{"embeddable":true,"href":"http:\/\/argentinamunicipal.com.ar\/argentina\/wp-json\/wp\/v2\/users\/2"}],"replies":[{"embeddable":true,"href":"http:\/\/argentinamunicipal.com.ar\/argentina\/wp-json\/wp\/v2\/comments?post=26262"}],"version-history":[{"count":0,"href":"http:\/\/argentinamunicipal.com.ar\/argentina\/wp-json\/wp\/v2\/posts\/26262\/revisions"}],"wp:featuredmedia":[{"embeddable":true,"href":"http:\/\/argentinamunicipal.com.ar\/argentina\/wp-json\/wp\/v2\/media\/26263"}],"wp:attachment":[{"href":"http:\/\/argentinamunicipal.com.ar\/argentina\/wp-json\/wp\/v2\/media?parent=26262"}],"wp:term":[{"taxonomy":"category","embeddable":true,"href":"http:\/\/argentinamunicipal.com.ar\/argentina\/wp-json\/wp\/v2\/categories?post=26262"},{"taxonomy":"post_tag","embeddable":true,"href":"http:\/\/argentinamunicipal.com.ar\/argentina\/wp-json\/wp\/v2\/tags?post=26262"}],"curies":[{"name":"wp","href":"https:\/\/api.w.org\/{rel}","templated":true}]}}