{"id":26268,"date":"2015-03-12T08:50:59","date_gmt":"2015-03-12T11:50:59","guid":{"rendered":"http:\/\/argentinamunicipal.com.ar\/argentina\/?p=26268"},"modified":"2015-03-12T08:50:59","modified_gmt":"2015-03-12T11:50:59","slug":"nacion-brindara-ayuda-economica-para-recuperacion-de-bosques-nativos-en-chubut","status":"publish","type":"post","link":"http:\/\/argentinamunicipal.com.ar\/argentina\/nacion-brindara-ayuda-economica-para-recuperacion-de-bosques-nativos-en-chubut\/","title":{"rendered":"Naci\u00f3n brindar\u00e1 ayuda econ\u00f3mica para recuperaci\u00f3n de bosques nativos en Chubut"},"content":{"rendered":"<div id=\"attachment_26269\" style=\"width: 629px\" class=\"wp-caption aligncenter\"><a href=\"http:\/\/argentinamunicipal.com.ar\/argentina\/wp-content\/uploads\/2015\/03\/5500ec76f160b_619_347.jpg\"><img loading=\"lazy\" decoding=\"async\" aria-describedby=\"caption-attachment-26269\" class=\"size-full wp-image-26269\" src=\"http:\/\/argentinamunicipal.com.ar\/argentina\/wp-content\/uploads\/2015\/03\/5500ec76f160b_619_347.jpg\" alt=\"El Jefe de Gabinete de Naci\u00f3n, An\u00edbal Fern\u00e1ndez, se reuni\u00f3 con el gobernador Mart\u00edn Buzzi, con quien acordaron ayuda para la recuperaci\u00f3n de los bosques nativos.\" width=\"619\" height=\"347\" srcset=\"http:\/\/argentinamunicipal.com.ar\/argentina\/wp-content\/uploads\/2015\/03\/5500ec76f160b_619_347.jpg 619w, http:\/\/argentinamunicipal.com.ar\/argentina\/wp-content\/uploads\/2015\/03\/5500ec76f160b_619_347-300x168.jpg 300w\" sizes=\"auto, (max-width: 619px) 100vw, 619px\" \/><\/a><p id=\"caption-attachment-26269\" class=\"wp-caption-text\">El Jefe de Gabinete de Naci\u00f3n, An\u00edbal Fern\u00e1ndez, se reuni\u00f3 con el gobernador Mart\u00edn Buzzi, con quien acordaron ayuda para la recuperaci\u00f3n de los bosques nativos.<\/p><\/div>\n<p>El gobernador Mart\u00edn Buzzi y el jefe de Gabinete de ministros de Naci\u00f3n, An\u00edbal Fern\u00e1ndez, acordaron ayer en Buenos Aires que el Gobierno nacional brindar\u00e1 ayuda econ\u00f3mica para la recuperaci\u00f3n de los bosques nativos afectados por los incendios forestales en Chubut. Coincidieron en valorar positivamente el despliegue de personal durante el siniestro.<\/p>\n<p>El gobernador Mart\u00edn Buzzi se reuni\u00f3 ayer en Buenos Aires con el jefe de Gabinete de ministros de la Naci\u00f3n, An\u00edbal Fern\u00e1ndez, con quien defini\u00f3 el apoyo del Gobierno nacional para la recuperaci\u00f3n de los bosques nativos afectados por los \u00faltimos incendios forestales en Chubut.<\/p>\n<p>\u201cAcordamos trabajar junto a la Secretar\u00eda de Ambiente de la Naci\u00f3n y una serie de medidas de apoyo econ\u00f3mico para las acciones destinadas a recuperar las superficies de bosque arrasadas por el fuego\u201d, explic\u00f3 el gobernador Buzzi al t\u00e9rmino del encuentro.<\/p>\n<p>Y valor\u00f3 \u201cel fuerte compromiso del Gobierno nacional, que se expres\u00f3 tanto durante la emergencia como a futuro, que nos enfrentamos a la tarea de reparar el da\u00f1o\u201d.<\/p>\n<p>Buzzi indic\u00f3 que durante el encuentro tambi\u00e9n se hizo una evaluaci\u00f3n de lo actuado, destacando \u201cel muy buen trabajo de todos los efectivos de distintos organismos de Provincia y de Naci\u00f3n y de las Fuerzas Armadas que actuaron durante el incendio y que en muchos casos siguen desplegados en terreno llevando a cabo las tareas finales\u201d, apunt\u00f3.<\/p>\n<p>\u201cSe trabaj\u00f3 muy bien, de manera muy coordinada. Esto permiti\u00f3 que se pudiera ponerle un freno a este desastre. No alcanzan las palabras para definir y agradecer el valor de cada brigadista, de cada bombero, de cada aviador, de cada soldado y de todos los que colaboraron en este operativo, y esto es algo que compartimos con el jefe de Gabinete\u201d, remarc\u00f3 Buzzi.<\/p>\n<p>Finalmente, el gobernador se\u00f1al\u00f3: \u201cahora viene un trabajo arduo, pero para el cual contamos con todo el apoyo del Gobierno nacional, que es la recuperaci\u00f3n de los bosques. Pero tambi\u00e9n tenemos que ir a fondo para desentra\u00f1ar los intereses y especulaci\u00f3n que suele haber detr\u00e1s de los incendios\u201d, enfatiz\u00f3.<\/p>\n<h6>Fuente: Patag\u00f3nico<\/h6>\n","protected":false},"excerpt":{"rendered":"<p>El gobernador Mart\u00edn Buzzi y el jefe de Gabinete de ministros de Naci\u00f3n, An\u00edbal Fern\u00e1ndez, acordaron ayer en Buenos Aires que el Gobierno nacional brindar\u00e1 ayuda econ\u00f3mica para la recuperaci\u00f3n de los bosques nativos afectados por los incendios forestales en Chubut. Coincidieron en valorar positivamente el despliegue de personal durante el siniestro. El gobernador Mart\u00edn<\/p>\n","protected":false},"author":2,"featured_media":26269,"comment_status":"closed","ping_status":"closed","sticky":false,"template":"","format":"standard","meta":{"footnotes":""},"categories":[2],"tags":[14],"class_list":["post-26268","post","type-post","status-publish","format-standard","has-post-thumbnail","hentry","category-informe-municipal","tag-chubut"],"_links":{"self":[{"href":"http:\/\/argentinamunicipal.com.ar\/argentina\/wp-json\/wp\/v2\/posts\/26268","targetHints":{"allow":["GET"]}}],"collection":[{"href":"http:\/\/argentinamunicipal.com.ar\/argentina\/wp-json\/wp\/v2\/posts"}],"about":[{"href":"http:\/\/argentinamunicipal.com.ar\/argentina\/wp-json\/wp\/v2\/types\/post"}],"author":[{"embeddable":true,"href":"http:\/\/argentinamunicipal.com.ar\/argentina\/wp-json\/wp\/v2\/users\/2"}],"replies":[{"embeddable":true,"href":"http:\/\/argentinamunicipal.com.ar\/argentina\/wp-json\/wp\/v2\/comments?post=26268"}],"version-history":[{"count":0,"href":"http:\/\/argentinamunicipal.com.ar\/argentina\/wp-json\/wp\/v2\/posts\/26268\/revisions"}],"wp:featuredmedia":[{"embeddable":true,"href":"http:\/\/argentinamunicipal.com.ar\/argentina\/wp-json\/wp\/v2\/media\/26269"}],"wp:attachment":[{"href":"http:\/\/argentinamunicipal.com.ar\/argentina\/wp-json\/wp\/v2\/media?parent=26268"}],"wp:term":[{"taxonomy":"category","embeddable":true,"href":"http:\/\/argentinamunicipal.com.ar\/argentina\/wp-json\/wp\/v2\/categories?post=26268"},{"taxonomy":"post_tag","embeddable":true,"href":"http:\/\/argentinamunicipal.com.ar\/argentina\/wp-json\/wp\/v2\/tags?post=26268"}],"curies":[{"name":"wp","href":"https:\/\/api.w.org\/{rel}","templated":true}]}}