{"id":26271,"date":"2015-03-12T08:53:50","date_gmt":"2015-03-12T11:53:50","guid":{"rendered":"http:\/\/argentinamunicipal.com.ar\/argentina\/?p=26271"},"modified":"2015-03-12T08:53:50","modified_gmt":"2015-03-12T11:53:50","slug":"destacan-iniciativa-nacional-para-potenciar-44-000-hectareas-productivas-de-pueblos-originarios-en-salta","status":"publish","type":"post","link":"http:\/\/argentinamunicipal.com.ar\/argentina\/destacan-iniciativa-nacional-para-potenciar-44-000-hectareas-productivas-de-pueblos-originarios-en-salta\/","title":{"rendered":"Destacan iniciativa nacional para potenciar 44.000 hect\u00e1reas productivas de pueblos originarios en Salta"},"content":{"rendered":"<p><a href=\"http:\/\/argentinamunicipal.com.ar\/argentina\/wp-content\/uploads\/2015\/03\/funcionarios-provinciales-nacionales-rio-toro-2015.gif\"><img loading=\"lazy\" decoding=\"async\" class=\"aligncenter  wp-image-26272\" src=\"http:\/\/argentinamunicipal.com.ar\/argentina\/wp-content\/uploads\/2015\/03\/funcionarios-provinciales-nacionales-rio-toro-2015.gif\" alt=\"funcionarios-provinciales-nacionales-rio-toro-2015\" width=\"673\" height=\"419\" \/><\/a><\/p>\n<p>La Secretaria de Desarrollo Rural del Ministerio de Agricultura, Ganader\u00eda y Pesca de la Naci\u00f3n, Carla Campos Bilbao, resalt\u00f3 la iniciativa del Gobierno Nacional junto a su par salte\u00f1o para potenciar zonas productivas de pueblos originarios con acceso a riego y proyectos de diversificaci\u00f3n.<\/p>\n<p>La funcionaria explic\u00f3 que se llamar\u00e1 a licitaci\u00f3n para concretar un proyecto de desarrollo productivo sobre un \u00e1rea de 44.000 hect\u00e1reas en el Departamento Rivadavia, que tiene como prop\u00f3sito principal dotar de agua para bebida de animales, brindar asistencia t\u00e9cnica y realizar tareas de mensura. La inversi\u00f3n nacional para este proyecto ser\u00e1 de 10 millones de pesos.<\/p>\n<p>\u201cLos gobiernos Nacional y provincial est\u00e1n atendiendo los requerimientos de los pueblos originarios y los pobladores criollos de la zona de Rivadavia\u201d, destac\u00f3 Campos Bilbao, quien explic\u00f3 el proyecto \u201cest\u00e1 vinculado a la propiedad de tierras de pueblos originarios por parte de la provincia y la relocalizaci\u00f3n de familias criollas de esa regi\u00f3n, a las que se dotar\u00e1 de abastecimiento de agua para uso productivo, en agricultura y ganader\u00eda\u201d.<\/p>\n<p>Junto al Ministro Carlos Casamiquela y el gobernador provincial Juan Manuel Urtubey, Campos Bilbao particip\u00f3 de un acto de entrega de maquinarias y herramientas para agricultores de la Colonia Santa Rosa, La Vi\u00f1a, Rosario de Lerma, Coronel Moldes, El Jard\u00edn y Chicoana.<\/p>\n<p>En ese marco, se firm\u00f3 un convenio con la provincia por otros 9 millones de pesos que permitir\u00e1n la construcci\u00f3n y el desarrollo del Mercado Popular de Salta, donde los peque\u00f1os productores de la provincia podr\u00e1n ofrecer su mercader\u00eda en una relaci\u00f3n directa con el consumidor.<\/p>\n<p>\u201cDe esta manera se fortalece la producci\u00f3n, se protege el bolsillo del consumidor y se asegura que la renta quede en manos de los productores y no de los intermediarios\u201d, remarc\u00f3 Campos Bilbao.<\/p>\n<p>Tambi\u00e9n se entregaron aportes por 1,85 millones de pesos a la Asociaci\u00f3n Calchaqu\u00ed Elaboradores de Vino Artesanal y Casero (ACEVAC) y subsidios a 18 productores salte\u00f1os por un total de 1,24 millones de pesos, para potenciar las econom\u00edas regionales.<\/p>\n<p>Durante la misma jornada, dio el primer paso para desarrollar una imponente obra de riego presurizado en la zona tabacalera del R\u00edo Toro, que permitir\u00e1 disponer gradualmente de nuevas 11.320 hect\u00e1reas con acceso a irrigaci\u00f3n, cuyo resultante ser\u00e1 la posibilidad de diversificar y multiplicar sus capacidades productivas.<\/p>\n<p>Con una inversi\u00f3n de m\u00e1s de 400 millones de pesos, se trata de la obra m\u00e1s importante en riego presurizado gravitacional de Am\u00e9rica del Sur. Ser\u00e1 financiada por la Corporaci\u00f3n Andina de Fomento (CAF) en el marco de la Unidad para el Cambio Rural (UCAR)<\/p>\n<h6>Fuente: La Hora de Salta<\/h6>\n","protected":false},"excerpt":{"rendered":"<p>La Secretaria de Desarrollo Rural del Ministerio de Agricultura, Ganader\u00eda y Pesca de la Naci\u00f3n, Carla Campos Bilbao, resalt\u00f3 la iniciativa del Gobierno Nacional junto a su par salte\u00f1o para potenciar zonas productivas de pueblos originarios con acceso a riego y proyectos de diversificaci\u00f3n. La funcionaria explic\u00f3 que se llamar\u00e1 a licitaci\u00f3n para concretar un<\/p>\n","protected":false},"author":2,"featured_media":26272,"comment_status":"closed","ping_status":"closed","sticky":false,"template":"","format":"standard","meta":{"footnotes":""},"categories":[2],"tags":[9],"class_list":["post-26271","post","type-post","status-publish","format-standard","has-post-thumbnail","hentry","category-informe-municipal","tag-salta"],"_links":{"self":[{"href":"http:\/\/argentinamunicipal.com.ar\/argentina\/wp-json\/wp\/v2\/posts\/26271","targetHints":{"allow":["GET"]}}],"collection":[{"href":"http:\/\/argentinamunicipal.com.ar\/argentina\/wp-json\/wp\/v2\/posts"}],"about":[{"href":"http:\/\/argentinamunicipal.com.ar\/argentina\/wp-json\/wp\/v2\/types\/post"}],"author":[{"embeddable":true,"href":"http:\/\/argentinamunicipal.com.ar\/argentina\/wp-json\/wp\/v2\/users\/2"}],"replies":[{"embeddable":true,"href":"http:\/\/argentinamunicipal.com.ar\/argentina\/wp-json\/wp\/v2\/comments?post=26271"}],"version-history":[{"count":0,"href":"http:\/\/argentinamunicipal.com.ar\/argentina\/wp-json\/wp\/v2\/posts\/26271\/revisions"}],"wp:featuredmedia":[{"embeddable":true,"href":"http:\/\/argentinamunicipal.com.ar\/argentina\/wp-json\/wp\/v2\/media\/26272"}],"wp:attachment":[{"href":"http:\/\/argentinamunicipal.com.ar\/argentina\/wp-json\/wp\/v2\/media?parent=26271"}],"wp:term":[{"taxonomy":"category","embeddable":true,"href":"http:\/\/argentinamunicipal.com.ar\/argentina\/wp-json\/wp\/v2\/categories?post=26271"},{"taxonomy":"post_tag","embeddable":true,"href":"http:\/\/argentinamunicipal.com.ar\/argentina\/wp-json\/wp\/v2\/tags?post=26271"}],"curies":[{"name":"wp","href":"https:\/\/api.w.org\/{rel}","templated":true}]}}