{"id":26309,"date":"2015-03-13T08:54:46","date_gmt":"2015-03-13T11:54:46","guid":{"rendered":"http:\/\/argentinamunicipal.com.ar\/argentina\/?p=26309"},"modified":"2015-04-24T10:28:08","modified_gmt":"2015-04-24T13:28:08","slug":"abrio-sus-puertas-el-parque-urbano-del-bicentenario-el-espacio-recreativo-familiar-mas-grande-de-salta","status":"publish","type":"post","link":"http:\/\/argentinamunicipal.com.ar\/argentina\/abrio-sus-puertas-el-parque-urbano-del-bicentenario-el-espacio-recreativo-familiar-mas-grande-de-salta\/","title":{"rendered":"Abri\u00f3 sus puertas el Parque Urbano del Bicentenario, el espacio recreativo familiar m\u00e1s grande de Salta"},"content":{"rendered":"<p><a href=\"http:\/\/argentinamunicipal.com.ar\/argentina\/wp-content\/uploads\/2015\/03\/0000482591.jpg\"><img loading=\"lazy\" decoding=\"async\" class=\"aligncenter  wp-image-26310\" src=\"http:\/\/argentinamunicipal.com.ar\/argentina\/wp-content\/uploads\/2015\/03\/0000482591.jpg\" alt=\"0000482591\" width=\"624\" height=\"333\" srcset=\"http:\/\/argentinamunicipal.com.ar\/argentina\/wp-content\/uploads\/2015\/03\/0000482591.jpg 1000w, http:\/\/argentinamunicipal.com.ar\/argentina\/wp-content\/uploads\/2015\/03\/0000482591-300x160.jpg 300w\" sizes=\"auto, (max-width: 624px) 100vw, 624px\" \/><\/a><br \/>\nEl espacio cuenta con seis estaciones aer\u00f3bicas, paseo de la bandera, fuentes con aguas danzantes, laguna de 11 hect\u00e1reas, Wi- Fi libre, sector de gastronom\u00eda, servicio de seguridad con un puesto del 9-1-1 y sistema de monitoreo, infraestructura deportiva, entre otras \u00e1reas para los visitantes. El Gobernador Urtubey comparti\u00f3 con las familias las instalaciones y les agradeci\u00f3 la muestra de afecto.<\/p>\n<p>El Parque Urbano Bicentenario abri\u00f3 hoy sus puertas para todos los salte\u00f1os. El espacio recreativo, cultural y social m\u00e1s grande de la Provincia de Salta ya puede ser disfrutado por todos los salte\u00f1os. El gobernador Juan Manuel Urtubey, junto a miles de vecinos que se acercaron al parque, inaugur\u00f3 una de las obras m\u00e1s importantes de los \u00faltimos a\u00f1os.<\/p>\n<p>Durante el recorrido por el parque el Gobernador agradeci\u00f3 la muestra de afectos de todos los chicos \u201ca Magdalena, Candela, Bruno, Mart\u00edn, Miguel, Thiago, Lara y Nahuel y a cada uno de los chicos que se acercaron para agradecerme por el parque. Vi como sus ojos brillan de felicidad porque saben que a partir de hoy pueden ser protagonistas de su propia historia\u201d, afirm\u00f3 Urtubey.<\/p>\n<p>El parque que cuenta con un total de 75 hect\u00e1reas, estar\u00e1 abierto al p\u00fablico, con entrada libre y gratuita, todos los d\u00edas en el horario de 7 a 24 hs.<\/p>\n<p>El espacio que consta de cuatro etapas ya finalizadas, consisti\u00f3 en su primer tramo en la nivelaci\u00f3n y limpieza del terreno, alumbrado p\u00fablico, seis estaciones de juegos infantiles, colocaci\u00f3n de p\u00e9rgola, bancos y basureros. Adem\u00e1s la parquizaci\u00f3n de los canteros en el ingreso al Parque y cortina forestal en el lado norte del mismo, con un total de mil \u00e1rboles. Tambi\u00e9n se cerr\u00f3 el predio, se hizo una garita de seguridad y la cinta asf\u00e1ltica de 3,3 km.<\/p>\n<p>La segunda y tercera que estuvo a cargo de la Secretar\u00eda de Obras P\u00fablicas, se realiz\u00f3 en un predio de 80 hect\u00e1reas que se divide en el \u00e1rea deportiva, con caminer\u00edas, cancha de b\u00e1squet, cancha de f\u00fatbol de pasto sint\u00e9tico, play\u00f3n deportivo y skate park.<\/p>\n<p>La segunda \u00e1rea corresponde a la recreativa con m\u00e1stiles, fuente de agua, \u00e1reas de juegos infantiles, confiter\u00edas, drugstores, sanitarios, puestos de la salud y con equipamientos paisaj\u00edsticos como glorietas, p\u00e9rgolas y bancos para un mejor aprovechamiento de todos los sectores que conforman este parque y en beneficio de las vistas del lago y de las serran\u00edas componentes del entorno.<\/p>\n<p>Por \u00faltimo se encuentra la parte de servicios con dos grupos de n\u00facleos sanitarios, vestuarios, sala de mantenimiento y dep\u00f3sito con oficina para el 911 con sistema de vigilancia con c\u00e1maras y 10 puesto alrededor del parque.<\/p>\n<p>Adem\u00e1s se coloc\u00f3 equipamiento urbano, cuyo rubro contempla: provisi\u00f3n y colocaci\u00f3n de cestos de residuos alrededor de la caminer\u00eda, provisi\u00f3n y colocaci\u00f3n de bancos, carteler\u00eda en todas las columnas de iluminaci\u00f3n, carteles de referencias, mesas y bancos en zonas de estar. Es importante destacar la forestaci\u00f3n con miles de \u00e1rboles destac\u00e1ndose palo borracho y los denominados \u00e1rboles de papel.<\/p>\n<p>La cuarta etapa, la llev\u00f3 adelante la Subsecretar\u00eda de Financiamiento, que realiz\u00f3 los trabajos h\u00eddricos de impermeabilizaci\u00f3n del lago y canales de desag\u00fces pluviales y muelle. Se construy\u00f3 un lago artificial de 11 hect\u00e1reas.<\/p>\n<p><strong>Recital de cierre<\/strong><br \/>\nLuego de la inauguraci\u00f3n oficial, las familias salte\u00f1as disfrutaron del festival gratuito que se llev\u00f3 a cabo en el escenario principal montado en el Parque del Bicentenario. En primer turno Los Izquierdos de la Cueva, con su m\u00fasica folcl\u00f3rica y con ritmos alegres, hicieron bailar a todos los presentes.<\/p>\n<p>Seguidamente y para cerrar la noche, con fuegos artificiales, Mi Karma Gonz\u00e1lez le puso el broche de oro a la inauguraci\u00f3n del parque tem\u00e1tico y cultural del espacio urbano.<\/p>\n<h6>Fuente: La Hora de Salta<\/h6>\n","protected":false},"excerpt":{"rendered":"<p>El espacio cuenta con seis estaciones aer\u00f3bicas, paseo de la bandera, fuentes con aguas danzantes, laguna de 11 hect\u00e1reas, Wi- Fi libre, sector de gastronom\u00eda, servicio de seguridad con un puesto del 9-1-1 y sistema de monitoreo, infraestructura deportiva, entre otras \u00e1reas para los visitantes. El Gobernador Urtubey comparti\u00f3 con las familias las instalaciones y<\/p>\n","protected":false},"author":2,"featured_media":26310,"comment_status":"closed","ping_status":"closed","sticky":false,"template":"","format":"standard","meta":{"footnotes":""},"categories":[2],"tags":[9],"class_list":["post-26309","post","type-post","status-publish","format-standard","has-post-thumbnail","hentry","category-informe-municipal","tag-salta"],"_links":{"self":[{"href":"http:\/\/argentinamunicipal.com.ar\/argentina\/wp-json\/wp\/v2\/posts\/26309","targetHints":{"allow":["GET"]}}],"collection":[{"href":"http:\/\/argentinamunicipal.com.ar\/argentina\/wp-json\/wp\/v2\/posts"}],"about":[{"href":"http:\/\/argentinamunicipal.com.ar\/argentina\/wp-json\/wp\/v2\/types\/post"}],"author":[{"embeddable":true,"href":"http:\/\/argentinamunicipal.com.ar\/argentina\/wp-json\/wp\/v2\/users\/2"}],"replies":[{"embeddable":true,"href":"http:\/\/argentinamunicipal.com.ar\/argentina\/wp-json\/wp\/v2\/comments?post=26309"}],"version-history":[{"count":0,"href":"http:\/\/argentinamunicipal.com.ar\/argentina\/wp-json\/wp\/v2\/posts\/26309\/revisions"}],"wp:featuredmedia":[{"embeddable":true,"href":"http:\/\/argentinamunicipal.com.ar\/argentina\/wp-json\/wp\/v2\/media\/26310"}],"wp:attachment":[{"href":"http:\/\/argentinamunicipal.com.ar\/argentina\/wp-json\/wp\/v2\/media?parent=26309"}],"wp:term":[{"taxonomy":"category","embeddable":true,"href":"http:\/\/argentinamunicipal.com.ar\/argentina\/wp-json\/wp\/v2\/categories?post=26309"},{"taxonomy":"post_tag","embeddable":true,"href":"http:\/\/argentinamunicipal.com.ar\/argentina\/wp-json\/wp\/v2\/tags?post=26309"}],"curies":[{"name":"wp","href":"https:\/\/api.w.org\/{rel}","templated":true}]}}