{"id":26357,"date":"2015-03-13T09:54:05","date_gmt":"2015-03-13T12:54:05","guid":{"rendered":"http:\/\/argentinamunicipal.com.ar\/argentina\/?p=26357"},"modified":"2015-03-13T09:54:05","modified_gmt":"2015-03-13T12:54:05","slug":"obras-de-gas-natural-para-ocho-localidades-del-sur-santafesino","status":"publish","type":"post","link":"http:\/\/argentinamunicipal.com.ar\/argentina\/obras-de-gas-natural-para-ocho-localidades-del-sur-santafesino\/","title":{"rendered":"Obras de gas natural para ocho localidades del sur santafesino"},"content":{"rendered":"<p><a href=\"http:\/\/argentinamunicipal.com.ar\/argentina\/wp-content\/uploads\/2015\/03\/Gasoducto-Neuqu\u00e9n-YPF.jpg\"><img loading=\"lazy\" decoding=\"async\" class=\"aligncenter size-full wp-image-26358\" src=\"http:\/\/argentinamunicipal.com.ar\/argentina\/wp-content\/uploads\/2015\/03\/Gasoducto-Neuqu\u00e9n-YPF.jpg\" alt=\"Gasoducto-Neuqu\u00e9n-YPF\" width=\"500\" height=\"333\" srcset=\"http:\/\/argentinamunicipal.com.ar\/argentina\/wp-content\/uploads\/2015\/03\/Gasoducto-Neuqu\u00e9n-YPF.jpg 500w, http:\/\/argentinamunicipal.com.ar\/argentina\/wp-content\/uploads\/2015\/03\/Gasoducto-Neuqu\u00e9n-YPF-300x200.jpg 300w\" sizes=\"auto, (max-width: 500px) 100vw, 500px\" \/><\/a><br \/>\nSe abrieron ayer los sobres de la licitaci\u00f3n para la construcci\u00f3n del gasoducto Regional Sur. Ramos ponder\u00f3 la obra y otras inversiones.<\/p>\n<p>El secretario de Transporte de la Naci\u00f3n, Alejandro Ramos, encabez\u00f3 ayer en Venado Tuerto el acto de apertura de sobres del gasoducto Regional del Sur. Esta obra, que realiza el gobierno nacional a trav\u00e9s del Ministerio de Planificaci\u00f3n Federal, con una inversi\u00f3n de 183 millones de pesos, abastecer\u00e1 de gas natural a gran parte del sur de la provincia de Santa Fe. A la par de Ramos estuvo el intendente Jos\u00e9 Freyre.<\/p>\n<p>Con esta obra, se beneficiar\u00e1n zonas urbanas y rurales de las localidades de Venado Tuerto, Casilda, Firmat, Chovet, Murphy, Carmen, Melincu\u00e9 y Teodelina, ubicadas en el sur de la bota provincial.<\/p>\n<p>\u201cNos gratifica estar ac\u00e1 junto a Jos\u00e9 (Freyre) avanzando con este gasoducto, que beneficiar\u00e1 a m\u00e1s de 3 mil hogares santafesinos. El Estado nacional cumple el rol activo que debe tener, acompa\u00f1ando las necesidades de los pueblos, y realizando las obras en Santa Fe, ante la ausencia del gobierno provincial\u201d, se\u00f1al\u00f3 Ramos, quien\u00a0 adem\u00e1s es candidato a vicegobernador de la provincia en la f\u00f3rmula que encabeza Omar Perotti.<\/p>\n<p>Plan de obra. Asimismo, el funcionario nacional, quien asisti\u00f3 acompa\u00f1ado de la diputada provincial Erika Gonnet, destac\u00f3 \u201cel plan de obra integral de 700 kil\u00f3metros de v\u00edas del Belgrano Cargas en la provincia de Santa Fe, en los cuales est\u00e1n incluidos la renovaci\u00f3n de 250 kil\u00f3metros de v\u00edas con una inversi\u00f3n de 1.600 millones de pesos del acuerdo con China, que ser\u00e1 de gran impacto en la mano de obra para Venado Tuerto y la regi\u00f3n, como as\u00ed tambi\u00e9n una mejora en la capacidad de carga\u201d.<\/p>\n<p>Seguridad y pavimento.\u2002\u201cTambi\u00e9n, esta ciudad recibir\u00e1 40 millones de pesos que se invertir\u00e1n en seguridad energ\u00e9tica, con una obra de recambio total de tendido de media y baja tensi\u00f3n, y se va a ejecutar el plan de pavimentaci\u00f3n de 44 cuadras, que otorga la Naci\u00f3n, mediante el Plan M\u00e1s Cerca. Todas estas obras, ser\u00e1n fundamentales para el desarrollo de nuestras ciudades\u201d, puntualiz\u00f3 Ramos.<\/p>\n<p>Posteriormente, el candidato a vicegobernador, en la f\u00f3rmula que encabeza Omar Perotti por el Frente Justicialista para la Victoria, manifest\u00f3 su fuerte apoyo \u201ca los intendentes y presidentes comunales que gestionan para su gente, con pol\u00edticas activas para el desarrollo de sus territorios\u201d.<\/p>\n<p>Y para finalizar, el funcionario agreg\u00f3: \u201cPara nosotros, lo primero es la provincia de Santa Fe, su crecimiento\u201d, y que los habitantes de este territorio \u201cpodemos vivir cada d\u00eda mejor, con mayor seguridad y en paz\u201d.<\/p>\n<h6>Fuente: La Capital, Rosario<\/h6>\n","protected":false},"excerpt":{"rendered":"<p>Se abrieron ayer los sobres de la licitaci\u00f3n para la construcci\u00f3n del gasoducto Regional Sur. Ramos ponder\u00f3 la obra y otras inversiones. El secretario de Transporte de la Naci\u00f3n, Alejandro Ramos, encabez\u00f3 ayer en Venado Tuerto el acto de apertura de sobres del gasoducto Regional del Sur. Esta obra, que realiza el gobierno nacional a<\/p>\n","protected":false},"author":2,"featured_media":26358,"comment_status":"closed","ping_status":"closed","sticky":false,"template":"","format":"standard","meta":{"footnotes":""},"categories":[2],"tags":[10],"class_list":["post-26357","post","type-post","status-publish","format-standard","has-post-thumbnail","hentry","category-informe-municipal","tag-santa-fe"],"_links":{"self":[{"href":"http:\/\/argentinamunicipal.com.ar\/argentina\/wp-json\/wp\/v2\/posts\/26357","targetHints":{"allow":["GET"]}}],"collection":[{"href":"http:\/\/argentinamunicipal.com.ar\/argentina\/wp-json\/wp\/v2\/posts"}],"about":[{"href":"http:\/\/argentinamunicipal.com.ar\/argentina\/wp-json\/wp\/v2\/types\/post"}],"author":[{"embeddable":true,"href":"http:\/\/argentinamunicipal.com.ar\/argentina\/wp-json\/wp\/v2\/users\/2"}],"replies":[{"embeddable":true,"href":"http:\/\/argentinamunicipal.com.ar\/argentina\/wp-json\/wp\/v2\/comments?post=26357"}],"version-history":[{"count":0,"href":"http:\/\/argentinamunicipal.com.ar\/argentina\/wp-json\/wp\/v2\/posts\/26357\/revisions"}],"wp:featuredmedia":[{"embeddable":true,"href":"http:\/\/argentinamunicipal.com.ar\/argentina\/wp-json\/wp\/v2\/media\/26358"}],"wp:attachment":[{"href":"http:\/\/argentinamunicipal.com.ar\/argentina\/wp-json\/wp\/v2\/media?parent=26357"}],"wp:term":[{"taxonomy":"category","embeddable":true,"href":"http:\/\/argentinamunicipal.com.ar\/argentina\/wp-json\/wp\/v2\/categories?post=26357"},{"taxonomy":"post_tag","embeddable":true,"href":"http:\/\/argentinamunicipal.com.ar\/argentina\/wp-json\/wp\/v2\/tags?post=26357"}],"curies":[{"name":"wp","href":"https:\/\/api.w.org\/{rel}","templated":true}]}}