{"id":26360,"date":"2015-03-13T09:57:29","date_gmt":"2015-03-13T12:57:29","guid":{"rendered":"http:\/\/argentinamunicipal.com.ar\/argentina\/?p=26360"},"modified":"2015-03-13T09:57:29","modified_gmt":"2015-03-13T12:57:29","slug":"la-crecida-del-carcarana-no-para-y-en-algunos-sectores-es-desesperante","status":"publish","type":"post","link":"http:\/\/argentinamunicipal.com.ar\/argentina\/la-crecida-del-carcarana-no-para-y-en-algunos-sectores-es-desesperante\/","title":{"rendered":"La crecida del Carcara\u00f1\u00e1 no para y en algunos sectores es desesperante"},"content":{"rendered":"<div id=\"attachment_26361\" style=\"width: 631px\" class=\"wp-caption aligncenter\"><a href=\"http:\/\/argentinamunicipal.com.ar\/argentina\/wp-content\/uploads\/2015\/03\/LR1601-Suarez_Meccia.jpg_88717827.jpg\"><img loading=\"lazy\" decoding=\"async\" aria-describedby=\"caption-attachment-26361\" class=\"size-full wp-image-26361\" src=\"http:\/\/argentinamunicipal.com.ar\/argentina\/wp-content\/uploads\/2015\/03\/LR1601-Suarez_Meccia.jpg_88717827.jpg\" alt=\"La situaci\u00f3n en el barrio Formose\u00f1o se complic\u00f3 a\u00fan m\u00e1s y siguen las evacuaciones.\" width=\"621\" height=\"465\" srcset=\"http:\/\/argentinamunicipal.com.ar\/argentina\/wp-content\/uploads\/2015\/03\/LR1601-Suarez_Meccia.jpg_88717827.jpg 621w, http:\/\/argentinamunicipal.com.ar\/argentina\/wp-content\/uploads\/2015\/03\/LR1601-Suarez_Meccia.jpg_88717827-300x225.jpg 300w\" sizes=\"auto, (max-width: 621px) 100vw, 621px\" \/><\/a><p id=\"caption-attachment-26361\" class=\"wp-caption-text\">La situaci\u00f3n en el barrio Formose\u00f1o se complic\u00f3 a\u00fan m\u00e1s y siguen las evacuaciones.<\/p><\/div>\n<p>El agua toc\u00f3 la base del puente ferroviario. Sobre el carretero s\u00f3lo circulan pocos veh\u00edculos. El barrio Formose\u00f1o, casi aislado. El nivel del agua subi\u00f3 un metro y medio en seis horas.<\/p>\n<p>&nbsp;<\/p>\n<p>Cuando en Carcara\u00f1\u00e1 y la zona se esperaba que el nivel del r\u00edo comenzara a bajar, la realidad mostr\u00f3 otra cara. Ayer el nivel del agua subi\u00f3 un metro y medio en apenas seis horas y la situaci\u00f3n empeor\u00f3 para los vecinos del barrio Formose\u00f1o.<\/p>\n<p>Ricardo Quiroz, coordinador de Protecci\u00f3n de Defensa Civil municipal, confirm\u00f3 a La\u2002Capital que \u201cel r\u00edo est\u00e1 creciendo y tom\u00f3 parte de la calle de ingreso al barrio Formose\u00f1o, algo que desesper\u00f3 a los vecinos, por lo que mujeres y ni\u00f1os ya se est\u00e1n retirando\u201d.<\/p>\n<p>Quiroz, qui\u00e9n realiz\u00f3 sus propias mediciones de controles sobre el asfalto de ruta 9 en el sector del puente, afirm\u00f3 que desde la medianoche y hasta las seis de la ma\u00f1ana de ayer registr\u00f3 un metro y medio m\u00e1s que el d\u00eda anterior.<\/p>\n<p>Ayer el municipio sac\u00f3 a otras cuatro familias del barrio Formose\u00f1o y fueron trasladadas a casas de familiares por lo que ya son unas 25 las que se tuvieron que ir. En tanto, m\u00e1s de diez viviendas precarias quedaron bajo el agua. Algunas tienen hasta 70 cent\u00edmetros dentro de ellas.<\/p>\n<p>\u201cPor ahora la calle de acceso al barrio est\u00e1 abierta, pero si sigue creciendo, se la va a cortar. Desde aguas arriba nos dicen que el r\u00edo est\u00e1 bajando pero todo eso viene para ac\u00e1. Todav\u00eda no ha llegado el pico de la crecida, esperemos que sea lo \u00faltimo y no siga creciendo m\u00e1s\u201d, analiz\u00f3 Quiroz.<\/p>\n<p>En el puente carretero, hasta ayer s\u00f3lo pasaban algunos veh\u00edculos livianos y el agua toc\u00f3 la base del puente del ferrocarril. La autopista Rosario-C\u00f3rdoba contin\u00faa siendo el \u00fanico camino para transitar. Los desv\u00edos en ruta 9 se hacen en su intersecci\u00f3n con la S-24 y en el acceso de Correa.<\/p>\n<p>Desde hace tres d\u00edas no est\u00e1 produciendo la empresa harinera El Molino, ubicada en la margen del r\u00edo del lado de Correa, dijeron fuentes cercanas. El agua ingres\u00f3, por medio de filtraciones en las paredes, a los s\u00f3tanos donde est\u00e1 la maquinaria y se est\u00e1 trabajando con bombas para extraerla. La firma coloc\u00f3 bolsas con tierra para proteger el sector de oficinas. \u201cEst\u00e1n haciendo un buen trabajo de ingenier\u00eda\u201d, resalt\u00f3 Quiroz.<\/p>\n<p><strong>Recomendaci\u00f3n<\/strong>. El municipio comunic\u00f3 que \u201cdebido a la intensa crecida del Carcara\u00f1\u00e1, la cual est\u00e1 trayendo significativos perjuicios materiales y ambientales, se recomienda no efectuar actividades de pesca sobre el r\u00edo, ni abordarlo con lanchas, canoas o cualquier otra embarcaci\u00f3n debido a la peligrosidad de la corriente y su constante avance\u201d.<\/p>\n<p>Y agreg\u00f3 que \u201cdesde el Ministerio de Medio Ambiente se sugiere a toda la regi\u00f3n no consumir peces extra\u00eddos de dichas aguas hasta tanto no se determine si es propicio el estado de salubridad de los mismos\u201d.<\/p>\n<p>El coordinador de Protecci\u00f3n de Defensa Civil destac\u00f3 que no hay controles de pescadores. En cuanto al no consumo de pescados \u201ccorre de boca en boca entre vecinos porque el agua tiene olor feo y algunos que han ingerido esos pescados han tenido sus consecuencias con diarrea y v\u00f3mitos\u201d.<\/p>\n<p>A su vez, explic\u00f3 que el r\u00edo se expandi\u00f3 para los costados y abarc\u00f3 los campos con soja a los que le ha pegado una lavada y esos cultivos contienen herbicidas. \u201cHay que estudiarlo para saber qu\u00e9 es lo que pasa\u201d.<\/p>\n<p>Las autoridades locales tambi\u00e9n solicitaron evitar el acceso o concurrencia a los lugares afectados tales como los aleda\u00f1os al puente carretero y barrio Formose\u00f1o, \u201cpara evitar as\u00ed molestias tanto al personal a cargo del operativo de resguardo,como tambi\u00e9n a los vecinos que padecen este flagelo\u201d.<\/p>\n<p><strong>Alerta y mortandad de peces en Andino<\/strong><\/p>\n<p>Las autoridades de la comuna de Andino permanec\u00edan en estado de alerta ayer, ante la llegada a la zona de un gran caudal de agua del Carcara\u00f1\u00e1 que estaba a punto de rebasar el puente de la ruta provincial 10 que une a esta localidad con Aldao y San Lorenzo.<\/p>\n<p>Fuentes comunales indicaron a La\u2002Capital que las autoridades estaban movilizadas junto a Protecci\u00f3n Civil de la provincia, y que aunque algunos pobladores se hab\u00edan autoevacuado, la situaci\u00f3n estaba controlada.<\/p>\n<p>En el plano ambiental, trascendi\u00f3 que en las costas\u00a0 se\u00a0 apreciaba gran cantidad de peces muertos. El hecho fue difundido en las redes sociales por los pobladores.<\/p>\n<p>La situaci\u00f3n de alerta que se viv\u00eda en la localidad impidi\u00f3 una respuesta sobre la cuesti\u00f3n, pero en la comuna se especulaba con que el hecho era consecuencia del \u201clavado\u201d de los campos de la cuenca, donde fueron a parar agroqu\u00edmicos y materia de los feed-lot.<\/p>\n<p>Gustavo Gorostarzu, de la agrupaci\u00f3n ecologista Los Verdes coincidi\u00f3 con que la mortandad de peces se relaciona con el traspaso de agroqu\u00edmicos al agua,\u201cLos cauces de la regi\u00f3n tienen poca pendiente y eso facilita la permanencia prolongada de estas sustancias\u201d.<\/p>\n<p><strong>El Senado nacional aprob\u00f3 la declaraci\u00f3n de emergencia y desastre<\/strong><\/p>\n<p>La C\u00e1mara de Senadores de la Naci\u00f3n aprob\u00f3 por unanimidad el proyecto, impulsado por el legislador santafesino Rub\u00e9n Giustiniani, que plantea la necesidad de establecer por 180 d\u00edas la declaraci\u00f3n de emergencia y desastre por las inundaciones a los departamentos afectados en el territorio de Santa Fe, adem\u00e1s de otras provincias argentinas afectadas por lluvias e incendios.<\/p>\n<p>\u201cEl exceso de precipitaciones en importantes zonas de la provincia de Santa Fe y otros territorios argentinos caus\u00f3 graves perjuicios a numerosas familias y a sectores productivos, tanto en zonas urbanas como rurales. Las lluvias afectaron tanto los cultivos como las actividades ganaderas, delineando un preocupante horizonte para sectores productivos muy importantes para las provincias afectadas\u201d, sostuvo Giustiniani, quien present\u00f3 e impuls\u00f3 el tratamiento del proyecto en el Congreso nacional.<\/p>\n<p>La normativa declara zona de emergencia y desastre por inundaciones a las \u00e1reas m\u00e1s afectadas de las provincias de Santa Fe, C\u00f3rdoba, Catamarca, Santiago del Estero y Tucum\u00e1n, pero tambi\u00e9n a la provincia de Chubut azotada por incendios que arruinaron grandes superficies.<\/p>\n<p>En la provincia de Santa Fe, la declaraci\u00f3n incluye a los departamentos La Capital, 9 de Julio, Castellanos, San Crist\u00f3bal, Las Colonias, San Justo, San Jer\u00f3nimo, San Mart\u00edn, Constituci\u00f3n, Rosario, San Lorenzo y General L\u00f3pez.<\/p>\n<p><strong>Productores del norte piden acci\u00f3n a la provincia<\/strong><\/p>\n<p>Productores agropecuarios e industriales ligados al Consejo Regional Econ\u00f3mico del Norte Santafesino se encuentran en estado de movilizaci\u00f3n y alerta esperando definiciones del gobierno provincial en torno de los graves inconvenientes causados por los excesos h\u00eddricos en los departamentos 9 de Julio y San Crist\u00f3bal.<\/p>\n<p>\u201cEs urgente una reuni\u00f3n donde expliquen cu\u00e1les son las propuestas respecto a la recomposici\u00f3n de la red caminera, pol\u00edticas h\u00eddricas para la regi\u00f3n, programas de asistencia para el peque\u00f1o y mediano productor y declaraci\u00f3n de emergencia y desastre\u201d, dijeron en un comunicado.<\/p>\n<p>La entidad considera que se agotan los tiempos y piden a la provincia que env\u00ede a funcionarios con poder de decisi\u00f3n\u00a0 al menos de los Ministerios de Aguas y de la Producci\u00f3n, y que \u201ccomo muestra de inter\u00e9s, dicha delegaci\u00f3n la presidiera el gobernador provincial\u201d.<\/p>\n<h6>Fuente: La Capital, Rosario<\/h6>\n","protected":false},"excerpt":{"rendered":"<p>El agua toc\u00f3 la base del puente ferroviario. Sobre el carretero s\u00f3lo circulan pocos veh\u00edculos. El barrio Formose\u00f1o, casi aislado. El nivel del agua subi\u00f3 un metro y medio en seis horas. &nbsp; Cuando en Carcara\u00f1\u00e1 y la zona se esperaba que el nivel del r\u00edo comenzara a bajar, la realidad mostr\u00f3 otra cara. Ayer<\/p>\n","protected":false},"author":2,"featured_media":26361,"comment_status":"closed","ping_status":"closed","sticky":false,"template":"","format":"standard","meta":{"footnotes":""},"categories":[48],"tags":[10],"class_list":["post-26360","post","type-post","status-publish","format-standard","has-post-thumbnail","hentry","category-contingencias","tag-santa-fe"],"_links":{"self":[{"href":"http:\/\/argentinamunicipal.com.ar\/argentina\/wp-json\/wp\/v2\/posts\/26360","targetHints":{"allow":["GET"]}}],"collection":[{"href":"http:\/\/argentinamunicipal.com.ar\/argentina\/wp-json\/wp\/v2\/posts"}],"about":[{"href":"http:\/\/argentinamunicipal.com.ar\/argentina\/wp-json\/wp\/v2\/types\/post"}],"author":[{"embeddable":true,"href":"http:\/\/argentinamunicipal.com.ar\/argentina\/wp-json\/wp\/v2\/users\/2"}],"replies":[{"embeddable":true,"href":"http:\/\/argentinamunicipal.com.ar\/argentina\/wp-json\/wp\/v2\/comments?post=26360"}],"version-history":[{"count":0,"href":"http:\/\/argentinamunicipal.com.ar\/argentina\/wp-json\/wp\/v2\/posts\/26360\/revisions"}],"wp:featuredmedia":[{"embeddable":true,"href":"http:\/\/argentinamunicipal.com.ar\/argentina\/wp-json\/wp\/v2\/media\/26361"}],"wp:attachment":[{"href":"http:\/\/argentinamunicipal.com.ar\/argentina\/wp-json\/wp\/v2\/media?parent=26360"}],"wp:term":[{"taxonomy":"category","embeddable":true,"href":"http:\/\/argentinamunicipal.com.ar\/argentina\/wp-json\/wp\/v2\/categories?post=26360"},{"taxonomy":"post_tag","embeddable":true,"href":"http:\/\/argentinamunicipal.com.ar\/argentina\/wp-json\/wp\/v2\/tags?post=26360"}],"curies":[{"name":"wp","href":"https:\/\/api.w.org\/{rel}","templated":true}]}}