{"id":26373,"date":"2015-03-13T08:10:05","date_gmt":"2015-03-13T11:10:05","guid":{"rendered":"http:\/\/argentinamunicipal.com.ar\/argentina\/?p=26373"},"modified":"2015-03-13T10:15:11","modified_gmt":"2015-03-13T13:15:11","slug":"provincia-de-tucuman-y-nacion-confeccionan-un-proyecto-ejecutivo-para-reparar-obras-de-infraestructura","status":"publish","type":"post","link":"http:\/\/argentinamunicipal.com.ar\/argentina\/provincia-de-tucuman-y-nacion-confeccionan-un-proyecto-ejecutivo-para-reparar-obras-de-infraestructura\/","title":{"rendered":"Provincia de Tucum\u00e1n y Naci\u00f3n confeccionan un proyecto ejecutivo para reparar obras de infraestructura"},"content":{"rendered":"<p><a href=\"http:\/\/argentinamunicipal.com.ar\/argentina\/wp-content\/uploads\/2015\/03\/008104.jpg\"><img loading=\"lazy\" decoding=\"async\" class=\"alignleft size-full wp-image-26374\" src=\"http:\/\/argentinamunicipal.com.ar\/argentina\/wp-content\/uploads\/2015\/03\/008104.jpg\" alt=\"008104\" width=\"480\" height=\"288\" srcset=\"http:\/\/argentinamunicipal.com.ar\/argentina\/wp-content\/uploads\/2015\/03\/008104.jpg 480w, http:\/\/argentinamunicipal.com.ar\/argentina\/wp-content\/uploads\/2015\/03\/008104-300x180.jpg 300w\" sizes=\"auto, (max-width: 480px) 100vw, 480px\" \/><\/a>\u201cHablando con Vialidad, el monto estimado en cuanto a los da\u00f1os por el temporal ser\u00eda alrededor de 200 millones de pesos\u201d, inform\u00f3 esta ma\u00f1ana el gobernador, Jos\u00e9 Alperovich, al confirmar que una comitiva de funcionarios nacionales, encabezada por el subsecretario de Recursos H\u00eddricos del pa\u00eds, Edgardo Bortolozzi, realiza un relevamiento de los da\u00f1os en infraestructura.<\/p>\n<p>\u201cHa venido gente de la Naci\u00f3n que est\u00e1 sobrevolando la provincia, hay problemas en 9 puentes, el canal Norte y el canal Sur\u201d, detall\u00f3 el primer mandatario.<\/p>\n<p>Alperovicha adem\u00e1s\u00a0explic\u00f3: \u201cpara poder empezar a trabajar en las soluciones y que la naci\u00f3n nos d\u00e9 una mano, necesitamos un proyecto ejecutivo y por eso estamos con todos los t\u00e9cnicos haciendo el relevamiento\u201d.<\/p>\n<p>El gobernador inform\u00f3 que el mi\u00e9rcoles el equipo de especialistas nacionales mantuvieron una reuni\u00f3n con en todos los sectores y con los intendentes de las zonas afectadas. El objetivo, destac\u00f3 Alperovich es \u201cque se lleven una idea clara de lo que est\u00e1 pasando en Tucum\u00e1n\u201d.<\/p>\n<h6>Fuente: Tucum\u00e1n Hoy<\/h6>\n","protected":false},"excerpt":{"rendered":"<p>\u201cHablando con Vialidad, el monto estimado en cuanto a los da\u00f1os por el temporal ser\u00eda alrededor de 200 millones de pesos\u201d, inform\u00f3 esta ma\u00f1ana el gobernador, Jos\u00e9 Alperovich, al confirmar que una comitiva de funcionarios nacionales, encabezada por el subsecretario de Recursos H\u00eddricos del pa\u00eds, Edgardo Bortolozzi, realiza un relevamiento de los da\u00f1os en infraestructura.<\/p>\n","protected":false},"author":2,"featured_media":26374,"comment_status":"closed","ping_status":"closed","sticky":false,"template":"","format":"standard","meta":{"footnotes":""},"categories":[2],"tags":[33],"class_list":["post-26373","post","type-post","status-publish","format-standard","has-post-thumbnail","hentry","category-informe-municipal","tag-tucuman"],"_links":{"self":[{"href":"http:\/\/argentinamunicipal.com.ar\/argentina\/wp-json\/wp\/v2\/posts\/26373","targetHints":{"allow":["GET"]}}],"collection":[{"href":"http:\/\/argentinamunicipal.com.ar\/argentina\/wp-json\/wp\/v2\/posts"}],"about":[{"href":"http:\/\/argentinamunicipal.com.ar\/argentina\/wp-json\/wp\/v2\/types\/post"}],"author":[{"embeddable":true,"href":"http:\/\/argentinamunicipal.com.ar\/argentina\/wp-json\/wp\/v2\/users\/2"}],"replies":[{"embeddable":true,"href":"http:\/\/argentinamunicipal.com.ar\/argentina\/wp-json\/wp\/v2\/comments?post=26373"}],"version-history":[{"count":0,"href":"http:\/\/argentinamunicipal.com.ar\/argentina\/wp-json\/wp\/v2\/posts\/26373\/revisions"}],"wp:featuredmedia":[{"embeddable":true,"href":"http:\/\/argentinamunicipal.com.ar\/argentina\/wp-json\/wp\/v2\/media\/26374"}],"wp:attachment":[{"href":"http:\/\/argentinamunicipal.com.ar\/argentina\/wp-json\/wp\/v2\/media?parent=26373"}],"wp:term":[{"taxonomy":"category","embeddable":true,"href":"http:\/\/argentinamunicipal.com.ar\/argentina\/wp-json\/wp\/v2\/categories?post=26373"},{"taxonomy":"post_tag","embeddable":true,"href":"http:\/\/argentinamunicipal.com.ar\/argentina\/wp-json\/wp\/v2\/tags?post=26373"}],"curies":[{"name":"wp","href":"https:\/\/api.w.org\/{rel}","templated":true}]}}