{"id":2643,"date":"2014-03-02T18:29:35","date_gmt":"2014-03-02T21:29:35","guid":{"rendered":"http:\/\/argentinamunicipal.com.ar\/argentina\/?p=2643"},"modified":"2014-03-02T18:29:35","modified_gmt":"2014-03-02T21:29:35","slug":"nacion-trabaja-en-la-eliminacion-de-subsidios-a-servicios-publicos","status":"publish","type":"post","link":"http:\/\/argentinamunicipal.com.ar\/argentina\/nacion-trabaja-en-la-eliminacion-de-subsidios-a-servicios-publicos\/","title":{"rendered":"Naci\u00f3n trabaja en la eliminaci\u00f3n de subsidios a servicios p\u00fablicos"},"content":{"rendered":"<p><a href=\"http:\/\/argentinamunicipal.com.ar\/argentina\/wp-content\/uploads\/2014\/03\/factura-edenor.jpg\"><img loading=\"lazy\" decoding=\"async\" class=\"aligncenter size-full wp-image-2644\" alt=\"factura-edenor\" src=\"http:\/\/argentinamunicipal.com.ar\/argentina\/wp-content\/uploads\/2014\/03\/factura-edenor.jpg\" width=\"780\" height=\"479\" srcset=\"http:\/\/argentinamunicipal.com.ar\/argentina\/wp-content\/uploads\/2014\/03\/factura-edenor.jpg 780w, http:\/\/argentinamunicipal.com.ar\/argentina\/wp-content\/uploads\/2014\/03\/factura-edenor-300x184.jpg 300w\" sizes=\"auto, (max-width: 780px) 100vw, 780px\" \/><\/a><\/p>\n<p>El ministro de Econom\u00eda, Axel Kicillof, dijo que el Gobierno trabaja en la eliminaci\u00f3n de subsidios a los servicios p\u00fablicos \u201cpara los que m\u00e1s tienen\u201d, pero advirti\u00f3 que cuando eso suceda \u201cno los quiero ver salir a protestar por pagar lo que corresponde\u201d.<\/p>\n<p>\u201cVenimos trabajando en el concepto de equidad tarifaria\u201d, sobre los servicios de luz, gas y agua. \u201cLas tarifas vienen con un subsidio, porque el costo de producci\u00f3n de ese servicio es mayor al que se paga por concepto de tarifa. Esa diferencia la paga el Estado. El problema es que en la diferencia del valor de los subsidios se generan situaciones de inequidad\u201d, explic\u00f3 en declaraciones a Radio Continental.<\/p>\n<p>En ese marco, coment\u00f3 que \u201csi se pagara el costo entero sin subsidio repercutir\u00eda en el bolsillo de la gente y en los costos (de producci\u00f3n) de las empresas, y eso repercute en la productividad y la competitividad de la econom\u00eda\u201d, aunque remarc\u00f3 que \u201cesto no pasa de casualidad, y que este gobierno est\u00e1 de acuerdo con esto\u201d.<\/p>\n<p>Sin embargo, anticip\u00f3 nuevos recortes del beneficio para los sectores m\u00e1s pudientes. \u201cLo que estamos implementando desde el Gobierno es una pol\u00edtica de crecimiento y distribuci\u00f3n del ingreso. Porque hay muchas diferencias a lo largo del pa\u00eds. Por eso, vamos a sostener los subsidios para los que menos tienen y quitarlos para los que m\u00e1s tienen, de manera tal de generar un sistema de subsidios m\u00e1s equitativo\u201d, enfatiz\u00f3.<\/p>\n<p>\u201cEl Gobierno puso un sistema de renuncia voluntaria de subsidios, en donde quien se siente avergonzado puede renunciar. Yo renunci\u00e9 y mucha renunci\u00f3, pero la gran mayor\u00eda no y dicen que est\u00e1n pagando muy poco. No los quiero ver salir a protestar a la calle cuando paguen lo que corresponda\u201d, complet\u00f3.<\/p>\n<p>Kicillof explic\u00f3 que 32.398 personas realizaron la renuncia voluntaria a los subsidios, seg\u00fan el registro publicado en la Web del Ministerio de Planificaci\u00f3n Federal. Ese total acept\u00f3 pagar la tarifa completa de 61.353 servicios, que se dividen en 15.373 de agua, 21.928 de gas y 24.052 de electricidad.<\/p>\n<h2>Precios Cuidados<\/h2>\n<p>Respecto al Programa Precios Cuidados, el titular del Palacio de Hacienda resalt\u00f3 que \u201ces din\u00e1mico\u201d, aunque admiti\u00f3 a la vez que se han registrado \u201cincumplimientos de los supermercados\u201d. \u201cHa habido problemas por ejemplo con la yerba mate, porque el producto acordado no estaba en g\u00f3ndola. Los que aplican los precios son los que venden. Y originan un marco de psicosis desde los medios, pero todo lo que pronosticaron no ocurri\u00f3. Dec\u00edan que Precios Cuidados era un fracaso, pero es un \u00e9xito\u201d, se\u00f1al\u00f3 el ministro.<\/p>\n<p>Y agreg\u00f3 que \u201cno se sabe si no hay (productos de los Precios Cuidados) en g\u00f3ndola por el supermercado\u201d o por otro motivo. \u201cSe est\u00e1n aplicando multas que esperemos no las trabe la Justicia\u00bb, dijo el ministro, quien tambi\u00e9n resalt\u00f3 que en el pa\u00eds \u00abhace 10 a\u00f1os que los salarios van encima de los precios\u201d.<\/p>\n<h6>Fuente: La Ma\u00f1ana de C\u00f3rdoba<\/h6>\n","protected":false},"excerpt":{"rendered":"<p>El ministro de Econom\u00eda, Axel Kicillof, dijo que el Gobierno trabaja en la eliminaci\u00f3n de subsidios a los servicios p\u00fablicos \u201cpara los que m\u00e1s tienen\u201d, pero advirti\u00f3 que cuando eso suceda \u201cno los quiero ver salir a protestar por pagar lo que corresponde\u201d. \u201cVenimos trabajando en el concepto de equidad tarifaria\u201d, sobre los servicios de<\/p>\n","protected":false},"author":1,"featured_media":2644,"comment_status":"closed","ping_status":"closed","sticky":false,"template":"","format":"standard","meta":{"footnotes":""},"categories":[8],"tags":[21],"class_list":["post-2643","post","type-post","status-publish","format-standard","has-post-thumbnail","hentry","category-informe-nacional","tag-argentina"],"_links":{"self":[{"href":"http:\/\/argentinamunicipal.com.ar\/argentina\/wp-json\/wp\/v2\/posts\/2643","targetHints":{"allow":["GET"]}}],"collection":[{"href":"http:\/\/argentinamunicipal.com.ar\/argentina\/wp-json\/wp\/v2\/posts"}],"about":[{"href":"http:\/\/argentinamunicipal.com.ar\/argentina\/wp-json\/wp\/v2\/types\/post"}],"author":[{"embeddable":true,"href":"http:\/\/argentinamunicipal.com.ar\/argentina\/wp-json\/wp\/v2\/users\/1"}],"replies":[{"embeddable":true,"href":"http:\/\/argentinamunicipal.com.ar\/argentina\/wp-json\/wp\/v2\/comments?post=2643"}],"version-history":[{"count":0,"href":"http:\/\/argentinamunicipal.com.ar\/argentina\/wp-json\/wp\/v2\/posts\/2643\/revisions"}],"wp:featuredmedia":[{"embeddable":true,"href":"http:\/\/argentinamunicipal.com.ar\/argentina\/wp-json\/wp\/v2\/media\/2644"}],"wp:attachment":[{"href":"http:\/\/argentinamunicipal.com.ar\/argentina\/wp-json\/wp\/v2\/media?parent=2643"}],"wp:term":[{"taxonomy":"category","embeddable":true,"href":"http:\/\/argentinamunicipal.com.ar\/argentina\/wp-json\/wp\/v2\/categories?post=2643"},{"taxonomy":"post_tag","embeddable":true,"href":"http:\/\/argentinamunicipal.com.ar\/argentina\/wp-json\/wp\/v2\/tags?post=2643"}],"curies":[{"name":"wp","href":"https:\/\/api.w.org\/{rel}","templated":true}]}}