{"id":26432,"date":"2015-03-14T10:26:15","date_gmt":"2015-03-14T13:26:15","guid":{"rendered":"http:\/\/argentinamunicipal.com.ar\/argentina\/?p=26432"},"modified":"2015-03-14T10:26:15","modified_gmt":"2015-03-14T13:26:15","slug":"intendentes-entrerrianos-se-reunieron-con-de-vido","status":"publish","type":"post","link":"http:\/\/argentinamunicipal.com.ar\/argentina\/intendentes-entrerrianos-se-reunieron-con-de-vido\/","title":{"rendered":"Intendentes entrerrianos se reunieron con De Vido"},"content":{"rendered":"<div id=\"attachment_26433\" style=\"width: 650px\" class=\"wp-caption aligncenter\"><a href=\"http:\/\/argentinamunicipal.com.ar\/argentina\/wp-content\/uploads\/2015\/03\/o_1426305828.jpg\"><img loading=\"lazy\" decoding=\"async\" aria-describedby=\"caption-attachment-26433\" class=\"size-full wp-image-26433\" src=\"http:\/\/argentinamunicipal.com.ar\/argentina\/wp-content\/uploads\/2015\/03\/o_1426305828.jpg\" alt=\"En la reuni\u00f3n con De Vido estuvieron los intendentes entrerrianos Jos\u00e9 Nogueira y Blanca Osuna.\" width=\"640\" height=\"360\" srcset=\"http:\/\/argentinamunicipal.com.ar\/argentina\/wp-content\/uploads\/2015\/03\/o_1426305828.jpg 640w, http:\/\/argentinamunicipal.com.ar\/argentina\/wp-content\/uploads\/2015\/03\/o_1426305828-300x169.jpg 300w\" sizes=\"auto, (max-width: 640px) 100vw, 640px\" \/><\/a><p id=\"caption-attachment-26433\" class=\"wp-caption-text\">En la reuni\u00f3n con De Vido estuvieron los intendentes entrerrianos Jos\u00e9 Nogueira y Blanca Osuna.<\/p><\/div>\n<p>Los intendentes de Paran\u00e1, Blanca Osuna, y La Paz, Jos\u00e9 Nogueira, junto a sus pares de diferentes ciudades del pa\u00eds, se reunieron en Buenos Aires con el ministro de Planificaci\u00f3n Federal, Julio De Vido, para trabajar sobre el plan de obras p\u00fablicas que se llevan adelante en las diferentes localidades con el apoyo del gobierno nacional.<\/p>\n<p>El encuentro de los jefes comunales con De Vido se concret\u00f3 ayer al mediod\u00eda en la sede de La Federaci\u00f3n Argentina de Municipios (FAM), donde all\u00ed el ministro brind\u00f3 un detallado informe de las obras realizadas en los municipios con el aporte de la Naci\u00f3n y el plan elaborado por el gobierno central. Adem\u00e1s, dio cuenta de los lineamientos bajados por Cristina Fern\u00e1ndez de Kirchner y marc\u00f3 las diferencias del actual proyecto de gobierno con \u201cotras recetas y f\u00f3rmulas\u201d que tiene como meta \u201cel ajuste\u201d.<\/p>\n<p>\u201cLa Presidenta nos marca una estrategia muy clara, tenemos que mostrar todo lo que se ha hecho estos a\u00f1os y ver en n\u00fameros lo concretado en el pa\u00eds. Nuestra tarea siempre fue fuertemente municipalista porqu\u00e9 as\u00ed lo marcaron desde un comienzo N\u00e9stor y Cristina Kirchner\u201d, indic\u00f3 De Vido.<\/p>\n<p>Dijo tambi\u00e9n que \u201clas dem\u00e1s propuestas hablan de recetas y f\u00f3rmulas ya conocidas como son el ajuste o cuando dicen que van a bajar los impuestos, no detallan que gastos van a recortar, nunca explican lo que le van a sacar a los municipios\u201d.<\/p>\n<p>Por su parte, Blanca Osuna detall\u00f3 que se trat\u00f3 de \u201cun encuentro de trabajo con intendentes y el fundamento de trabajar con los municipios qued\u00f3 plasmado una vez m\u00e1s\u201d.<\/p>\n<p>\u201cTodo esto implica la gran definici\u00f3n de ser parte de un proyecto nacional y popular, y de tener el acompa\u00f1amiento en este caso del Ministerio de Planificaci\u00f3n Federal, del mismo modo que lo hacemos junto con la Provincia\u201d.<\/p>\n<p>Adem\u00e1s de Osuna y Nogueira, estuvieron presentes el presidente de la FAM e intendente de Florencio Varela, Julio Pereyra; y los intendentes Daniel Di Sabatino (San Vicente); Enrique Slezack (Berisso); Gast\u00f3n Arias (Brandsen); Fernando Gray (Esteban Echeverr\u00eda); Adri\u00e1n S\u00e1nchez (Exaltaci\u00f3n de la Cruz), Juan Carlos Veramendi (General Paz);Juan Carlos Gasparini (Roque P\u00e9rez); Jos\u00e9 Francisco Echarren (Castelli);Mariano West (Moreno); Carlos Urquiaga (Jos\u00e9 C. Paz); Anibal Regueiro (Presidente Per\u00f3n); Hern\u00e1n Yzurieta (Punta Indio); Francisco Gutierrez (Quilmes); Rub\u00e9n Fisher (Laprida); y Francisco Dura\u00f1ona (San Antonio de Areco);<br \/>\nTambi\u00e9n participaron el viceministro de Desarrollo Social de la Naci\u00f3n, Carlos Castagneto; el secretario de Obras P\u00fablicas de la Naci\u00f3n, Jos\u00e9 L\u00f3pez; y el secretario Ejecutivo de la FAM, Juan Matteo.<\/p>\n<p><strong>BREVES <\/strong><\/p>\n<p><strong>Orientaci\u00f3n laboral<\/strong><\/p>\n<p>La Municipalidad de Paran\u00e1 llevar\u00e1 a cabo una jornada de orientaci\u00f3n laboral para mujeres desocupadas, la que tendr\u00e1 como fin la incorporaci\u00f3n de herramientas para la b\u00fasqueda de trabajo. Las actividades se realizar\u00e1n durante tres d\u00edas: el 17, el 27 y el 31 de este mes, de 15.30 a 19, en el Centro Cultura Juan L. Ortiz. Las interesadas pueden inscribirse en la Oficina de Empleo municipal (Villaguay 62). El cupo es limitado, de 40 participantes. Cada encuentro tendr\u00e1 distintos ejes. En el primer encuentro, martes el 17 de marzo, se trabajar\u00e1 sobre presentaci\u00f3n, trayectoria formativa laboral y el mercado de trabajo. En el segundo, el 27, se ver\u00e1n los aspectos de avisos clasificados, carta de presentaci\u00f3n y curriculum vitae, y en el tercero, el 31 de marzo, plan de acci\u00f3n personal, entrevista laboral, evaluaci\u00f3n de las jornadas y relatos de experiencias.<\/p>\n<h6>Fuente: El Diario, Entre R\u00edos<\/h6>\n","protected":false},"excerpt":{"rendered":"<p>Los intendentes de Paran\u00e1, Blanca Osuna, y La Paz, Jos\u00e9 Nogueira, junto a sus pares de diferentes ciudades del pa\u00eds, se reunieron en Buenos Aires con el ministro de Planificaci\u00f3n Federal, Julio De Vido, para trabajar sobre el plan de obras p\u00fablicas que se llevan adelante en las diferentes localidades con el apoyo del gobierno<\/p>\n","protected":false},"author":2,"featured_media":26433,"comment_status":"closed","ping_status":"closed","sticky":false,"template":"","format":"standard","meta":{"footnotes":""},"categories":[2],"tags":[17],"class_list":["post-26432","post","type-post","status-publish","format-standard","has-post-thumbnail","hentry","category-informe-municipal","tag-entre-rios"],"_links":{"self":[{"href":"http:\/\/argentinamunicipal.com.ar\/argentina\/wp-json\/wp\/v2\/posts\/26432","targetHints":{"allow":["GET"]}}],"collection":[{"href":"http:\/\/argentinamunicipal.com.ar\/argentina\/wp-json\/wp\/v2\/posts"}],"about":[{"href":"http:\/\/argentinamunicipal.com.ar\/argentina\/wp-json\/wp\/v2\/types\/post"}],"author":[{"embeddable":true,"href":"http:\/\/argentinamunicipal.com.ar\/argentina\/wp-json\/wp\/v2\/users\/2"}],"replies":[{"embeddable":true,"href":"http:\/\/argentinamunicipal.com.ar\/argentina\/wp-json\/wp\/v2\/comments?post=26432"}],"version-history":[{"count":0,"href":"http:\/\/argentinamunicipal.com.ar\/argentina\/wp-json\/wp\/v2\/posts\/26432\/revisions"}],"wp:featuredmedia":[{"embeddable":true,"href":"http:\/\/argentinamunicipal.com.ar\/argentina\/wp-json\/wp\/v2\/media\/26433"}],"wp:attachment":[{"href":"http:\/\/argentinamunicipal.com.ar\/argentina\/wp-json\/wp\/v2\/media?parent=26432"}],"wp:term":[{"taxonomy":"category","embeddable":true,"href":"http:\/\/argentinamunicipal.com.ar\/argentina\/wp-json\/wp\/v2\/categories?post=26432"},{"taxonomy":"post_tag","embeddable":true,"href":"http:\/\/argentinamunicipal.com.ar\/argentina\/wp-json\/wp\/v2\/tags?post=26432"}],"curies":[{"name":"wp","href":"https:\/\/api.w.org\/{rel}","templated":true}]}}