{"id":26454,"date":"2015-03-14T10:52:31","date_gmt":"2015-03-14T13:52:31","guid":{"rendered":"http:\/\/argentinamunicipal.com.ar\/argentina\/?p=26454"},"modified":"2015-03-14T10:52:31","modified_gmt":"2015-03-14T13:52:31","slug":"en-victoria-el-servicio-de-transporte-urbano-pasara-a-manos-del-municipio","status":"publish","type":"post","link":"http:\/\/argentinamunicipal.com.ar\/argentina\/en-victoria-el-servicio-de-transporte-urbano-pasara-a-manos-del-municipio\/","title":{"rendered":"En Victoria, el servicio de transporte urbano pasar\u00e1 a manos del municipio"},"content":{"rendered":"<p><a href=\"http:\/\/argentinamunicipal.com.ar\/argentina\/wp-content\/uploads\/2015\/03\/2014-05-14-colectivo-urbano.jpg\"><img loading=\"lazy\" decoding=\"async\" class=\"aligncenter size-full wp-image-26455\" src=\"http:\/\/argentinamunicipal.com.ar\/argentina\/wp-content\/uploads\/2015\/03\/2014-05-14-colectivo-urbano.jpg\" alt=\"2014-05-14-colectivo-urbano\" width=\"600\" height=\"335\" srcset=\"http:\/\/argentinamunicipal.com.ar\/argentina\/wp-content\/uploads\/2015\/03\/2014-05-14-colectivo-urbano.jpg 600w, http:\/\/argentinamunicipal.com.ar\/argentina\/wp-content\/uploads\/2015\/03\/2014-05-14-colectivo-urbano-300x168.jpg 300w\" sizes=\"auto, (max-width: 600px) 100vw, 600px\" \/><\/a><br \/>\nEl servicio de transporte urbano pasar\u00e1 a mano del municipio a partir del mes de mayo, as\u00ed lo anunci\u00f3 el intendente Garcilazo. La comuna estar\u00eda en condiciones de adquirir dos micros modelo 2006 para dar inicio con el servicio.<\/p>\n<p>El intendente de Victoria, Rub\u00e9n Garcilazo, se reuni\u00f3 con su par de Rosario, M\u00f3nica Fein. Durante el encuentro, el mandatario municipal de las siete colinas se interioriz\u00f3 sobre el funcionamiento de Semtur (Sociedad del Estado Municipal para el Transporte Urbano de Rosario), adem\u00e1s consider\u00f3 que la comuna estar\u00eda en condiciones de adquirir dos micros modelo 2006 para dar inicio con el servicio de transporte a cargo del municipio victoriense.<\/p>\n<p>Tal como anunciar\u00e1 Garcilazo en el acto de apertura de Sesiones Ordinarias del Concejo Deliberante, el servicio de transporte urbano pasar\u00e1 a mano del municipio a partir del mes de mayo. Aclar\u00f3 en la oportunidad, que \u201cobvio todo esto tendr\u00e1 su tratamiento en el Concejo Deliberante, para que todo se haga como corresponde\u201d afirm\u00f3.<\/p>\n<h6>Fuente: El Once<\/h6>\n","protected":false},"excerpt":{"rendered":"<p>El servicio de transporte urbano pasar\u00e1 a mano del municipio a partir del mes de mayo, as\u00ed lo anunci\u00f3 el intendente Garcilazo. La comuna estar\u00eda en condiciones de adquirir dos micros modelo 2006 para dar inicio con el servicio. El intendente de Victoria, Rub\u00e9n Garcilazo, se reuni\u00f3 con su par de Rosario, M\u00f3nica Fein. Durante<\/p>\n","protected":false},"author":2,"featured_media":26455,"comment_status":"closed","ping_status":"closed","sticky":false,"template":"","format":"standard","meta":{"footnotes":""},"categories":[2],"tags":[17],"class_list":["post-26454","post","type-post","status-publish","format-standard","has-post-thumbnail","hentry","category-informe-municipal","tag-entre-rios"],"_links":{"self":[{"href":"http:\/\/argentinamunicipal.com.ar\/argentina\/wp-json\/wp\/v2\/posts\/26454","targetHints":{"allow":["GET"]}}],"collection":[{"href":"http:\/\/argentinamunicipal.com.ar\/argentina\/wp-json\/wp\/v2\/posts"}],"about":[{"href":"http:\/\/argentinamunicipal.com.ar\/argentina\/wp-json\/wp\/v2\/types\/post"}],"author":[{"embeddable":true,"href":"http:\/\/argentinamunicipal.com.ar\/argentina\/wp-json\/wp\/v2\/users\/2"}],"replies":[{"embeddable":true,"href":"http:\/\/argentinamunicipal.com.ar\/argentina\/wp-json\/wp\/v2\/comments?post=26454"}],"version-history":[{"count":0,"href":"http:\/\/argentinamunicipal.com.ar\/argentina\/wp-json\/wp\/v2\/posts\/26454\/revisions"}],"wp:featuredmedia":[{"embeddable":true,"href":"http:\/\/argentinamunicipal.com.ar\/argentina\/wp-json\/wp\/v2\/media\/26455"}],"wp:attachment":[{"href":"http:\/\/argentinamunicipal.com.ar\/argentina\/wp-json\/wp\/v2\/media?parent=26454"}],"wp:term":[{"taxonomy":"category","embeddable":true,"href":"http:\/\/argentinamunicipal.com.ar\/argentina\/wp-json\/wp\/v2\/categories?post=26454"},{"taxonomy":"post_tag","embeddable":true,"href":"http:\/\/argentinamunicipal.com.ar\/argentina\/wp-json\/wp\/v2\/tags?post=26454"}],"curies":[{"name":"wp","href":"https:\/\/api.w.org\/{rel}","templated":true}]}}