{"id":2646,"date":"2014-03-02T18:35:30","date_gmt":"2014-03-02T21:35:30","guid":{"rendered":"http:\/\/argentinamunicipal.com.ar\/argentina\/?p=2646"},"modified":"2014-03-02T18:35:30","modified_gmt":"2014-03-02T21:35:30","slug":"massa-busca-potenciar-las-internas-en-los-municipios","status":"publish","type":"post","link":"http:\/\/argentinamunicipal.com.ar\/argentina\/massa-busca-potenciar-las-internas-en-los-municipios\/","title":{"rendered":"Massa busca potenciar las internas en los municipios"},"content":{"rendered":"<p><a href=\"http:\/\/argentinamunicipal.com.ar\/argentina\/wp-content\/uploads\/2014\/03\/elecciones-2013-1774121w645.jpg\"><img loading=\"lazy\" decoding=\"async\" class=\"aligncenter size-full wp-image-2647\" alt=\"elecciones-2013-1774121w645\" src=\"http:\/\/argentinamunicipal.com.ar\/argentina\/wp-content\/uploads\/2014\/03\/elecciones-2013-1774121w645.jpg\" width=\"645\" height=\"430\" srcset=\"http:\/\/argentinamunicipal.com.ar\/argentina\/wp-content\/uploads\/2014\/03\/elecciones-2013-1774121w645.jpg 645w, http:\/\/argentinamunicipal.com.ar\/argentina\/wp-content\/uploads\/2014\/03\/elecciones-2013-1774121w645-300x200.jpg 300w\" sizes=\"auto, (max-width: 645px) 100vw, 645px\" \/><\/a><\/p>\n<p>Quiere que participen todos los sectores. Y piensa en menos exigencias para que haya m\u00e1s integraci\u00f3n en las listas<\/p>\n<p>Sergio Massa est\u00e1 convencido de que habilitar internas en su espacio es una forma pr\u00e1ctica y abarcativa de potenciar su candidatura presidencial en 2015. En territorio bonaerense, donde radica la mayor fortaleza del Frente Renovador, ha emitido se\u00f1ales en el sentido de que permitir\u00e1 la confrontaci\u00f3n de candidatos incluso para la pelea por la Gobernaci\u00f3n.<\/p>\n<p>Apenas unos d\u00edas despu\u00e9s de conocido su triunfo electoral del a\u00f1o pasado en la Provincia, el ahora diputado nacional reuni\u00f3 a varias de sus espadas y les anunci\u00f3 la idea de que en su espacio habr\u00e1 competencia, que el que quiera ser candidato, deber\u00e1 competir en las primarias.<\/p>\n<p>Esa idea comenz\u00f3 a tomar cuerpo r\u00e1pidamente y aparecieron las primeras expresiones de dirigentes dispuestos a pelear por el sill\u00f3n de Dardo Rocha. El ex intendente de Almirante Brown Dar\u00edo Giustozzi, ratific\u00f3 r\u00e1pidamente sus deseos, y enseguida salieron el jefe comunal de San Isidro, Gustavo Posse, y sus pares de Malvinas Argentinas y San Miguel, Jes\u00fas Cariglino y Joaqu\u00edn de la Torre, respectivamente.<\/p>\n<p>Pero el pensamiento de Massa sobre la definici\u00f3n de los candidatos no s\u00f3lo apunta a la pelea bonaerense mayor. Tambi\u00e9n pretende, admiten dirigentes del Frente Renovador, que la compulsa se multiplique en los distritos. \u201cLa idea es que Sergio salga de la primaria muy fortalecido y habilitar la pelea abajo significa que todos van a tributar a su candidatura presidencial\u201d, dicen cerca del tigrense.<\/p>\n<h2>Cambios en el reparto<\/h2>\n<p>Ese esquema en el que piensa el Frente Renovador para la Provincia, implica rever el mecanismo elegido por el massismo para repartir los espacios en las listas.<\/p>\n<p>En las elecciones del a\u00f1o pasado, el massismo utiliz\u00f3 el mismo esquema que utiliza el peronismo, es decir, tres lugares para el que gana la interna y reci\u00e9n el cuarto para la lista que obtiene la minor\u00eda a la que se accede arribando al 25% de los votos.<\/p>\n<p>\u201cEl a\u00f1o pasado este sistema hizo que despu\u00e9s de la interna algunas listas que perdieron se cruzaran de brazos. Incluso, en algunos distritos hasta se negaron a ocupar los lugares de las minor\u00edas\u201d, admiten las fuentes massistas.<\/p>\n<h2>La foto, en la mira<\/h2>\n<p>Si bien luego Massa termin\u00f3 ampliando la diferencia sobre el kirchnerismo en las elecciones generales de octubre, esa situaci\u00f3n es la que se intenta que no se repita, ya que cada voto que se pierda puede ser clave para la foto final que arrojar\u00e1 la elecci\u00f3n con la mira puesta en un escenario de balotaje.<\/p>\n<p>Por eso es que los massistas est\u00e1n trabajando en un cambio del sistema de reparto de espacios en las listas, y pasar del 3 a 1 a la aplicaci\u00f3n del sistema D\u2019Hont, con un piso del 10%.<\/p>\n<p>El D\u2019Hont es un mecanismo que favorece la integraci\u00f3n de las minor\u00edas en las listas. Y bajar adem\u00e1s la exigencia del 25 al 10% para tener representaci\u00f3n, es interpretada como una forma de incentivar la compulsa en las primarias y la posterior integraci\u00f3n de casi todos los sectores en la n\u00f3mina definitiva que competir\u00e1 en los comicios generales.<\/p>\n<p>\u201cAs\u00ed, todos van a tributar a la boleta de Sergio\u201d, dicen en el Frente Renovador para explicar el cambio del reglamento interno interno que se proyecta y est\u00e1 en pleno debate en Tigre.<\/p>\n<h6>Fuente: El D\u00eda<\/h6>\n","protected":false},"excerpt":{"rendered":"<p>Quiere que participen todos los sectores. Y piensa en menos exigencias para que haya m\u00e1s integraci\u00f3n en las listas Sergio Massa est\u00e1 convencido de que habilitar internas en su espacio es una forma pr\u00e1ctica y abarcativa de potenciar su candidatura presidencial en 2015. En territorio bonaerense, donde radica la mayor fortaleza del Frente Renovador, ha<\/p>\n","protected":false},"author":1,"featured_media":2647,"comment_status":"closed","ping_status":"closed","sticky":false,"template":"","format":"standard","meta":{"footnotes":""},"categories":[4],"tags":[12],"class_list":["post-2646","post","type-post","status-publish","format-standard","has-post-thumbnail","hentry","category-informe-politico","tag-buenos-aires"],"_links":{"self":[{"href":"http:\/\/argentinamunicipal.com.ar\/argentina\/wp-json\/wp\/v2\/posts\/2646","targetHints":{"allow":["GET"]}}],"collection":[{"href":"http:\/\/argentinamunicipal.com.ar\/argentina\/wp-json\/wp\/v2\/posts"}],"about":[{"href":"http:\/\/argentinamunicipal.com.ar\/argentina\/wp-json\/wp\/v2\/types\/post"}],"author":[{"embeddable":true,"href":"http:\/\/argentinamunicipal.com.ar\/argentina\/wp-json\/wp\/v2\/users\/1"}],"replies":[{"embeddable":true,"href":"http:\/\/argentinamunicipal.com.ar\/argentina\/wp-json\/wp\/v2\/comments?post=2646"}],"version-history":[{"count":0,"href":"http:\/\/argentinamunicipal.com.ar\/argentina\/wp-json\/wp\/v2\/posts\/2646\/revisions"}],"wp:featuredmedia":[{"embeddable":true,"href":"http:\/\/argentinamunicipal.com.ar\/argentina\/wp-json\/wp\/v2\/media\/2647"}],"wp:attachment":[{"href":"http:\/\/argentinamunicipal.com.ar\/argentina\/wp-json\/wp\/v2\/media?parent=2646"}],"wp:term":[{"taxonomy":"category","embeddable":true,"href":"http:\/\/argentinamunicipal.com.ar\/argentina\/wp-json\/wp\/v2\/categories?post=2646"},{"taxonomy":"post_tag","embeddable":true,"href":"http:\/\/argentinamunicipal.com.ar\/argentina\/wp-json\/wp\/v2\/tags?post=2646"}],"curies":[{"name":"wp","href":"https:\/\/api.w.org\/{rel}","templated":true}]}}