{"id":26536,"date":"2015-03-16T10:20:37","date_gmt":"2015-03-16T13:20:37","guid":{"rendered":"http:\/\/argentinamunicipal.com.ar\/argentina\/?p=26536"},"modified":"2015-03-16T10:20:37","modified_gmt":"2015-03-16T13:20:37","slug":"mas-localidades-entrerrianas-seran-relevadas-para-conocer-el-impacto-turistico-en-el-pais","status":"publish","type":"post","link":"http:\/\/argentinamunicipal.com.ar\/argentina\/mas-localidades-entrerrianas-seran-relevadas-para-conocer-el-impacto-turistico-en-el-pais\/","title":{"rendered":"M\u00e1s localidades entrerrianas ser\u00e1n relevadas para conocer el impacto tur\u00edstico en el pa\u00eds"},"content":{"rendered":"<p><a href=\"http:\/\/argentinamunicipal.com.ar\/argentina\/wp-content\/uploads\/2015\/03\/turismo.jpg\"><img loading=\"lazy\" decoding=\"async\" class=\"aligncenter size-full wp-image-26537\" src=\"http:\/\/argentinamunicipal.com.ar\/argentina\/wp-content\/uploads\/2015\/03\/turismo.jpg\" alt=\"turismo\" width=\"640\" height=\"514\" srcset=\"http:\/\/argentinamunicipal.com.ar\/argentina\/wp-content\/uploads\/2015\/03\/turismo.jpg 640w, http:\/\/argentinamunicipal.com.ar\/argentina\/wp-content\/uploads\/2015\/03\/turismo-300x241.jpg 300w\" sizes=\"auto, (max-width: 640px) 100vw, 640px\" \/><\/a><\/p>\n<p>Con la incorporaci\u00f3n de Federaci\u00f3n, Concordia, Col\u00f3n y Victoria ser\u00e1n seis los destinos tur\u00edsticos entrerrianos que se relevar\u00e1n en la Encuesta de Ocupaci\u00f3n Hotelera que lleva a cabo el Ministerio de Turismo de la Naci\u00f3n y el Instituto Nacional de Estad\u00edstica y Censo (Indec) \u2022 As\u00ed se acord\u00f3 en la 129\u00b0 Asamblea del Consejo Federal de Turismo que se realiz\u00f3 este jueves y viernes en Paran\u00e1, y que reuni\u00f3 a autoridades tur\u00edsticas de todo el pa\u00eds y t\u00e9cnicos de las diferentes regiones<\/p>\n<p>La Encuesta es un operativo realizado por el Ministerio de Turismo y el Indec para medir el impacto del turismo internacional y del turismo interno sobre el sector hotelero y parahotelero nacional.<\/p>\n<p>Esta encuesta se inici\u00f3 en el a\u00f1o 2004 en 17 localidades y actualmente se realiza en 49 n\u00facleos urbanos que permiten cubrir las diferentes regiones tur\u00edsticas del pa\u00eds. Adem\u00e1s de Paran\u00e1 y Gualeguaych\u00fa, se relevar\u00e1n ahora Federaci\u00f3n, Concordia, Col\u00f3n y Victoria.<\/p>\n<p>Adem\u00e1s, Entre R\u00edos acord\u00f3 difundir derechos que asisten a ni\u00f1as, ni\u00f1os y adolescentes, y capacitar a los actores afectados a la actividad tur\u00edstica respecto al abordaje de la tem\u00e1tica.<\/p>\n<h6>Fuente: APF Digital<\/h6>\n","protected":false},"excerpt":{"rendered":"<p>Con la incorporaci\u00f3n de Federaci\u00f3n, Concordia, Col\u00f3n y Victoria ser\u00e1n seis los destinos tur\u00edsticos entrerrianos que se relevar\u00e1n en la Encuesta de Ocupaci\u00f3n Hotelera que lleva a cabo el Ministerio de Turismo de la Naci\u00f3n y el Instituto Nacional de Estad\u00edstica y Censo (Indec) \u2022 As\u00ed se acord\u00f3 en la 129\u00b0 Asamblea del Consejo Federal<\/p>\n","protected":false},"author":2,"featured_media":26537,"comment_status":"closed","ping_status":"closed","sticky":false,"template":"","format":"standard","meta":{"footnotes":""},"categories":[2],"tags":[17],"class_list":["post-26536","post","type-post","status-publish","format-standard","has-post-thumbnail","hentry","category-informe-municipal","tag-entre-rios"],"_links":{"self":[{"href":"http:\/\/argentinamunicipal.com.ar\/argentina\/wp-json\/wp\/v2\/posts\/26536","targetHints":{"allow":["GET"]}}],"collection":[{"href":"http:\/\/argentinamunicipal.com.ar\/argentina\/wp-json\/wp\/v2\/posts"}],"about":[{"href":"http:\/\/argentinamunicipal.com.ar\/argentina\/wp-json\/wp\/v2\/types\/post"}],"author":[{"embeddable":true,"href":"http:\/\/argentinamunicipal.com.ar\/argentina\/wp-json\/wp\/v2\/users\/2"}],"replies":[{"embeddable":true,"href":"http:\/\/argentinamunicipal.com.ar\/argentina\/wp-json\/wp\/v2\/comments?post=26536"}],"version-history":[{"count":0,"href":"http:\/\/argentinamunicipal.com.ar\/argentina\/wp-json\/wp\/v2\/posts\/26536\/revisions"}],"wp:featuredmedia":[{"embeddable":true,"href":"http:\/\/argentinamunicipal.com.ar\/argentina\/wp-json\/wp\/v2\/media\/26537"}],"wp:attachment":[{"href":"http:\/\/argentinamunicipal.com.ar\/argentina\/wp-json\/wp\/v2\/media?parent=26536"}],"wp:term":[{"taxonomy":"category","embeddable":true,"href":"http:\/\/argentinamunicipal.com.ar\/argentina\/wp-json\/wp\/v2\/categories?post=26536"},{"taxonomy":"post_tag","embeddable":true,"href":"http:\/\/argentinamunicipal.com.ar\/argentina\/wp-json\/wp\/v2\/tags?post=26536"}],"curies":[{"name":"wp","href":"https:\/\/api.w.org\/{rel}","templated":true}]}}