{"id":26539,"date":"2015-03-16T10:24:04","date_gmt":"2015-03-16T13:24:04","guid":{"rendered":"http:\/\/argentinamunicipal.com.ar\/argentina\/?p=26539"},"modified":"2015-03-16T10:24:04","modified_gmt":"2015-03-16T13:24:04","slug":"el-ecoparque-de-gualeguaychu-recupero-mas-de-120-mil-kilos-de-material-inorganico-durante-febrero","status":"publish","type":"post","link":"http:\/\/argentinamunicipal.com.ar\/argentina\/el-ecoparque-de-gualeguaychu-recupero-mas-de-120-mil-kilos-de-material-inorganico-durante-febrero\/","title":{"rendered":"El Ecoparque de Gualeguaych\u00fa recuper\u00f3 m\u00e1s de 120 mil kilos de material inorg\u00e1nico durante febrero"},"content":{"rendered":"<p><a href=\"http:\/\/argentinamunicipal.com.ar\/argentina\/wp-content\/uploads\/2015\/03\/resize_1411317823.jpg\"><img loading=\"lazy\" decoding=\"async\" class=\"aligncenter size-full wp-image-26540\" src=\"http:\/\/argentinamunicipal.com.ar\/argentina\/wp-content\/uploads\/2015\/03\/resize_1411317823.jpg\" alt=\"resize_1411317823\" width=\"616\" height=\"462\" srcset=\"http:\/\/argentinamunicipal.com.ar\/argentina\/wp-content\/uploads\/2015\/03\/resize_1411317823.jpg 616w, http:\/\/argentinamunicipal.com.ar\/argentina\/wp-content\/uploads\/2015\/03\/resize_1411317823-300x225.jpg 300w\" sizes=\"auto, (max-width: 616px) 100vw, 616px\" \/><\/a><\/p>\n<p>Desde el 25 de enero hasta el 24 de febrero ingresaron 2500 toneladas al predio del Ecoparque, y fueron destinadas a la planta de recuperaci\u00f3n de residuos unas 918 toneladas, donde se lograron recuperar en 26 d\u00edas de trabajo m\u00e1s de 123 mil kilos de material (correspondiendo un 13,44 por ciento de recuperaci\u00f3n del total procesado en planta), encontrando entre ellos: chatarra, vidrio, cart\u00f3n, pet, aluminio, cable, cobre, lavandina, entre otros<\/p>\n<p>Al respecto el Intendente Juan Jos\u00e9 Bahillo expres\u00f3 \u201ces muy importante el trabajo de recuperaci\u00f3n que se realiza en el nuevo Ecoparque, como tambi\u00e9n lo es la toma de conciencia de los vecinos en la separaci\u00f3n de residuos, por ello desde la gesti\u00f3n de gobierno seguiremos insistiendo y remarcando esta conducta, para juntos lograr un aprovechamiento total de los beneficios de la planta\u201d.<\/p>\n<p>En cuanto al relleno sanitario, se destinaron 1582 toneladas a las que se le deben sumar las toneladas del rechazo de la planta (794,56 tn), sumando un total de 2376,56 toneladas de residuos destinadas al m\u00f3dulo.<\/p>\n<p>Durante febrero se recuperaron del flujo de los residuos generados en todos los hogares de la ciudad y de la zona tur\u00edstica, b\u00e1sicamente de la Costanera, m\u00e1s de 19.900 kilos de pl\u00e1sticos, m\u00e1s del doble que en el mes de enero; lo que equivale a 115.000 botellas de PET, llenando 1300 bolsones y realizando unos 140 fardos; del mismo modo se recuperaron 43.000 kilos de cart\u00f3n con los que se realizaron 170 fardos.<\/p>\n<p>Con respecto a los vidrios se recuperaron 45.000 kilos, tambi\u00e9n m\u00e1s del doble que en enero; llenando 15 volquetes y 14.000 kilos de chatarra (completando 23 volquetes), 10 m\u00e1s que en el mes de enero. La mayor producci\u00f3n durante enero de pl\u00e1sticos, vidrio y metales se encuentra relacionada a los residuos provenientes del carnaval, playas, bares y discotecas, como era de esperarse en la temporada tur\u00edstica, destacando el ingreso de materiales luego del fin de semana de Carnaval.<\/p>\n<h3>\u00a0Cambios en la operaci\u00f3n a partir de febrero<\/h3>\n<p>Como consecuencia del incremento de residuos generados en la temporada estival, donde cada a\u00f1o aumenta de manera significativa en enero y m\u00e1s a\u00fan en febrero la generaci\u00f3n de residuos, el intendente Juan Jos\u00e9 Bahillo decidi\u00f3 extender el horario de trabajo de la planta de separaci\u00f3n durante febrero, y \u201cpara ello se ampli\u00f3 la Cooperativa y desdobl\u00f3 el horario de los agentes municipales que se desempe\u00f1an en el Ecoparque\u201d detall\u00f3 la directora de Ambiente, Noelia Indart.<\/p>\n<p>\u201cCon el aumento en las horas de operaci\u00f3n de la Planta se busc\u00f3 poder recuperar mayor cantidad de residuos secos o inorg\u00e1nicos, cuidando la vida \u00fatil del relleno y evitando que lleguen a \u00e9l excesivas cantidades de materiales inorg\u00e1nicos, caracter\u00edsticos de las temporadas tur\u00edsticas por las pr\u00e1cticas de consumo de los visitantes, debido a que estos residuos demoran a\u00f1os en degradarse a diferencia de los org\u00e1nicos\u201d explic\u00f3 Indart.<\/p>\n<p>Cabe destacar la colaboraci\u00f3n de los agentes municipales que de desempe\u00f1an en el Ecoparque y a los Cooperativistas; haciendo una menci\u00f3n especial para todos aquellos vecinos que se han sumado a la Clasificaci\u00f3n de Residuos en Origen.<\/p>\n<p>Ante la incorporaci\u00f3n de nuevos Cooperativistas la direcci\u00f3n de Salud puso a disposici\u00f3n el equipo de salud y el Vacunatorio a fin de completar las vacunaciones y control m\u00e9dico, lo cual se realizar\u00e1 en los pr\u00f3ximos d\u00edas.<\/p>\n<p>Desde la Secretaria de Obras y Servicios P\u00fablicos, tambi\u00e9n se han doblegado los esfuerzos en la contribuci\u00f3n de camiones volcadores y retroexcavadoras a fin de realizar los tapados necesarios para la correcta compactaci\u00f3n de los residuos dispuestos en la celda del relleno sanitario; destacando que los abundantes d\u00edas de lluvias complican de sobremanera la operaci\u00f3n del mismo.<\/p>\n<h3>Visita del \u00e1rea contable de Auditoria General de la Naci\u00f3n<\/h3>\n<p>Los pasados mi\u00e9rcoles 11 y jueves 12 de marzo personal del \u00e1rea contable de Auditoria General de a Naci\u00f3n visit\u00f3 el Ecoparque a fin de observar la importante obra plasmada en nuestra ciudad. \u201cLos auditores buscaban ver personalmente todo el documental, planos, proyecto revisado anteriormente en la auditoria que se desarrolla actualmente a la Secretar\u00eda de Ambiente de Naci\u00f3n\u201d explic\u00f3 el intendente Bahillo y destac\u00f3: \u201cLos auditores se mostraron muy conformes con la obra, recorrieron las distintas dependencias y vieron en operaci\u00f3n la planta y el relleno\u201d.<\/p>\n<h6>Fuente: APF Digital<\/h6>\n","protected":false},"excerpt":{"rendered":"<p>Desde el 25 de enero hasta el 24 de febrero ingresaron 2500 toneladas al predio del Ecoparque, y fueron destinadas a la planta de recuperaci\u00f3n de residuos unas 918 toneladas, donde se lograron recuperar en 26 d\u00edas de trabajo m\u00e1s de 123 mil kilos de material (correspondiendo un 13,44 por ciento de recuperaci\u00f3n del total<\/p>\n","protected":false},"author":2,"featured_media":26540,"comment_status":"closed","ping_status":"closed","sticky":false,"template":"","format":"standard","meta":{"footnotes":""},"categories":[2],"tags":[17],"class_list":["post-26539","post","type-post","status-publish","format-standard","has-post-thumbnail","hentry","category-informe-municipal","tag-entre-rios"],"_links":{"self":[{"href":"http:\/\/argentinamunicipal.com.ar\/argentina\/wp-json\/wp\/v2\/posts\/26539","targetHints":{"allow":["GET"]}}],"collection":[{"href":"http:\/\/argentinamunicipal.com.ar\/argentina\/wp-json\/wp\/v2\/posts"}],"about":[{"href":"http:\/\/argentinamunicipal.com.ar\/argentina\/wp-json\/wp\/v2\/types\/post"}],"author":[{"embeddable":true,"href":"http:\/\/argentinamunicipal.com.ar\/argentina\/wp-json\/wp\/v2\/users\/2"}],"replies":[{"embeddable":true,"href":"http:\/\/argentinamunicipal.com.ar\/argentina\/wp-json\/wp\/v2\/comments?post=26539"}],"version-history":[{"count":0,"href":"http:\/\/argentinamunicipal.com.ar\/argentina\/wp-json\/wp\/v2\/posts\/26539\/revisions"}],"wp:featuredmedia":[{"embeddable":true,"href":"http:\/\/argentinamunicipal.com.ar\/argentina\/wp-json\/wp\/v2\/media\/26540"}],"wp:attachment":[{"href":"http:\/\/argentinamunicipal.com.ar\/argentina\/wp-json\/wp\/v2\/media?parent=26539"}],"wp:term":[{"taxonomy":"category","embeddable":true,"href":"http:\/\/argentinamunicipal.com.ar\/argentina\/wp-json\/wp\/v2\/categories?post=26539"},{"taxonomy":"post_tag","embeddable":true,"href":"http:\/\/argentinamunicipal.com.ar\/argentina\/wp-json\/wp\/v2\/tags?post=26539"}],"curies":[{"name":"wp","href":"https:\/\/api.w.org\/{rel}","templated":true}]}}