{"id":26542,"date":"2015-03-16T10:29:32","date_gmt":"2015-03-16T13:29:32","guid":{"rendered":"http:\/\/argentinamunicipal.com.ar\/argentina\/?p=26542"},"modified":"2015-04-24T10:24:52","modified_gmt":"2015-04-24T13:24:52","slug":"la-provincia-de-santa-fe-promueve-desarrollo-tecnico-en-municipios-y-comunas","status":"publish","type":"post","link":"http:\/\/argentinamunicipal.com.ar\/argentina\/la-provincia-de-santa-fe-promueve-desarrollo-tecnico-en-municipios-y-comunas\/","title":{"rendered":"La Provincia de Santa Fe promueve desarrollo t\u00e9cnico en municipios y comunas"},"content":{"rendered":"<div id=\"attachment_26543\" style=\"width: 642px\" class=\"wp-caption aligncenter\"><a href=\"http:\/\/argentinamunicipal.com.ar\/argentina\/wp-content\/uploads\/2015\/03\/86596.jpg\"><img loading=\"lazy\" decoding=\"async\" aria-describedby=\"caption-attachment-26543\" class=\" wp-image-26543\" src=\"http:\/\/argentinamunicipal.com.ar\/argentina\/wp-content\/uploads\/2015\/03\/86596.jpg\" alt=\"Centro de Procesamiento de Datos de la provincia \" width=\"632\" height=\"589\" srcset=\"http:\/\/argentinamunicipal.com.ar\/argentina\/wp-content\/uploads\/2015\/03\/86596.jpg 800w, http:\/\/argentinamunicipal.com.ar\/argentina\/wp-content\/uploads\/2015\/03\/86596-300x279.jpg 300w\" sizes=\"auto, (max-width: 632px) 100vw, 632px\" \/><\/a><p id=\"caption-attachment-26543\" class=\"wp-caption-text\">Centro de Procesamiento de Datos de la provincia<\/p><\/div>\n<p>De esta manera, no tendr\u00e1n necesidad de invertir en la incorporaci\u00f3n de tecnolog\u00eda de base que, a su vez, es la que m\u00e1s especializaci\u00f3n requiere para su funcionamiento.<\/p>\n<p>El gobierno provincial se propone achicar la brecha tecnol\u00f3gica con los municipios y comunas a partir de un paquete de proyectos que permitir\u00e1 a los gobiernos locales sumarse a la Nube provincial, esto es, utilizar la infraestructura disponible en materia de almacenamiento, procesamiento de datos y conectividad sobre la que sustenta el proceso de reforma y modernizaci\u00f3n del Estado. De esta manera, no tendr\u00e1n necesidad de invertir en la incorporaci\u00f3n de tecnolog\u00eda de base que, a su vez, es la que m\u00e1s especializaci\u00f3n requiere para su funcionamiento.<\/p>\n<p>\u201cCuando a fines de 2007 empezamos a hablar de reforma del Estado, y hasta cambiamos la denominaci\u00f3n del Ministerio de Gobierno, nos miraban con cara rara. M\u00e1s bien era una expresi\u00f3n emparentada con las recetas neoliberales de los 90\u201d, record\u00f3 el gobernador Antonio Bonfatti. \u201cQuer\u00edamos avanzar hacia un Estado \u00e1gil y cercano al ciudadano, que le facilitara la vida a las personas que ten\u00edan que hacer un tr\u00e1mite o gestionar un servicio. La incorporaci\u00f3n de tecnolog\u00edas es una de las patas de ese proceso que ahora queremos que llegue a los gobiernos locales\u201d, a\u00f1adi\u00f3.<\/p>\n<p>Para garantizar esa transformaci\u00f3n la provincia construy\u00f3 y equip\u00f3 un nuevo centro de procesamiento de datos, realiz\u00f3 un tendido de fibra \u00f3ptica entre Rosario y Santa Fe, permitiendo que hoy miles de usuarios puedan operar en l\u00ednea en cualquier edificio p\u00fablico y acceder al mismo tiempo a www.santafe.gob.ar para imprimir un impuesto o pagarlo a trav\u00e9s del bot\u00f3n de pago, sacar un turno para tramitar el DNI o el pasaporte, gestionar una partida de nacimiento o la credencial del medio boleto interurbano estudiantil, utilizar el simulador de examen de licencia de conducir, navegar por la red wi-fi p\u00fablica, o utilizar el bot\u00f3n de alerta y otras aplicaciones desarrolladas, entre otras acciones.<\/p>\n<p>\u201cLa incorporaci\u00f3n tecnol\u00f3gica a la gesti\u00f3n \u2013aclar\u00f3 el gobernador\u2013, no garantiza por s\u00ed la reforma del Estado; esto tiene que ver con una decisi\u00f3n pol\u00edtica y estrat\u00e9gica. Y con un cambio cultural para el cual la participaci\u00f3n y profesionalizaci\u00f3n de los empleados p\u00fablicos es fundamental\u201d.<\/p>\n<p>Hoy, en los centro c\u00edvicos de Reconquista, Rafaela y Venado Tuerto, las comunas puede dar ingreso a expedientes, solicitar fondos de obras menores, del Programa Municipal de Inversiones, o presentar la ejecuci\u00f3n presupuestaria, entre m\u00e1s de 40 tr\u00e1mites. Tambi\u00e9n se efectuar los registros de la Inspecci\u00f3n General de Personas Jur\u00eddicas. Hasta hace poco estas gestiones s\u00f3lo pod\u00edan concretarse en Santa Fe y Rosario.<\/p>\n<p>Proyectos. Los proyectos en cuesti\u00f3n, que cuentan con financiamiento del Banco Interamericano de Desarrollo (BID), comprenden la infraestructura necesaria para soportar las actividades de los municipios y comunas y el desarrollo de algunos sistemas que se aplicar\u00e1n en una primera etapa en determinadas localidades y luego se podr\u00e1n replicar en otras.<\/p>\n<p>Entre esos sistemas est\u00e1 contemplada una plataforma digital para que las comunas implementen sus propios tr\u00e1mites en l\u00ednea. La pr\u00f3xima apertura del Centro Unico de Contacto en la ciudad de Vera, que concentrar\u00e1 la atenci\u00f3n de todas las consultas de ciudadanos a la provincia, tambi\u00e9n contempla un servicio espec\u00edfico para los gobiernos locales.<\/p>\n<p>La georreferenciaci\u00f3n de los domicilios de cada localidad es otra de las herramientas a incorporar. Esta plataforma permitir\u00e1 a cada gobierno local seguir la evoluci\u00f3n de su territorio, planificar su desarrollo urbano y regular el uso del suelo (instalaci\u00f3n de escuelas, centros de salud, industrias), as\u00ed como mejorar su recaudaci\u00f3n sobre la base de informaci\u00f3n cierta y actualizada.<\/p>\n<p>Al respecto, el ministro de Gobierno y Reforma del Estado, Rub\u00e9n Galassi, se\u00f1al\u00f3 que \u201cEl Centro Unico de Contacto de la provincia empezar\u00e1 a funcionar entre abril y mayo. \u201cTodos los d\u00edas, miles de ciudadanos llaman por tel\u00e9fono para averiguar sobre un tr\u00e1mite, un turno en un hospital o vencimientos. Desde este call center se dar\u00e1 respuesta a cualquier situaci\u00f3n, salvo las emergencias, que son atendidas a trav\u00e9s del 911 y 107\u201d, explic\u00f3 Galassi, al tiempo que destac\u00f3 que el nuevo espacio \u201cle dar\u00e1 trabajo a 22 j\u00f3venes\u201d.<\/p>\n<h6>Fuente: La Capital, Rosario<\/h6>\n","protected":false},"excerpt":{"rendered":"<p>De esta manera, no tendr\u00e1n necesidad de invertir en la incorporaci\u00f3n de tecnolog\u00eda de base que, a su vez, es la que m\u00e1s especializaci\u00f3n requiere para su funcionamiento. El gobierno provincial se propone achicar la brecha tecnol\u00f3gica con los municipios y comunas a partir de un paquete de proyectos que permitir\u00e1 a los gobiernos locales<\/p>\n","protected":false},"author":2,"featured_media":26543,"comment_status":"closed","ping_status":"closed","sticky":false,"template":"","format":"standard","meta":{"footnotes":""},"categories":[2],"tags":[10],"class_list":["post-26542","post","type-post","status-publish","format-standard","has-post-thumbnail","hentry","category-informe-municipal","tag-santa-fe"],"_links":{"self":[{"href":"http:\/\/argentinamunicipal.com.ar\/argentina\/wp-json\/wp\/v2\/posts\/26542","targetHints":{"allow":["GET"]}}],"collection":[{"href":"http:\/\/argentinamunicipal.com.ar\/argentina\/wp-json\/wp\/v2\/posts"}],"about":[{"href":"http:\/\/argentinamunicipal.com.ar\/argentina\/wp-json\/wp\/v2\/types\/post"}],"author":[{"embeddable":true,"href":"http:\/\/argentinamunicipal.com.ar\/argentina\/wp-json\/wp\/v2\/users\/2"}],"replies":[{"embeddable":true,"href":"http:\/\/argentinamunicipal.com.ar\/argentina\/wp-json\/wp\/v2\/comments?post=26542"}],"version-history":[{"count":0,"href":"http:\/\/argentinamunicipal.com.ar\/argentina\/wp-json\/wp\/v2\/posts\/26542\/revisions"}],"wp:featuredmedia":[{"embeddable":true,"href":"http:\/\/argentinamunicipal.com.ar\/argentina\/wp-json\/wp\/v2\/media\/26543"}],"wp:attachment":[{"href":"http:\/\/argentinamunicipal.com.ar\/argentina\/wp-json\/wp\/v2\/media?parent=26542"}],"wp:term":[{"taxonomy":"category","embeddable":true,"href":"http:\/\/argentinamunicipal.com.ar\/argentina\/wp-json\/wp\/v2\/categories?post=26542"},{"taxonomy":"post_tag","embeddable":true,"href":"http:\/\/argentinamunicipal.com.ar\/argentina\/wp-json\/wp\/v2\/tags?post=26542"}],"curies":[{"name":"wp","href":"https:\/\/api.w.org\/{rel}","templated":true}]}}