{"id":2659,"date":"2014-03-03T08:57:02","date_gmt":"2014-03-03T11:57:02","guid":{"rendered":"http:\/\/argentinamunicipal.com.ar\/argentina\/?p=2659"},"modified":"2014-03-02T19:00:36","modified_gmt":"2014-03-02T22:00:36","slug":"argentina-entre-los-paises-que-lideraron-la-reduccion-de-la-informalidad-laboral","status":"publish","type":"post","link":"http:\/\/argentinamunicipal.com.ar\/argentina\/argentina-entre-los-paises-que-lideraron-la-reduccion-de-la-informalidad-laboral\/","title":{"rendered":"Argentina, entre los pa\u00edses que lideraron la reducci\u00f3n de la informalidad laboral"},"content":{"rendered":"<p><a href=\"http:\/\/argentinamunicipal.com.ar\/argentina\/wp-content\/uploads\/2014\/03\/81607-582-398.jpg\"><img loading=\"lazy\" decoding=\"async\" class=\"aligncenter size-full wp-image-2660\" alt=\"81607-582-398\" src=\"http:\/\/argentinamunicipal.com.ar\/argentina\/wp-content\/uploads\/2014\/03\/81607-582-398.jpg\" width=\"582\" height=\"398\" srcset=\"http:\/\/argentinamunicipal.com.ar\/argentina\/wp-content\/uploads\/2014\/03\/81607-582-398.jpg 582w, http:\/\/argentinamunicipal.com.ar\/argentina\/wp-content\/uploads\/2014\/03\/81607-582-398-300x205.jpg 300w\" sizes=\"auto, (max-width: 582px) 100vw, 582px\" \/><\/a><\/p>\n<p>La Argentina lider\u00f3 en la \u00faltima d\u00e9cada a nivel regional la reducci\u00f3n de los niveles de informalidad en el empleo, destac\u00f3 el Grupo de Estudios de Econom\u00ed\u00ada Nacional y Popular (Geenap).<\/p>\n<p>De acuerdo a su an\u00e1lisis, \u00abla recuperaci\u00f3n de la din\u00e1mica productiva en la regi\u00f3n permiti\u00f3 tanto incrementar los niveles de empleo as\u00ed\u00ad como recuperar los mecanismos de protecci\u00f3n de los trabajadores, reduciendo significativamente la tasa de trabajo no registrado\u00bb.<\/p>\n<p>Al respecto, precis\u00f3 que \u00abentre 2003 y 2012, Venezuela redujo la informalidad laboral en 24 por ciento; seguido por Argentina con 17; Brasil, 15; y Uruguay, 13\u00bb.<\/p>\n<p>Asimismo, puso de relieve que \u00absi se toma el porcentaje de individuos que realizan aportes a la Seguridad Social, es decir, que recibir\u00e1n alg\u00fan tipo de jubilaci\u00f3n o pensi\u00f3n remunerativa, la media regional es de 61 por ciento\u00bb.<\/p>\n<p>\u00abEn Argentina, el porcentaje de individuos con aportes a la seguridad social es de 66 por ciento, cinco puntos por arriba del promedio regional\u00bb, precis\u00f3 el Geenap.<\/p>\n<p>A su criterio, \u00abla importante reducci\u00f3n del empleo no registrado de los \u00faltimos a\u00f1os responde a una concepci\u00f3n de la informalidad como un fen\u00f3meno multicausal, que requiere de un conjunto de pol\u00edticas activas sociales, laborales y econ\u00f3micas\u00bb.<\/p>\n<p>En Argentina, desde 2003 se aplicaron medidas, muchas de ellas verdaderas pol\u00ed\u00adticas de Estado, como la inspecci\u00f3n del trabajo, el monotributo social, un patr\u00f3n de crecimiento econ\u00f3mico orientado al empleo de calidad, un programa de simplificaci\u00f3n registral, y la creaci\u00f3n de los reg\u00ed\u00admenes de trabajo agrario y del personal de casas particulares, entre otras.<\/p>\n<p>Sin embargo, el Geenap indic\u00f3 que \u00abpese a estos esfuerzos, la regi\u00f3n en general y Argentina en particular, presentan aun elevados \u00ed\u00adndices de informalidad\u00bb.<\/p>\n<p>En este sentido, destac\u00f3 que \u00abes alentadora la propuesta del gobierno argentino de reducir la informalidad a menos de 30 por ciento en 2014\u00bb.<\/p>\n<p>Al respecto, se\u00f1al\u00f3 que \u00abentre las medidas planteadas para lograr dicho fin, de destacan la mejora en los mecanismos de fiscalizaci\u00f3n estatal, a partir de la incorporaci\u00f3n de nuevos inspectores y un registro de empleadores\u00bb.<\/p>\n<p>Tambi\u00e9n mencion\u00f3 \u00abla profundizaci\u00f3n de los mecanismos de subsidios al empleo, a trav\u00e9s de descuentos en las contribuciones patronales para todas aquellas peque\u00f1as y medianas empresas que incrementen su planta de personal; y la ampliaci\u00f3n de la L\u00ednea de Cr\u00e9ditos para Inversiones de Productivas del BCRA en 22 mil millones de pesos, orientados a las mipymes\u00bb<\/p>\n<h6>Fuente: T\u00e9lam<\/h6>\n","protected":false},"excerpt":{"rendered":"<p>La Argentina lider\u00f3 en la \u00faltima d\u00e9cada a nivel regional la reducci\u00f3n de los niveles de informalidad en el empleo, destac\u00f3 el Grupo de Estudios de Econom\u00ed\u00ada Nacional y Popular (Geenap). De acuerdo a su an\u00e1lisis, \u00abla recuperaci\u00f3n de la din\u00e1mica productiva en la regi\u00f3n permiti\u00f3 tanto incrementar los niveles de empleo as\u00ed\u00ad como recuperar<\/p>\n","protected":false},"author":1,"featured_media":2660,"comment_status":"closed","ping_status":"closed","sticky":false,"template":"","format":"standard","meta":{"footnotes":""},"categories":[8],"tags":[21],"class_list":["post-2659","post","type-post","status-publish","format-standard","has-post-thumbnail","hentry","category-informe-nacional","tag-argentina"],"_links":{"self":[{"href":"http:\/\/argentinamunicipal.com.ar\/argentina\/wp-json\/wp\/v2\/posts\/2659","targetHints":{"allow":["GET"]}}],"collection":[{"href":"http:\/\/argentinamunicipal.com.ar\/argentina\/wp-json\/wp\/v2\/posts"}],"about":[{"href":"http:\/\/argentinamunicipal.com.ar\/argentina\/wp-json\/wp\/v2\/types\/post"}],"author":[{"embeddable":true,"href":"http:\/\/argentinamunicipal.com.ar\/argentina\/wp-json\/wp\/v2\/users\/1"}],"replies":[{"embeddable":true,"href":"http:\/\/argentinamunicipal.com.ar\/argentina\/wp-json\/wp\/v2\/comments?post=2659"}],"version-history":[{"count":0,"href":"http:\/\/argentinamunicipal.com.ar\/argentina\/wp-json\/wp\/v2\/posts\/2659\/revisions"}],"wp:featuredmedia":[{"embeddable":true,"href":"http:\/\/argentinamunicipal.com.ar\/argentina\/wp-json\/wp\/v2\/media\/2660"}],"wp:attachment":[{"href":"http:\/\/argentinamunicipal.com.ar\/argentina\/wp-json\/wp\/v2\/media?parent=2659"}],"wp:term":[{"taxonomy":"category","embeddable":true,"href":"http:\/\/argentinamunicipal.com.ar\/argentina\/wp-json\/wp\/v2\/categories?post=2659"},{"taxonomy":"post_tag","embeddable":true,"href":"http:\/\/argentinamunicipal.com.ar\/argentina\/wp-json\/wp\/v2\/tags?post=2659"}],"curies":[{"name":"wp","href":"https:\/\/api.w.org\/{rel}","templated":true}]}}