{"id":26593,"date":"2015-03-17T08:38:50","date_gmt":"2015-03-17T11:38:50","guid":{"rendered":"http:\/\/argentinamunicipal.com.ar\/argentina\/?p=26593"},"modified":"2015-03-17T08:38:50","modified_gmt":"2015-03-17T11:38:50","slug":"el-gobierno-salteno-inaugurara-este-viernes-la-ciudad-judicial-de-tartagal","status":"publish","type":"post","link":"http:\/\/argentinamunicipal.com.ar\/argentina\/el-gobierno-salteno-inaugurara-este-viernes-la-ciudad-judicial-de-tartagal\/","title":{"rendered":"El Gobierno salte\u00f1o inaugurar\u00e1 este viernes la Ciudad Judicial de Tartagal."},"content":{"rendered":"<p><a href=\"http:\/\/argentinamunicipal.com.ar\/argentina\/wp-content\/uploads\/2015\/03\/plano1.jpg\"><img loading=\"lazy\" decoding=\"async\" class=\"aligncenter size-full wp-image-26594\" src=\"http:\/\/argentinamunicipal.com.ar\/argentina\/wp-content\/uploads\/2015\/03\/plano1.jpg\" alt=\"plano(1)\" width=\"590\" height=\"441\" srcset=\"http:\/\/argentinamunicipal.com.ar\/argentina\/wp-content\/uploads\/2015\/03\/plano1.jpg 590w, http:\/\/argentinamunicipal.com.ar\/argentina\/wp-content\/uploads\/2015\/03\/plano1-300x224.jpg 300w\" sizes=\"auto, (max-width: 590px) 100vw, 590px\" \/><\/a><br \/>\nEn el edificio se concentrar\u00e1n oficinas del Poder Judicial y del Ministerio P\u00fablico, lo que agilizar\u00e1 la prestaci\u00f3n del servicio de justicia. Este es el tercer edificio de estas caracter\u00edsticas, adem\u00e1s del de Capital y Met\u00e1n.<\/p>\n<p>El gobernador Juan Manuel Urtubey inaugurar\u00e1 este viernes la Ciudad Judicial de Tartagal, edificio que concentrar\u00e1 oficinas del Poder Judicial y del Ministerio P\u00fablico para agilizar el servicio de justicia y acercarlo a la comunidad. En la reuni\u00f3n de gabinete que hoy se realiz\u00f3 en el Grand Bourg, se confirm\u00f3 que la ceremonia comenzar\u00e1 a las 11.<\/p>\n<p>Se record\u00f3 que en la construcci\u00f3n del edificio se invirtieron $ 80 millones y que en 14 mil metros cuadrados confluir\u00e1n todos los actores del proceso judicial. Se trata de la tercera obra en su tipo, adem\u00e1s de la de Capital y Met\u00e1n, en el marco del Plan de Desarrollo Edilicio del Poder Judicial de Salta.<\/p>\n<p>En la reuni\u00f3n de gabinete, encabezada por el vicegobernador Andr\u00e9s Zottos, se inform\u00f3 adem\u00e1s que el 21 y 27 del corriente, el Ministerio de Trabajo habilitar\u00e1 dos empresas sociales: una panader\u00eda en General Ballivi\u00e1n y una f\u00e1brica textil en Cafayate. El Gobierno de la Provincia habilit\u00f3 la primera empresa social en Tartagal, en 2011, y las considera una herramienta para la inclusi\u00f3n laboral formal de miles de salte\u00f1os que ahora est\u00e1n al frente de sus emprendimientos. En Salta ya funcionan 52.<\/p>\n<p>T\u00e9cnicos del Ministerio de la Primera Infancia contin\u00faan realizando operativos en Santa Victoria y San Mart\u00edn para relevar las necesidades de la poblaci\u00f3n y coordinar soluciones con otros organismos del Gobierno.<\/p>\n<p>Desde su inauguraci\u00f3n, el jueves de la semana anterior, 120 mil personas disfrutaron junto a sus familias y amigos en el Parque del Bicentenario. Ubicado en la zona norte capitalina, el predio dispone de las comodidades necesarias para compartir un tiempo al aire libre, con juegos infantiles, confiter\u00edas, drugstores, sanitarios, puestos de la salud y con equipamientos paisaj\u00edsticos, glorietas, p\u00e9rgolas y bancos. El horario de visita es de 7 a 24 durante el verano.<\/p>\n<p>En la segunda etapa del paseo Zona Sur, ubicado entre los barrios Bancarios y San Francisco, el Gobierno invertir\u00e1 poco m\u00e1s de $2,7 millones para dotarlo de paradas de colectivo, juegos de la salud y cinta para patinaje.<\/p>\n<p>La Secretar\u00eda de Obras P\u00fablicas construye en El Bordo un nuevo pozo profundo para mejorar el abastecimiento en esa localidad de la provincia; la inversi\u00f3n ser\u00e1 de poco m\u00e1s de $1.127.000 y se reforzar\u00e1 la producci\u00f3n de otros dos pozos que funcionan desde hace varios a\u00f1os. En el barrio Virgen de Luj\u00e1n de Cachi tambi\u00e9n se ejecuta la obra de un nuevo pozo de bombeo y optimizaci\u00f3n del sistema, como en la localidad de Apolinario Saravia donde tambi\u00e9n se tender\u00e1n redes.<\/p>\n<p>En Villa Delicia (Coronel Moldes), el organismo realiza la perforaci\u00f3n de un pozo profundo y obras complementarias, lo que tambi\u00e9n beneficiar\u00e1 a los 130 lotes denominados Nueva Esperanza.<\/p>\n<p>En la reuni\u00f3n de gabinete participaron el presidente de la C\u00e1mara de Diputados, Manuel Santiago Godoy, el vicepresidente de la C\u00e1mara de Senadores, Mashur Lapad, adem\u00e1s de ministros y secretarios de Estado.<\/p>\n<h6>Fuente: Cable a Tierra<\/h6>\n","protected":false},"excerpt":{"rendered":"<p>En el edificio se concentrar\u00e1n oficinas del Poder Judicial y del Ministerio P\u00fablico, lo que agilizar\u00e1 la prestaci\u00f3n del servicio de justicia. Este es el tercer edificio de estas caracter\u00edsticas, adem\u00e1s del de Capital y Met\u00e1n. El gobernador Juan Manuel Urtubey inaugurar\u00e1 este viernes la Ciudad Judicial de Tartagal, edificio que concentrar\u00e1 oficinas del Poder<\/p>\n","protected":false},"author":2,"featured_media":26594,"comment_status":"closed","ping_status":"closed","sticky":false,"template":"","format":"standard","meta":{"footnotes":""},"categories":[2],"tags":[9],"class_list":["post-26593","post","type-post","status-publish","format-standard","has-post-thumbnail","hentry","category-informe-municipal","tag-salta"],"_links":{"self":[{"href":"http:\/\/argentinamunicipal.com.ar\/argentina\/wp-json\/wp\/v2\/posts\/26593","targetHints":{"allow":["GET"]}}],"collection":[{"href":"http:\/\/argentinamunicipal.com.ar\/argentina\/wp-json\/wp\/v2\/posts"}],"about":[{"href":"http:\/\/argentinamunicipal.com.ar\/argentina\/wp-json\/wp\/v2\/types\/post"}],"author":[{"embeddable":true,"href":"http:\/\/argentinamunicipal.com.ar\/argentina\/wp-json\/wp\/v2\/users\/2"}],"replies":[{"embeddable":true,"href":"http:\/\/argentinamunicipal.com.ar\/argentina\/wp-json\/wp\/v2\/comments?post=26593"}],"version-history":[{"count":0,"href":"http:\/\/argentinamunicipal.com.ar\/argentina\/wp-json\/wp\/v2\/posts\/26593\/revisions"}],"wp:featuredmedia":[{"embeddable":true,"href":"http:\/\/argentinamunicipal.com.ar\/argentina\/wp-json\/wp\/v2\/media\/26594"}],"wp:attachment":[{"href":"http:\/\/argentinamunicipal.com.ar\/argentina\/wp-json\/wp\/v2\/media?parent=26593"}],"wp:term":[{"taxonomy":"category","embeddable":true,"href":"http:\/\/argentinamunicipal.com.ar\/argentina\/wp-json\/wp\/v2\/categories?post=26593"},{"taxonomy":"post_tag","embeddable":true,"href":"http:\/\/argentinamunicipal.com.ar\/argentina\/wp-json\/wp\/v2\/tags?post=26593"}],"curies":[{"name":"wp","href":"https:\/\/api.w.org\/{rel}","templated":true}]}}