{"id":26615,"date":"2015-03-17T09:09:08","date_gmt":"2015-03-17T12:09:08","guid":{"rendered":"http:\/\/argentinamunicipal.com.ar\/argentina\/?p=26615"},"modified":"2015-03-17T09:09:08","modified_gmt":"2015-03-17T12:09:08","slug":"elecciones-santafesinas-ya-estan-listos-los-mas-de-400-modelos-de-boletas","status":"publish","type":"post","link":"http:\/\/argentinamunicipal.com.ar\/argentina\/elecciones-santafesinas-ya-estan-listos-los-mas-de-400-modelos-de-boletas\/","title":{"rendered":"Elecciones Santafesinas: ya est\u00e1n listos los m\u00e1s de 400 modelos de boletas"},"content":{"rendered":"<p><a href=\"http:\/\/argentinamunicipal.com.ar\/argentina\/wp-content\/uploads\/2015\/03\/112530_provinciales.jpg\"><img loading=\"lazy\" decoding=\"async\" class=\"alignleft size-full wp-image-26616\" src=\"http:\/\/argentinamunicipal.com.ar\/argentina\/wp-content\/uploads\/2015\/03\/112530_provinciales.jpg\" alt=\"112530_provinciales\" width=\"544\" height=\"293\" srcset=\"http:\/\/argentinamunicipal.com.ar\/argentina\/wp-content\/uploads\/2015\/03\/112530_provinciales.jpg 544w, http:\/\/argentinamunicipal.com.ar\/argentina\/wp-content\/uploads\/2015\/03\/112530_provinciales-300x162.jpg 300w\" sizes=\"auto, (max-width: 544px) 100vw, 544px\" \/><\/a>El verde identificar\u00e1 las n\u00f3minas para la categor\u00eda gobernador y vice. El naranja, a diputados; el azul a senadores, el rojo a intendente y el amarillo a concejales. Ya no est\u00e1 el casillero para el voto en blanco. El jueves se llevan a imprenta.<\/p>\n<p>Colores, fotos, formatos&#8230; Miles de candidatos. Esta ma\u00f1ana, en los salones del Tribunal Electoral se realiz\u00f3 el \u201cshow de boletas\u201d, ante los apoderados de los partidos pol\u00edticos que participar\u00e1n de las pr\u00f3ximas elecciones primarias el 19 de abril. Los referentes de cada sector se llevaron \u201cjuegos\u201d de las boletas que, por primera vez, se exhibieron p\u00fablicamente hoy. Estaban las n\u00f3minas de todos los distritos de la provincia, y de todas las categor\u00edas electorales que se renovar\u00e1n en los comicios. Ahora, se abre una instancia de evaluaci\u00f3n de parte de los apoderados que podr\u00e1n hacer correcciones durante las pr\u00f3ximas 48 horas.<\/p>\n<p>Cada categor\u00eda estar\u00e1 identificada con un color diferente: verde para gobernador y vice, naranja para diputados, azul para senadores, rojo para intendentes y amarillo para concejales.<\/p>\n<h3>Los cinco colores<\/h3>\n<p>La boleta \u00fanica para gobernador y vice contiene a las diez f\u00f3rmulas que se oficializaron en una hoja tama\u00f1o oficio. Todos est\u00e1n con su foto, excepto Lionel Cosentino, compa\u00f1ero de f\u00f3rmula de Ra\u00fal Castell; y Mirta Sellares, candidata a vice de Chacho Parlante.<\/p>\n<p>Para la categor\u00eda diputados, fue necesario utilizar una hoja de mayor tama\u00f1o (A3), que pudiese contener a las 26 listas de precandidatos que se registraron. Nueve de esas n\u00f3minas corresponden al Frente Progresista, seis al Frente Justicialista para la Victoria, y tres al Frente Renovador, entre otras. Cada lista aporta foto del primer candidato, y el nombre de los tres primeros titulares de la lista.<\/p>\n<p>En cuanto a la categor\u00eda senador por el departamento La Capital, catorce son las listas presentadas. All\u00ed, una particularidad la aport\u00f3 Marcos Castello, uno de los postulantes del PJ, que adjunt\u00f3 a su identidad y entre comillas, el nombre del grupo musical que integra: Kaniche.<\/p>\n<p>La categor\u00eda intendente por la ciudad de Santa Fe tiene doce precandidatos, y la de concejales -que tambi\u00e9n necesit\u00f3 una hoja de mayor tama\u00f1o- contiene a 25 listas. Est\u00e1n subdivididas en bloques, que aglutinan a las que competir\u00e1n en internas. As\u00ed, diez corresponden al Frente Justicialista para la Victoria, tres al Frente Progresista, cinco al Frente Renovador y una al PRO, entre las principales fuerzas.<\/p>\n<h3>En blanco<\/h3>\n<p>En di\u00e1logo con El Litoral, la secretaria electoral de la provincia, Claudia Catal\u00edn, dijo que se confeccionaron m\u00e1s de 427 modelos de boleta \u00fanica para disputar las cinco categor\u00edas de toda la provincia. Y confirm\u00f3 que una vez que los apoderados formulen las correcciones pertinentes, ser\u00e1n llevadas a imprenta el jueves.<\/p>\n<p>Catal\u00edn observ\u00f3 que uno de los datos diferenciales de la boleta \u00fanica esta vez, respecto de procesos anteriores, es la desaparici\u00f3n del casillero para el voto en blanco. Antes, se reservaba un espacio para esa opci\u00f3n, y era necesario dibujar all\u00ed una tilde para considerar el voto como v\u00e1lido. Ahora, en cambio, se interpretar\u00e1 voto en blanco cuando la boleta no registre ninguna marca.<\/p>\n<p><strong>El dato<\/strong><\/p>\n<p><strong>Efecto Guadalupe<\/strong><\/p>\n<p>Catal\u00edn destac\u00f3 el \u00e9xito del sistema on line para justificar la eximici\u00f3n del voto en las primarias. \u201cEn 2011, durante todo el proceso electoral, hab\u00edamos tenido mil justificaciones. Ahora, en cuatro o cinco d\u00edas h\u00e1biles ya tuvimos m\u00e1s de 600 eximiciones on line. M\u00e1s de la mitad son de esta ciudad, con lo cual creemos que uno de los objetivos del sistema, que era posibilitarle a los electores que quisieran participar de la fiesta de la Virgen de Guadalupe (se celebra el mismo fin de semana que el de la votaci\u00f3n) lo pudiesen hacer, se est\u00e1 cumpliendo\u201d, plante\u00f3. Catal\u00edn record\u00f3 que s\u00f3lo la instancia de la primaria prev\u00e9 la posibilidad de eximir el voto, no as\u00ed la elecci\u00f3n general.<\/p>\n<p><strong>En cifras , 15.000\u00a0precandidatos<\/strong><\/p>\n<p>hab\u00edan participado de la elecci\u00f3n primaria en 2011. Esta vez, despu\u00e9s de la oficializaci\u00f3n de listas, quedaron en pie m\u00e1s de 17 mil candidaturas.<\/p>\n<p><strong>La clave \u00a0\u00a0Escrutinio<\/strong><\/p>\n<p>Claudia Catal\u00edn record\u00f3 que el escrutinio provisorio es responsabilidad del Poder Ejecutivo, mientras que el definitivo es potestad del Tribunal Electoral. \u201cEn cuanto al definitivo -adelant\u00f3-, ya est\u00e1n previstas algunas fechas de pruebas con nuestro sistema porque hay algunos ajustes nuevos que introdujo la ley, como el piso de votos a lograr para pasar a la instancia de la elecci\u00f3n general. Eso hay que incorporarlo y probar para verificar que todo funcione\u201d, coment\u00f3.<\/p>\n<h6>Fuente: El Litoral, Santa Fe<\/h6>\n","protected":false},"excerpt":{"rendered":"<p>El verde identificar\u00e1 las n\u00f3minas para la categor\u00eda gobernador y vice. El naranja, a diputados; el azul a senadores, el rojo a intendente y el amarillo a concejales. Ya no est\u00e1 el casillero para el voto en blanco. El jueves se llevan a imprenta. Colores, fotos, formatos&#8230; Miles de candidatos. Esta ma\u00f1ana, en los salones<\/p>\n","protected":false},"author":2,"featured_media":26616,"comment_status":"closed","ping_status":"closed","sticky":false,"template":"","format":"standard","meta":{"footnotes":""},"categories":[4],"tags":[10],"class_list":["post-26615","post","type-post","status-publish","format-standard","has-post-thumbnail","hentry","category-informe-politico","tag-santa-fe"],"_links":{"self":[{"href":"http:\/\/argentinamunicipal.com.ar\/argentina\/wp-json\/wp\/v2\/posts\/26615","targetHints":{"allow":["GET"]}}],"collection":[{"href":"http:\/\/argentinamunicipal.com.ar\/argentina\/wp-json\/wp\/v2\/posts"}],"about":[{"href":"http:\/\/argentinamunicipal.com.ar\/argentina\/wp-json\/wp\/v2\/types\/post"}],"author":[{"embeddable":true,"href":"http:\/\/argentinamunicipal.com.ar\/argentina\/wp-json\/wp\/v2\/users\/2"}],"replies":[{"embeddable":true,"href":"http:\/\/argentinamunicipal.com.ar\/argentina\/wp-json\/wp\/v2\/comments?post=26615"}],"version-history":[{"count":0,"href":"http:\/\/argentinamunicipal.com.ar\/argentina\/wp-json\/wp\/v2\/posts\/26615\/revisions"}],"wp:featuredmedia":[{"embeddable":true,"href":"http:\/\/argentinamunicipal.com.ar\/argentina\/wp-json\/wp\/v2\/media\/26616"}],"wp:attachment":[{"href":"http:\/\/argentinamunicipal.com.ar\/argentina\/wp-json\/wp\/v2\/media?parent=26615"}],"wp:term":[{"taxonomy":"category","embeddable":true,"href":"http:\/\/argentinamunicipal.com.ar\/argentina\/wp-json\/wp\/v2\/categories?post=26615"},{"taxonomy":"post_tag","embeddable":true,"href":"http:\/\/argentinamunicipal.com.ar\/argentina\/wp-json\/wp\/v2\/tags?post=26615"}],"curies":[{"name":"wp","href":"https:\/\/api.w.org\/{rel}","templated":true}]}}