{"id":26628,"date":"2015-03-17T09:30:08","date_gmt":"2015-03-17T12:30:08","guid":{"rendered":"http:\/\/argentinamunicipal.com.ar\/argentina\/?p=26628"},"modified":"2015-03-17T09:30:08","modified_gmt":"2015-03-17T12:30:08","slug":"neuquen-tras-15-anos-de-espera-abrio-el-nuevo-shopping","status":"publish","type":"post","link":"http:\/\/argentinamunicipal.com.ar\/argentina\/neuquen-tras-15-anos-de-espera-abrio-el-nuevo-shopping\/","title":{"rendered":"Neuqu\u00e9n: Tras 15 a\u00f1os de espera, abri\u00f3 el nuevo shopping"},"content":{"rendered":"<p><a href=\"http:\/\/argentinamunicipal.com.ar\/argentina\/wp-content\/uploads\/2015\/03\/imagen6.jpg\"><img loading=\"lazy\" decoding=\"async\" class=\"aligncenter  wp-image-26629\" src=\"http:\/\/argentinamunicipal.com.ar\/argentina\/wp-content\/uploads\/2015\/03\/imagen6.jpg\" alt=\"nqn inauguraci\u00f3n del shopping altos comahue foto mati subat 16-03-20\" width=\"643\" height=\"426\" srcset=\"http:\/\/argentinamunicipal.com.ar\/argentina\/wp-content\/uploads\/2015\/03\/imagen6.jpg 750w, http:\/\/argentinamunicipal.com.ar\/argentina\/wp-content\/uploads\/2015\/03\/imagen6-300x199.jpg 300w\" sizes=\"auto, (max-width: 643px) 100vw, 643px\" \/><\/a><br \/>\nSe realiz\u00f3 la inauguraci\u00f3n con invitados y hoy recibir\u00e1 al p\u00fablico.<\/p>\n<p>Pasaron 15 a\u00f1os de la primera vez que se escuch\u00f3 decir que en la intersecci\u00f3n de la Ruta 7 y Dr. Ram\u00f3n se abrir\u00eda un nuevo centro comercial. Despu\u00e9s de un a\u00f1o de construcci\u00f3n, ayer el Alto Comahue Shopping tuvo su inauguraci\u00f3n oficial que reuni\u00f3 a m\u00e1s de dos mil personas y hoy a las 12 abrir\u00e1 sus puertas al p\u00fablico.<\/p>\n<p>\u201cEstamos abriendo el Shopping N\u00ba 15 que tenemos en el pa\u00eds. Fue el que m\u00e1s tard\u00f3, pero hoy es un d\u00eda de festejo. Es nuestra fiesta de 15\u201d, dijo Eduardo Elsztain, presidente del grupo IRSA, empresa que desarroll\u00f3 este centro comercial.<\/p>\n<p>El edificio que impacta sobre la rotonda de acceso a la ciudad es el m\u00e1s grande de la Patagonia. \u201cEs un verdadero centro comercial en una ciudad del interior. Es como si estuvi\u00e9semos en Buenos Aires\u201d, afirm\u00f3 Elsztain al resumir cu\u00e1l era el toque distintivo de este emprendimiento respecto del resto que tiene IRSA en el pa\u00eds. \u201cLograr que las mejores marcas est\u00e9n en Neuqu\u00e9n tambi\u00e9n es un logro\u201d, agreg\u00f3.<\/p>\n<p>Aunque a\u00fan no est\u00e1n todos los locales abiertos porque algunos no llegaron a la fecha pactada, en sus dos pisos los neuquinos podr\u00e1n encontrar todas las marcas exclusivas de ropa femenina y masculina. Algunas ya estaban en la ciudad y otras llegan por primera vez. La franja que abarca la vestimenta de ni\u00f1os, beb\u00e9s y adolescentes tambi\u00e9n ocupa un espacio importante de locales. Bazar, electr\u00f3nica, joyer\u00edas, \u00f3pticas, perfumer\u00eda, lencer\u00eda calzados y marroquiner\u00eda de marcas que no ten\u00edan exclusividad en la capital tambi\u00e9n son una opci\u00f3n en este paseo de compras.<\/p>\n<h3>El centro de la ciudad<\/h3>\n<p>El patio de comidas en el segundo piso tiene un gran mirador hacia el centro de la ciudad, donde no s\u00f3lo est\u00e1n las tradicionales mesas, sino espacios m\u00e1s \u00edntimos y con un dise\u00f1o moderno. Con firmas desconocidas hasta el momento, empresas locales y los tradicionales de comidas r\u00e1pidas, las opciones para disfrutar de un almuerzo o una cena se convertir\u00e1n en un centro m\u00e1s de atracci\u00f3n para los neuquinos.<\/p>\n<p>\u201cEl \u00e9xito de este shopping va a estar en instalarse en la comunidad y que la gente lo quiera. Como la gente de Buenos Aires se va a comprar a Miami, ac\u00e1 van a venir de todos lados, ser\u00e1 el polo de atracci\u00f3n de toda la zona\u201d, resumi\u00f3 el presidente de IRSA. Record\u00f3 que cuando se compraron las tierras se ve\u00eda su ubicaci\u00f3n como muy alejada del centro capitalino, pero aclar\u00f3 que desde hoy: \u201cSer\u00e1 el centro de la ciudad\u201d.<\/p>\n<p>Consultado sobre otras inversiones en la regi\u00f3n, el m\u00e1ximo referente de IRSA dijo que a\u00fan tienen 18 mil metros cuadrados para construir viviendas, y que se vendi\u00f3 un terreno lindero al shopping, donde se construir\u00e1 un hotel cuatro estrellas superior.<\/p>\n<h6>Fuente: La Ma\u00f1ana Neuqu\u00e9n<\/h6>\n","protected":false},"excerpt":{"rendered":"<p>Se realiz\u00f3 la inauguraci\u00f3n con invitados y hoy recibir\u00e1 al p\u00fablico. Pasaron 15 a\u00f1os de la primera vez que se escuch\u00f3 decir que en la intersecci\u00f3n de la Ruta 7 y Dr. Ram\u00f3n se abrir\u00eda un nuevo centro comercial. Despu\u00e9s de un a\u00f1o de construcci\u00f3n, ayer el Alto Comahue Shopping tuvo su inauguraci\u00f3n oficial que<\/p>\n","protected":false},"author":2,"featured_media":26629,"comment_status":"closed","ping_status":"closed","sticky":false,"template":"","format":"standard","meta":{"footnotes":""},"categories":[2],"tags":[23],"class_list":["post-26628","post","type-post","status-publish","format-standard","has-post-thumbnail","hentry","category-informe-municipal","tag-neuquen"],"_links":{"self":[{"href":"http:\/\/argentinamunicipal.com.ar\/argentina\/wp-json\/wp\/v2\/posts\/26628","targetHints":{"allow":["GET"]}}],"collection":[{"href":"http:\/\/argentinamunicipal.com.ar\/argentina\/wp-json\/wp\/v2\/posts"}],"about":[{"href":"http:\/\/argentinamunicipal.com.ar\/argentina\/wp-json\/wp\/v2\/types\/post"}],"author":[{"embeddable":true,"href":"http:\/\/argentinamunicipal.com.ar\/argentina\/wp-json\/wp\/v2\/users\/2"}],"replies":[{"embeddable":true,"href":"http:\/\/argentinamunicipal.com.ar\/argentina\/wp-json\/wp\/v2\/comments?post=26628"}],"version-history":[{"count":0,"href":"http:\/\/argentinamunicipal.com.ar\/argentina\/wp-json\/wp\/v2\/posts\/26628\/revisions"}],"wp:featuredmedia":[{"embeddable":true,"href":"http:\/\/argentinamunicipal.com.ar\/argentina\/wp-json\/wp\/v2\/media\/26629"}],"wp:attachment":[{"href":"http:\/\/argentinamunicipal.com.ar\/argentina\/wp-json\/wp\/v2\/media?parent=26628"}],"wp:term":[{"taxonomy":"category","embeddable":true,"href":"http:\/\/argentinamunicipal.com.ar\/argentina\/wp-json\/wp\/v2\/categories?post=26628"},{"taxonomy":"post_tag","embeddable":true,"href":"http:\/\/argentinamunicipal.com.ar\/argentina\/wp-json\/wp\/v2\/tags?post=26628"}],"curies":[{"name":"wp","href":"https:\/\/api.w.org\/{rel}","templated":true}]}}