{"id":26664,"date":"2015-03-24T06:34:35","date_gmt":"2015-03-24T09:34:35","guid":{"rendered":"http:\/\/argentinamunicipal.com.ar\/argentina\/?p=26664"},"modified":"2015-03-17T10:36:58","modified_gmt":"2015-03-17T13:36:58","slug":"en-la-primera-quincena-de-abril-se-entregaran-las-400-viviendas-en-colonia-avellaneda","status":"publish","type":"post","link":"http:\/\/argentinamunicipal.com.ar\/argentina\/en-la-primera-quincena-de-abril-se-entregaran-las-400-viviendas-en-colonia-avellaneda\/","title":{"rendered":"En la primera quincena de abril se entregar\u00e1n las 400 viviendas en Colonia Avellaneda"},"content":{"rendered":"<p><a href=\"http:\/\/argentinamunicipal.com.ar\/argentina\/wp-content\/uploads\/2015\/03\/e_1418684586.jpg\"><img loading=\"lazy\" decoding=\"async\" class=\"alignleft size-full wp-image-26665\" src=\"http:\/\/argentinamunicipal.com.ar\/argentina\/wp-content\/uploads\/2015\/03\/e_1418684586.jpg\" alt=\"e_1418684586\" width=\"432\" height=\"324\" srcset=\"http:\/\/argentinamunicipal.com.ar\/argentina\/wp-content\/uploads\/2015\/03\/e_1418684586.jpg 432w, http:\/\/argentinamunicipal.com.ar\/argentina\/wp-content\/uploads\/2015\/03\/e_1418684586-300x225.jpg 300w\" sizes=\"auto, (max-width: 432px) 100vw, 432px\" \/><\/a>Todav\u00eda no hay fecha definida pero seguramente se conocer\u00e1 en los pr\u00f3ximos d\u00edas. Trabajan a contrarreloj para llegar con los servicios de cloacas, pavimento, agua potable e iluminaci\u00f3n.<\/p>\n<p>En la primera quincena de abril se entregar\u00e1n las 400 viviendas en Colonia Avellaneda, as\u00ed lo confirm\u00f3 el intendente de esa localidad, Edgardo Dellizzotti, tras un encuentro con el titular del Instituto Aut\u00e1rquico Provincial de la Vivienda (IAPV), Oscar Marelli con quien defini\u00f3 hacer entrega de las 400 viviendas en la primera quincena del mes de abril.<\/p>\n<p>Las viviendas est\u00e1n ubicadas en el sector 200 viviendas, entre Ya\u00f1ez Mart\u00edn y Convenci\u00f3n Constituyente.<\/p>\n<p>Dellizzotti indic\u00f3 que todav\u00eda no hay fecha definida, aunque aclar\u00f3 que seguramente se conocer\u00e1 en los pr\u00f3ximos d\u00edas y ojal\u00e1 -afirm\u00f3- pueda estar el gobernador Sergio Urribarri en el acto de entrega de estas soluciones habitacionales.<\/p>\n<p>\u201cTenemos prisa de entrega porque la gente as\u00ed lo demanda, muchos de ellos est\u00e1n pagando alquiler y encima una cuota se les hace muy dif\u00edcil. Estamos trabajando contrarreloj para llegar con todos los servicios para estas 400 viviendas (cloacas, pavimento, agua potable e iluminaci\u00f3n), y si por ah\u00ed no nos acompa\u00f1a el tiempo hablaremos con los adjudicatarios para que entiendan que los mismos van a estar finalizados ya sea antes o despu\u00e9s de la entrega\u201d, recalc\u00f3.<\/p>\n<p>Los adjudicatarios son de diversas localidades entrerrianas y ahora se radicar\u00e1n en Colonia Avellaneda.<\/p>\n<h6>Fuente: El Once<\/h6>\n","protected":false},"excerpt":{"rendered":"<p>Todav\u00eda no hay fecha definida pero seguramente se conocer\u00e1 en los pr\u00f3ximos d\u00edas. Trabajan a contrarreloj para llegar con los servicios de cloacas, pavimento, agua potable e iluminaci\u00f3n. En la primera quincena de abril se entregar\u00e1n las 400 viviendas en Colonia Avellaneda, as\u00ed lo confirm\u00f3 el intendente de esa localidad, Edgardo Dellizzotti, tras un encuentro<\/p>\n","protected":false},"author":2,"featured_media":26665,"comment_status":"closed","ping_status":"closed","sticky":false,"template":"","format":"standard","meta":{"footnotes":""},"categories":[2],"tags":[17],"class_list":["post-26664","post","type-post","status-publish","format-standard","has-post-thumbnail","hentry","category-informe-municipal","tag-entre-rios"],"_links":{"self":[{"href":"http:\/\/argentinamunicipal.com.ar\/argentina\/wp-json\/wp\/v2\/posts\/26664","targetHints":{"allow":["GET"]}}],"collection":[{"href":"http:\/\/argentinamunicipal.com.ar\/argentina\/wp-json\/wp\/v2\/posts"}],"about":[{"href":"http:\/\/argentinamunicipal.com.ar\/argentina\/wp-json\/wp\/v2\/types\/post"}],"author":[{"embeddable":true,"href":"http:\/\/argentinamunicipal.com.ar\/argentina\/wp-json\/wp\/v2\/users\/2"}],"replies":[{"embeddable":true,"href":"http:\/\/argentinamunicipal.com.ar\/argentina\/wp-json\/wp\/v2\/comments?post=26664"}],"version-history":[{"count":0,"href":"http:\/\/argentinamunicipal.com.ar\/argentina\/wp-json\/wp\/v2\/posts\/26664\/revisions"}],"wp:featuredmedia":[{"embeddable":true,"href":"http:\/\/argentinamunicipal.com.ar\/argentina\/wp-json\/wp\/v2\/media\/26665"}],"wp:attachment":[{"href":"http:\/\/argentinamunicipal.com.ar\/argentina\/wp-json\/wp\/v2\/media?parent=26664"}],"wp:term":[{"taxonomy":"category","embeddable":true,"href":"http:\/\/argentinamunicipal.com.ar\/argentina\/wp-json\/wp\/v2\/categories?post=26664"},{"taxonomy":"post_tag","embeddable":true,"href":"http:\/\/argentinamunicipal.com.ar\/argentina\/wp-json\/wp\/v2\/tags?post=26664"}],"curies":[{"name":"wp","href":"https:\/\/api.w.org\/{rel}","templated":true}]}}