{"id":26678,"date":"2015-03-18T08:39:00","date_gmt":"2015-03-18T11:39:00","guid":{"rendered":"http:\/\/argentinamunicipal.com.ar\/argentina\/?p=26678"},"modified":"2015-03-18T08:39:00","modified_gmt":"2015-03-18T11:39:00","slug":"el-gobernador-de-santa-fe-firmo-el-decreto-que-amplia-la-emergencia-agropecuaria","status":"publish","type":"post","link":"http:\/\/argentinamunicipal.com.ar\/argentina\/el-gobernador-de-santa-fe-firmo-el-decreto-que-amplia-la-emergencia-agropecuaria\/","title":{"rendered":"El Gobernador de Santa Fe firm\u00f3 el decreto que ampl\u00eda la emergencia agropecuaria"},"content":{"rendered":"<p><a href=\"http:\/\/argentinamunicipal.com.ar\/argentina\/wp-content\/uploads\/2015\/03\/112165_provinciales.jpg\"><img loading=\"lazy\" decoding=\"async\" class=\"alignleft size-full wp-image-26679\" src=\"http:\/\/argentinamunicipal.com.ar\/argentina\/wp-content\/uploads\/2015\/03\/112165_provinciales.jpg\" alt=\"112165_provinciales\" width=\"544\" height=\"293\" srcset=\"http:\/\/argentinamunicipal.com.ar\/argentina\/wp-content\/uploads\/2015\/03\/112165_provinciales.jpg 544w, http:\/\/argentinamunicipal.com.ar\/argentina\/wp-content\/uploads\/2015\/03\/112165_provinciales-300x162.jpg 300w\" sizes=\"auto, (max-width: 544px) 100vw, 544px\" \/><\/a>La nueva norma abarca la totalidad de los distritos de los departamentos Castellanos, La Capital, Las Colonias, 9 de Julio, San Crist\u00f3bal, San Mart\u00edn, San Jer\u00f3nimo y San Justo; la actividad hort\u00edcola y ap\u00edcola de los departamentos Constituci\u00f3n, San Lorenzo y Rosario; y al distrito La Chispa de General L\u00f3pez.<\/p>\n<p>El gobernador Antonio Bonfatti, y los ministros de la Producci\u00f3n, Carlos Fascendini, y de Econom\u00eda, Angel Sciara, firmaron el viernes pasado el Decreto N\u00b0 714, declarando la Situaci\u00f3n de Emergencia y\/o Desastre Agropecuario, a las explotaciones agropecuarias, hort\u00edcolas y ap\u00edcolas afectadas por excesos de precipitaciones, anegamientos temporarios de arroyos y cursos de agua ocurridos en una extensa superficie de la provincia.<\/p>\n<p>La situaci\u00f3n de emergencia, que comprender\u00e1 el per\u00edodo del 1\u00b0 de marzo al 30 de junio de este a\u00f1o, abarca todos los distritos \u2013incluyendo los no comprendidos en el anterior Decreto N\u00b0 246\/15\u2013 de los departamentos Castellanos, La Capital, Las Colonias, 9 de Julio, San Crist\u00f3bal, San Mart\u00edn, San Jer\u00f3nimo y San Justo; la actividad hort\u00edcola y ap\u00edcola de los departamentos Constituci\u00f3n, San Lorenzo y Rosario; y al distrito La Chispa de General L\u00f3pez.<\/p>\n<p>Los productores alcanzados por esta norma deber\u00e1n completar un formulario de declaraci\u00f3n jurada en el Municipio o Comuna respectivo, que ser\u00e1 tomado como base para la emisi\u00f3n del certificado que extender\u00e1 el Ministerio de la Producci\u00f3n para poder acceder a los beneficios impositivos.<\/p>\n<p>Con respecto a la pr\u00f3rroga para el pago del impuesto inmobiliario, se incluir\u00e1n las cuotas 2 y 3, estableciendo para los predios ubicados en zonas rurales las fechas de vencimiento para el 23\/10\/2015 y el 23\/12\/2015 respectivamente; y para los predios ubicados en zonas suburbanas, el 24\/09\/2015 y el 24\/11\/2015, respectivamente.<\/p>\n<p><strong>ACTIVIDADES PRODUCTIVAS EN EMERGENCIA<\/strong><\/p>\n<p>La declaraci\u00f3n de Emergencia surgi\u00f3 a ra\u00edz del perjuicio a las actividades productivas generado por intensas y copiosas precipitaciones, que superaron con amplitud los registros promedios de enero, febrero y los primeros d\u00edas de marzo; y que generaron anegamientos y desplazamientos superficiales de agua desde las zonas altas hacia los sectores m\u00e1s deprimidos de los terrenos; sumando el aporte de agua de las provincias de Santiago de Estero y C\u00f3rdoba.<\/p>\n<p>Dicha situaci\u00f3n afect\u00f3 la red de caminos, el tr\u00e1nsito de maquinarias y el traslado de la producci\u00f3n, adem\u00e1s del aislamiento de algunas localidades; afectando tambi\u00e9n la posibilidad de realizar la siembra de los cultivos de segunda y el aumento de la incidencia de enfermedades de fin de ciclo en los cultivos de soja.<\/p>\n<p>Adem\u00e1s, se vieron seriamente afectados los procesos de otros cultivos. En el caso de la frutilla se vio retrasada la preparaci\u00f3n del terreno; y en el del algod\u00f3n, las altas precipitaciones afectaron el per\u00edodo cr\u00edtico de cultivo.<\/p>\n<p>Adem\u00e1s, se vio seriamente afectada la producci\u00f3n hort\u00edcola, as\u00ed como el control de plagas con aplicaciones terrestres; y la producci\u00f3n ap\u00edcola sufri\u00f3 una importante disminuci\u00f3n en el n\u00famero de colmenas, as\u00ed como en la poblaci\u00f3n y en su productividad, debido a la disminuci\u00f3n de la flora.<\/p>\n<p>La situaci\u00f3n general tambi\u00e9n comprometi\u00f3 la producci\u00f3n de forrajes para ganader\u00eda.<\/p>\n<p>En lo espec\u00edfico de la producci\u00f3n tambera, su situaci\u00f3n se agrav\u00f3, debido a las condiciones de la red vial que dificult\u00f3 el ingreso de camiones para retirar la producci\u00f3n. Adem\u00e1s se vieron disminuidas las reservas de forrajes (ma\u00edz) para los establecimientos ganaderos durante el invierno.<\/p>\n<h6>Fuente: Sin Mordaza<\/h6>\n","protected":false},"excerpt":{"rendered":"<p>La nueva norma abarca la totalidad de los distritos de los departamentos Castellanos, La Capital, Las Colonias, 9 de Julio, San Crist\u00f3bal, San Mart\u00edn, San Jer\u00f3nimo y San Justo; la actividad hort\u00edcola y ap\u00edcola de los departamentos Constituci\u00f3n, San Lorenzo y Rosario; y al distrito La Chispa de General L\u00f3pez. El gobernador Antonio Bonfatti, y<\/p>\n","protected":false},"author":2,"featured_media":26679,"comment_status":"closed","ping_status":"closed","sticky":false,"template":"","format":"standard","meta":{"footnotes":""},"categories":[2],"tags":[10],"class_list":["post-26678","post","type-post","status-publish","format-standard","has-post-thumbnail","hentry","category-informe-municipal","tag-santa-fe"],"_links":{"self":[{"href":"http:\/\/argentinamunicipal.com.ar\/argentina\/wp-json\/wp\/v2\/posts\/26678","targetHints":{"allow":["GET"]}}],"collection":[{"href":"http:\/\/argentinamunicipal.com.ar\/argentina\/wp-json\/wp\/v2\/posts"}],"about":[{"href":"http:\/\/argentinamunicipal.com.ar\/argentina\/wp-json\/wp\/v2\/types\/post"}],"author":[{"embeddable":true,"href":"http:\/\/argentinamunicipal.com.ar\/argentina\/wp-json\/wp\/v2\/users\/2"}],"replies":[{"embeddable":true,"href":"http:\/\/argentinamunicipal.com.ar\/argentina\/wp-json\/wp\/v2\/comments?post=26678"}],"version-history":[{"count":0,"href":"http:\/\/argentinamunicipal.com.ar\/argentina\/wp-json\/wp\/v2\/posts\/26678\/revisions"}],"wp:featuredmedia":[{"embeddable":true,"href":"http:\/\/argentinamunicipal.com.ar\/argentina\/wp-json\/wp\/v2\/media\/26679"}],"wp:attachment":[{"href":"http:\/\/argentinamunicipal.com.ar\/argentina\/wp-json\/wp\/v2\/media?parent=26678"}],"wp:term":[{"taxonomy":"category","embeddable":true,"href":"http:\/\/argentinamunicipal.com.ar\/argentina\/wp-json\/wp\/v2\/categories?post=26678"},{"taxonomy":"post_tag","embeddable":true,"href":"http:\/\/argentinamunicipal.com.ar\/argentina\/wp-json\/wp\/v2\/tags?post=26678"}],"curies":[{"name":"wp","href":"https:\/\/api.w.org\/{rel}","templated":true}]}}