{"id":26685,"date":"2015-03-18T08:48:02","date_gmt":"2015-03-18T11:48:02","guid":{"rendered":"http:\/\/argentinamunicipal.com.ar\/argentina\/?p=26685"},"modified":"2015-03-18T08:48:02","modified_gmt":"2015-03-18T11:48:02","slug":"los-jardines-municipales-suman-otro-edificio-emblematico-en-santa-fe","status":"publish","type":"post","link":"http:\/\/argentinamunicipal.com.ar\/argentina\/los-jardines-municipales-suman-otro-edificio-emblematico-en-santa-fe\/","title":{"rendered":"Los jardines municipales suman otro edificio emblem\u00e1tico en Santa Fe"},"content":{"rendered":"<p><a href=\"http:\/\/argentinamunicipal.com.ar\/argentina\/wp-content\/uploads\/2015\/03\/101080_santa-fe-1.jpg\"><img loading=\"lazy\" decoding=\"async\" class=\"alignright size-full wp-image-26686\" src=\"http:\/\/argentinamunicipal.com.ar\/argentina\/wp-content\/uploads\/2015\/03\/101080_santa-fe-1.jpg\" alt=\"101080_santa-fe (1)\" width=\"544\" height=\"293\" srcset=\"http:\/\/argentinamunicipal.com.ar\/argentina\/wp-content\/uploads\/2015\/03\/101080_santa-fe-1.jpg 544w, http:\/\/argentinamunicipal.com.ar\/argentina\/wp-content\/uploads\/2015\/03\/101080_santa-fe-1-300x162.jpg 300w\" sizes=\"auto, (max-width: 544px) 100vw, 544px\" \/><\/a>El intendente Jos\u00e9 Corral dejar\u00e1 inaugurado hoy a las 17 el Jard\u00edn Municipal de Coronel Dorrego, ubicado en Matheu y Alberdi, y que demand\u00f3 al Gobierno de la Ciudad una inversi\u00f3n de m\u00e1s de 6 millones de pesos.<\/p>\n<p>Con cinco salas -que funcionar\u00e1n por la ma\u00f1ana y por la tarde-, \u00e1reas de apoyo, patio, salas de reuniones, sanitarios, sal\u00f3n de usos m\u00faltiples, dep\u00f3sito y cocina, el intendente Jos\u00e9 Corral dejar\u00e1 formalmente inaugurado esta tarde un nuevo edificio emblem\u00e1tico para los jardines de infantes municipales.<\/p>\n<p>Ubicado en el coraz\u00f3n de barrio Coronel Dorrego, en la intersecci\u00f3n de calles Alberdi y Matheu, fue pensado desde cero para funcionar como jard\u00edn de infantes: tiene 517,33 m2 de superficie cubierta y 291,33 m2 de superficie semicubierta, y demand\u00f3 una inversi\u00f3n superior a los 6 millones de pesos. La construcci\u00f3n incluye un sal\u00f3n de usos m\u00faltiples (SUM) con acceso independiente, que podr\u00e1 ser utilizado para actividades comunitarias, sin afectar las dependencias destinadas a la instituci\u00f3n educativa.<\/p>\n<p>El nuevo Jard\u00edn Municipal se suma a otros 12 que fueron creados durante la gesti\u00f3n del intendente Jos\u00e9 Corral y en el que funcionan en total 85 salas, de las cuales 75 son para ni\u00f1os de 1 a 3 a\u00f1os. Los jardines se encuentran en barrios en los que se detect\u00f3 la ausencia de servicios de educaci\u00f3n inicial: Barranquitas -donde tambi\u00e9n es una experiencia compartida con el Movimiento Los Sin Techo-, Pro Mejoras Barranquitas, Villa Hip\u00f3dromo, San Agust\u00edn, El Abasto, Loyola, Varadero Sarsotti, Roca, Facundo Zuvir\u00eda, La Guardia, San Lorenzo y Asoem.<br \/>\nEn total, con la apertura del edificio en barrio Coronel Dorrego, ser\u00e1n unos 1.500 chicos los que asistir\u00e1n diariamente a las diferentes salas de los jardines municipales.<\/p>\n<h3>Mirada integral<\/h3>\n<p>El nuevo edificio forma parte de las acciones que lleva adelante el Municipio como parte del Programa Urbano Integral, una nueva modalidad de trabajo que depende directamente del intendente Jos\u00e9 Corral y es transversal a todas las secretar\u00edas municipales con el fin de dar respuesta a necesidades concretas de las diferentes zonas donde se pone en marcha.<\/p>\n<p>As\u00ed, la construcci\u00f3n se ve beneficiada por obras de infraestructura urbana que ya se ejecutaron en la zona, como cord\u00f3n cuneta, apertura de calles, y alumbrado p\u00fablico; regularizaci\u00f3n dominial y construcci\u00f3n de viviendas sociales.<\/p>\n<p>El dise\u00f1o del jard\u00edn se mantiene dentro de la propuesta arquitect\u00f3nica de los dem\u00e1s edificios que integran el Sistema Municipal de Educaci\u00f3n Inicial, en los que se destaca el compromiso con el espacio p\u00fablico a partir de una concepci\u00f3n de los espacios no s\u00f3lo en funci\u00f3n de su misi\u00f3n educativa, sino tambi\u00e9n como lugar de encuentro, convergencia e identidad para los vecinos de los barrios m\u00e1s necesitados de la ciudad.<\/p>\n<h3>Para festejar<\/h3>\n<p>Para celebrar la apertura del nuevo Jard\u00edn Municipal, el Gobierno de la Ciudad ha organizado el Festival de la Primera Infancia, que tendr\u00e1 lugar en el Play\u00f3n de Sarmiento y French.<\/p>\n<p>Para las familias del barrio y los ni\u00f1os que asisten a los diferentes solares municipales, se presentar\u00e1 el grupo Canticu\u00e9nticos, con m\u00fasica para grandes y chicos sobre ritmos argentinos y latinoamericanos.<\/p>\n<p>Adem\u00e1s, se presentar\u00e1 el grupo La Gorda Azul, con su obra \u00abOdisea de tres en triciclo\u00bb, una divertida propuesta para toda la familia.<\/p>\n<h6>Fuente: Sin Mordaza<\/h6>\n","protected":false},"excerpt":{"rendered":"<p>El intendente Jos\u00e9 Corral dejar\u00e1 inaugurado hoy a las 17 el Jard\u00edn Municipal de Coronel Dorrego, ubicado en Matheu y Alberdi, y que demand\u00f3 al Gobierno de la Ciudad una inversi\u00f3n de m\u00e1s de 6 millones de pesos. Con cinco salas -que funcionar\u00e1n por la ma\u00f1ana y por la tarde-, \u00e1reas de apoyo, patio, salas<\/p>\n","protected":false},"author":2,"featured_media":26686,"comment_status":"closed","ping_status":"closed","sticky":false,"template":"","format":"standard","meta":{"footnotes":""},"categories":[2],"tags":[10],"class_list":["post-26685","post","type-post","status-publish","format-standard","has-post-thumbnail","hentry","category-informe-municipal","tag-santa-fe"],"_links":{"self":[{"href":"http:\/\/argentinamunicipal.com.ar\/argentina\/wp-json\/wp\/v2\/posts\/26685","targetHints":{"allow":["GET"]}}],"collection":[{"href":"http:\/\/argentinamunicipal.com.ar\/argentina\/wp-json\/wp\/v2\/posts"}],"about":[{"href":"http:\/\/argentinamunicipal.com.ar\/argentina\/wp-json\/wp\/v2\/types\/post"}],"author":[{"embeddable":true,"href":"http:\/\/argentinamunicipal.com.ar\/argentina\/wp-json\/wp\/v2\/users\/2"}],"replies":[{"embeddable":true,"href":"http:\/\/argentinamunicipal.com.ar\/argentina\/wp-json\/wp\/v2\/comments?post=26685"}],"version-history":[{"count":0,"href":"http:\/\/argentinamunicipal.com.ar\/argentina\/wp-json\/wp\/v2\/posts\/26685\/revisions"}],"wp:featuredmedia":[{"embeddable":true,"href":"http:\/\/argentinamunicipal.com.ar\/argentina\/wp-json\/wp\/v2\/media\/26686"}],"wp:attachment":[{"href":"http:\/\/argentinamunicipal.com.ar\/argentina\/wp-json\/wp\/v2\/media?parent=26685"}],"wp:term":[{"taxonomy":"category","embeddable":true,"href":"http:\/\/argentinamunicipal.com.ar\/argentina\/wp-json\/wp\/v2\/categories?post=26685"},{"taxonomy":"post_tag","embeddable":true,"href":"http:\/\/argentinamunicipal.com.ar\/argentina\/wp-json\/wp\/v2\/tags?post=26685"}],"curies":[{"name":"wp","href":"https:\/\/api.w.org\/{rel}","templated":true}]}}