{"id":26741,"date":"2015-03-18T09:54:27","date_gmt":"2015-03-18T12:54:27","guid":{"rendered":"http:\/\/argentinamunicipal.com.ar\/argentina\/?p=26741"},"modified":"2015-03-18T09:54:27","modified_gmt":"2015-03-18T12:54:27","slug":"el-gobernador-de-san-juan-anuncio-a-los-intendentes-la-continuidad-del-plan-800-cuadras","status":"publish","type":"post","link":"http:\/\/argentinamunicipal.com.ar\/argentina\/el-gobernador-de-san-juan-anuncio-a-los-intendentes-la-continuidad-del-plan-800-cuadras\/","title":{"rendered":"El Gobernador de San Juan\u00a0anunci\u00f3 a los intendentes la continuidad del Plan 800 cuadras"},"content":{"rendered":"<p><a href=\"http:\/\/argentinamunicipal.com.ar\/argentina\/wp-content\/uploads\/2015\/03\/785582821-3-urban-om-sa-pavimentacion-urbana-e1426683246743.jpeg\"><img loading=\"lazy\" decoding=\"async\" class=\"aligncenter wp-image-26742 size-full\" src=\"http:\/\/argentinamunicipal.com.ar\/argentina\/wp-content\/uploads\/2015\/03\/785582821-3-urban-om-sa-pavimentacion-urbana-e1426683246743.jpeg\" alt=\"\" width=\"707\" height=\"392\" srcset=\"http:\/\/argentinamunicipal.com.ar\/argentina\/wp-content\/uploads\/2015\/03\/785582821-3-urban-om-sa-pavimentacion-urbana-e1426683246743.jpeg 707w, http:\/\/argentinamunicipal.com.ar\/argentina\/wp-content\/uploads\/2015\/03\/785582821-3-urban-om-sa-pavimentacion-urbana-e1426683246743-300x166.jpeg 300w\" sizes=\"auto, (max-width: 707px) 100vw, 707px\" \/><\/a><br \/>\nDel encuentro tambi\u00e9n participaron el ministro de Infraestructura Jos\u00e9 Strada y el titular de Vialidad Provincial, Ing. Edgardo Guerci. Adem\u00e1s el Gobernador les pidi\u00f3 \u201cser prudentes y hacer una buena gesti\u00f3n\u201d.<\/p>\n<p>Sobre el medio d\u00eda de ayer, arribaron a Casa de Gobierno, los 19 intendentes departamentales, para acudir a una reuni\u00f3n a la que hab\u00edan sido convocados por el Gobernador de la Provincia, Jos\u00e9 Luis Gioja. Adem\u00e1s de los jefes comunales, llegaron para participar del encuentro el Ministro de Infraestructura, Jos\u00e9 Strada y el director de Vialidad Provincial, Edgardo Guerci, ya que entre los temas que se trataron en dicha reuni\u00f3n tuvieron que ver principalmente la ejecuci\u00f3n de obras y el planteo de la continuidad de una cuarta etapa del Plan de pavimentaci\u00f3n provincial, 800 cuadras.<\/p>\n<p>En la reuni\u00f3n se les explic\u00f3 a los intendentes los montos que estar\u00e1n asignados a cada uno de las comunas para continuar con el programa de pavimentaci\u00f3n urbana. En esta nueva etapa, los municipios podr\u00e1n invertir el presupuesto en bacheo, pavimentaci\u00f3n o repavimentaci\u00f3n de las calles.<\/p>\n<p>Adem\u00e1s se tuvo en cuenta la particularidad de los municipios de Rawson y Chimbas que est\u00e1n siendo atravesados por la mega obra cloacal de la provincia, que da\u00f1a la pavimentaci\u00f3n de las distintas zonas por donde se est\u00e1 ejecutando la misma y causa malestares entre los vecinos.<\/p>\n<p>Los intendentes vieron con muy buenos ojos la continuidad del plan y se\u00f1alaron que de inmediato se pondr\u00e1n a trazar y delinear los distritos y barrios en los que implementar\u00e1n esta cuarta etapa de pavimentaci\u00f3n. En muchos casos a\u00fan est\u00e1n en fase final de la tercera etapa del programa por lo que deben concluir las obras para poder iniciar con el nuevo esquema.<\/p>\n<p>Otro de los temas que se abordaron en el encuentro con el gobernador, es la financiaci\u00f3n del Plan Mas Cerca, ya que los intendentes plantearon la falta de la llegada de los fondos para las obras que ya se est\u00e1n ejecutando, por los que se les garantiz\u00f3 una ayuda provincial, hasta que desde la Naci\u00f3n env\u00eden los fondos pertinentes y ya acordados.<\/p>\n<p>Trascendi\u00f3 que como siempre el Gobernador los inst\u00f3 a seguir trabajando de forma ordenada en cada una de las comunas y que en pocos d\u00edas m\u00e1s comenzar\u00eda a trabajar de forma particular con cada intendente para delinear el trabajo pol\u00edtico, en vistas a las pr\u00f3ximas elecciones.\u00a0 \u201cPidi\u00f3 ser prudentes, gobernar y recordar que la forma de hacer pol\u00edtica es con buen gobierno y hacer una buena gesti\u00f3n con mejores condiciones\u201d, se\u00f1al\u00f3 el intendente de Rawson, Juan Carlos Gioja.<\/p>\n<h6>Fuente: El Zonda<\/h6>\n","protected":false},"excerpt":{"rendered":"<p>Del encuentro tambi\u00e9n participaron el ministro de Infraestructura Jos\u00e9 Strada y el titular de Vialidad Provincial, Ing. Edgardo Guerci. Adem\u00e1s el Gobernador les pidi\u00f3 \u201cser prudentes y hacer una buena gesti\u00f3n\u201d. Sobre el medio d\u00eda de ayer, arribaron a Casa de Gobierno, los 19 intendentes departamentales, para acudir a una reuni\u00f3n a la que hab\u00edan<\/p>\n","protected":false},"author":2,"featured_media":26742,"comment_status":"closed","ping_status":"closed","sticky":false,"template":"","format":"standard","meta":{"footnotes":""},"categories":[2],"tags":[32],"class_list":["post-26741","post","type-post","status-publish","format-standard","has-post-thumbnail","hentry","category-informe-municipal","tag-san-juan"],"_links":{"self":[{"href":"http:\/\/argentinamunicipal.com.ar\/argentina\/wp-json\/wp\/v2\/posts\/26741","targetHints":{"allow":["GET"]}}],"collection":[{"href":"http:\/\/argentinamunicipal.com.ar\/argentina\/wp-json\/wp\/v2\/posts"}],"about":[{"href":"http:\/\/argentinamunicipal.com.ar\/argentina\/wp-json\/wp\/v2\/types\/post"}],"author":[{"embeddable":true,"href":"http:\/\/argentinamunicipal.com.ar\/argentina\/wp-json\/wp\/v2\/users\/2"}],"replies":[{"embeddable":true,"href":"http:\/\/argentinamunicipal.com.ar\/argentina\/wp-json\/wp\/v2\/comments?post=26741"}],"version-history":[{"count":0,"href":"http:\/\/argentinamunicipal.com.ar\/argentina\/wp-json\/wp\/v2\/posts\/26741\/revisions"}],"wp:featuredmedia":[{"embeddable":true,"href":"http:\/\/argentinamunicipal.com.ar\/argentina\/wp-json\/wp\/v2\/media\/26742"}],"wp:attachment":[{"href":"http:\/\/argentinamunicipal.com.ar\/argentina\/wp-json\/wp\/v2\/media?parent=26741"}],"wp:term":[{"taxonomy":"category","embeddable":true,"href":"http:\/\/argentinamunicipal.com.ar\/argentina\/wp-json\/wp\/v2\/categories?post=26741"},{"taxonomy":"post_tag","embeddable":true,"href":"http:\/\/argentinamunicipal.com.ar\/argentina\/wp-json\/wp\/v2\/tags?post=26741"}],"curies":[{"name":"wp","href":"https:\/\/api.w.org\/{rel}","templated":true}]}}