{"id":26793,"date":"2015-03-19T08:26:44","date_gmt":"2015-03-19T11:26:44","guid":{"rendered":"http:\/\/argentinamunicipal.com.ar\/argentina\/?p=26793"},"modified":"2015-03-19T08:26:44","modified_gmt":"2015-03-19T11:26:44","slug":"santa-fe-ya-cuenta-con-el-primer-centro-territorial-de-denuncias","status":"publish","type":"post","link":"http:\/\/argentinamunicipal.com.ar\/argentina\/santa-fe-ya-cuenta-con-el-primer-centro-territorial-de-denuncias\/","title":{"rendered":"Santa Fe ya cuenta con el primer Centro Territorial de Denuncias"},"content":{"rendered":"<p><a href=\"http:\/\/argentinamunicipal.com.ar\/argentina\/wp-content\/uploads\/2015\/03\/centro_territorial_santa_fe.jpg_2069580699.jpg\"><img loading=\"lazy\" decoding=\"async\" class=\"aligncenter  wp-image-26794\" src=\"http:\/\/argentinamunicipal.com.ar\/argentina\/wp-content\/uploads\/2015\/03\/centro_territorial_santa_fe.jpg_2069580699.jpg\" alt=\"centro_territorial_santa_fe.jpg_2069580699\" width=\"675\" height=\"450\" srcset=\"http:\/\/argentinamunicipal.com.ar\/argentina\/wp-content\/uploads\/2015\/03\/centro_territorial_santa_fe.jpg_2069580699.jpg 761w, http:\/\/argentinamunicipal.com.ar\/argentina\/wp-content\/uploads\/2015\/03\/centro_territorial_santa_fe.jpg_2069580699-300x200.jpg 300w\" sizes=\"auto, (max-width: 675px) 100vw, 675px\" \/><\/a><br \/>\nSe inauguraron este mi\u00e9rcoles por la ma\u00f1ana las nuevas oficinas en el Predio Ferial Municipal. All\u00ed los vecinos podr\u00e1n denunciar delitos como en cualquier otra comisar\u00eda, y tambi\u00e9n realizar certificaciones de domicilio, supervivencia, extrav\u00edos y otros.<\/p>\n<p>Con el tradicional corte de cintas, el intendente Jos\u00e9 Corral y el gobernador Antonio Bonfatti inauguraron esta ma\u00f1ana el primer Centro Territorial de Denuncias (CTD) de la ciudad de Santa Fe, ubicado en el Predio Ferial Municipal (Las Heras 2883), en un espacio que fue cedido por el Gobierno de la Ciudad a la Provincia.<\/p>\n<p>Enmarcado en el Plan Abre -que llevan adelante Provincia y Municipio-, el Centro Territorial de Denuncias funcionar\u00e1 de 8 a 20 y contar\u00e1 con personal especializado para recibir las denuncias de delitos como en cualquier comisar\u00eda; pero adem\u00e1s podr\u00e1n realizar certificaciones de domicilio, supervivencia, extrav\u00edos y otros tr\u00e1mites.<\/p>\n<p>El objetivo del Centro de Denuncia es establecer una relaci\u00f3n m\u00e1s directa con la comunidad para garantizar el efectivo ejercicio de sus derechos y facilitar el acceso de la ciudadan\u00eda a los organismos p\u00fablicos pertinentes.<\/p>\n<p>Junto a Jos\u00e9 Corral y Antonio Bonfatti, participaron del acto el vicegobernador Jorge Henn; los ministros de Gobierno y Reforma del Estado, Rub\u00e9n Galassi, y de Seguridad, Ra\u00fal Lamberto; el senador Hugo Marcucci; el presidente del Concejo Municipal, Leonardo Simoniello; la secretaria de Gobierno del Municipio, Mar\u00eda Mart\u00edn; representantes del Colegio de Abogados y el personal que atender\u00e1 en el nuevo Centro.<\/p>\n<p>Atenci\u00f3n profesional<\/p>\n<p>El intendente Jos\u00e9 Corral se\u00f1al\u00f3 que con el Centro Territorial de Denuncias \u201cla idea es que los vecinos de la ciudad tengan un lugar en el cual poder recurrir con la tranquilidad de que lo van a atender profesionales, que no tienen v\u00ednculo directo con la fuerza policial pero que s\u00ed pertenecen al Estado. Ellos van a canalizar la inquietud, la preocupaci\u00f3n o la denuncia concreta a quienes corresponda: a veces al Ministerio P\u00fablico de la Acusaci\u00f3n o a las propias autoridades policiales y el Ministerio de Seguridad\u201d, detall\u00f3.<\/p>\n<p>Sobre las tr\u00e1mites, \u201cdurante todo el d\u00eda los vecinos van a tener la posibilidad de ser recibidos por profesionales que lo van a escuchar, a atender, y que van a canalizar esa inquietud con la idea de acompa\u00f1ar a las v\u00edctimas, y tambi\u00e9n de resolver problemas menores como un certificado de vecindad o el extrav\u00edo de un documento\u201d, ejemplific\u00f3 Jos\u00e9 Corral.<\/p>\n<p>El mandatario local puntualiz\u00f3 que las nuevas oficinas \u201cdescomprimen el trabajo administrativo en las comisar\u00edas, y que buena parte ya puede hacerse en las oficinas de Distritos Municipales como el certificado de vecindad\u201d, ejemplific\u00f3. Asimismo destac\u00f3 la accesibilidad al lugar, cercano a los recorridos de los las l\u00edneas de colectivo \u201cy donde adem\u00e1s hay otras oficinas de atenci\u00f3n al ciudadano, como la de Denuncias por Accidentes de Tr\u00e1nsito y la Oficina de Empleo, en el marco del proceso de descentralizaci\u00f3n que lleva adelante el Gobierno de la Ciudad\u201d, sostuvo Jos\u00e9 Corral.<\/p>\n<p>A su turno el gobernador Antonio Bonfatti indic\u00f3 que \u201choy estamos inaugurando este espacio enfrentando las circunstancias ante la dificultad para el ciudadano en hacer una denuncia en una comisar\u00eda donde todav\u00eda nos queda mucho por cambiar culturalmente sobre c\u00f3mo se recibe a un ciudadano y se le brinda el mejor de los servicios\u201d.<\/p>\n<p>En este sentido cont\u00f3 que el nuevo Centro es una idea del Ministerio de Seguridad que ya cuenta con otros cuatro en la Provincia y \u201cla semana que viene vamos a estar abriendo el quinto en Venado Tuerto, y despu\u00e9s vamos a abrir m\u00e1s en la ciudad de Santa Fe\u201d, adelant\u00f3 Bonfatti, que agradeci\u00f3 \u201cal Intendente que haya cedido este espacio que en otros lugares son casas que alquila la Provincia, para seguir brind\u00e1ndonos al vecino que necesita que el Estado sea el primero en responderle con respeto, con dignidad. Y nosotros estamos para eso\u201d sostuvo. Asimismo hizo lo propio con el Colegio de Abogados que mediante un convenio permiti\u00f3 la capacitaci\u00f3n del personal.<\/p>\n<p>C\u00f3mo funciona<\/p>\n<p>Los ciudadanos que se presenten en el CTD para realizar denuncias u otros tr\u00e1mites son recibidos en primera instancia por personal de orientaci\u00f3n, quienes los atienden de manera de poder realizar una valoraci\u00f3n r\u00e1pida de los casos y as\u00ed derivarlo al \u00e1rea de recepci\u00f3n de denuncias u otras instituciones seg\u00fan corresponda.<\/p>\n<p>En caso de la toma de denuncia, los funcionarios p\u00fablicos son quienes est\u00e1n a cargo de recepcionarla con todas las formalidades que establece el C\u00f3digo Procesal Penal y las leyes vigentes. Al tomarse la misma, el funcionario actuante comprueba y hace constar la identidad del denunciante, luego rubrica la denuncia y certifica todo lo actuado.<\/p>\n<p>En cuanto a las denuncias relativas a hechos il\u00edcitos que conlleven el inicio de actividades de investigaci\u00f3n son derivadas a un cuerpo policial especializado quien formaliza el sumario de prevenci\u00f3n para su derivaci\u00f3n al Poder Judicial. En cuanto a las relativas a contravenciones, si no son mediables, son derivadas al Juzgado Provincial de Faltas en turno; mientras que aquellas causas que admitan ser sometidas a mediaci\u00f3n penal, se derivan al Centro de Asistencia Judicial.<\/p>\n<p>Con relaci\u00f3n a los casos de denuncias por delitos que corresponda al Centro de Orientaci\u00f3n a la v\u00edctima de delitos sexuales son derivados de forma inmediata a este organismo.<\/p>\n<p>Cabe mencionar que el CDT trabaja en forma coordinada con un Cuerpo Policial Especializado integrado por personal policial especializado en investigaciones afectado exclusivamente en la etapa de investigaci\u00f3n preventora, actuando acorde al C\u00f3digo Procesal Penal de la provincia.<\/p>\n<p>Tipos de tr\u00e1mites<\/p>\n<p>En el Centro Territorial, las personas podr\u00e1n realizar las denuncias que se realizan en las comisar\u00edas o las reparticiones del Ministerio P\u00fablico de la Acusaci\u00f3n o el Poder Judicial, como homicidios, abuso de armas, lesiones, abandono de personas, robos, hurtos, siniestros de tr\u00e1nsito con lesionados o hechos de violencia en espect\u00e1culos deportivos o que afecten el orden p\u00fablico entre otros. Tambi\u00e9n se podr\u00e1n tramitar constancias de declaraci\u00f3n de domicilio, de supervivencia, o por extrav\u00edos de documentaci\u00f3n como DNI, tarjetas de cr\u00e9dito, tarjetas de d\u00e9bito, pasaporte, carn\u00e9, etc.<\/p>\n<h6>Fuente: Uno, Santa Fe<\/h6>\n","protected":false},"excerpt":{"rendered":"<p>Se inauguraron este mi\u00e9rcoles por la ma\u00f1ana las nuevas oficinas en el Predio Ferial Municipal. All\u00ed los vecinos podr\u00e1n denunciar delitos como en cualquier otra comisar\u00eda, y tambi\u00e9n realizar certificaciones de domicilio, supervivencia, extrav\u00edos y otros. Con el tradicional corte de cintas, el intendente Jos\u00e9 Corral y el gobernador Antonio Bonfatti inauguraron esta ma\u00f1ana el<\/p>\n","protected":false},"author":2,"featured_media":26794,"comment_status":"closed","ping_status":"closed","sticky":false,"template":"","format":"standard","meta":{"footnotes":""},"categories":[2],"tags":[10],"class_list":["post-26793","post","type-post","status-publish","format-standard","has-post-thumbnail","hentry","category-informe-municipal","tag-santa-fe"],"_links":{"self":[{"href":"http:\/\/argentinamunicipal.com.ar\/argentina\/wp-json\/wp\/v2\/posts\/26793","targetHints":{"allow":["GET"]}}],"collection":[{"href":"http:\/\/argentinamunicipal.com.ar\/argentina\/wp-json\/wp\/v2\/posts"}],"about":[{"href":"http:\/\/argentinamunicipal.com.ar\/argentina\/wp-json\/wp\/v2\/types\/post"}],"author":[{"embeddable":true,"href":"http:\/\/argentinamunicipal.com.ar\/argentina\/wp-json\/wp\/v2\/users\/2"}],"replies":[{"embeddable":true,"href":"http:\/\/argentinamunicipal.com.ar\/argentina\/wp-json\/wp\/v2\/comments?post=26793"}],"version-history":[{"count":0,"href":"http:\/\/argentinamunicipal.com.ar\/argentina\/wp-json\/wp\/v2\/posts\/26793\/revisions"}],"wp:featuredmedia":[{"embeddable":true,"href":"http:\/\/argentinamunicipal.com.ar\/argentina\/wp-json\/wp\/v2\/media\/26794"}],"wp:attachment":[{"href":"http:\/\/argentinamunicipal.com.ar\/argentina\/wp-json\/wp\/v2\/media?parent=26793"}],"wp:term":[{"taxonomy":"category","embeddable":true,"href":"http:\/\/argentinamunicipal.com.ar\/argentina\/wp-json\/wp\/v2\/categories?post=26793"},{"taxonomy":"post_tag","embeddable":true,"href":"http:\/\/argentinamunicipal.com.ar\/argentina\/wp-json\/wp\/v2\/tags?post=26793"}],"curies":[{"name":"wp","href":"https:\/\/api.w.org\/{rel}","templated":true}]}}