{"id":26811,"date":"2015-03-19T08:48:04","date_gmt":"2015-03-19T11:48:04","guid":{"rendered":"http:\/\/argentinamunicipal.com.ar\/argentina\/?p=26811"},"modified":"2015-03-19T08:48:04","modified_gmt":"2015-03-19T11:48:04","slug":"destinaran-555-millones-este-ano-para-hacer-284-viviendas-en-rio-cuarto","status":"publish","type":"post","link":"http:\/\/argentinamunicipal.com.ar\/argentina\/destinaran-555-millones-este-ano-para-hacer-284-viviendas-en-rio-cuarto\/","title":{"rendered":"Destinar\u00e1n $ 55,5 millones este a\u00f1o para hacer 284 viviendas en R\u00edo Cuarto"},"content":{"rendered":"<p><a href=\"http:\/\/argentinamunicipal.com.ar\/argentina\/wp-content\/uploads\/2015\/03\/Arranc\u00f3-la-segunda-etapa-de-autoconstrucci\u00f3n-de-viviendas-sociales_0013-2.jpg\"><img loading=\"lazy\" decoding=\"async\" class=\"aligncenter size-full wp-image-26812\" src=\"http:\/\/argentinamunicipal.com.ar\/argentina\/wp-content\/uploads\/2015\/03\/Arranc\u00f3-la-segunda-etapa-de-autoconstrucci\u00f3n-de-viviendas-sociales_0013-2.jpg\" alt=\"Arranc\u00f3-la-segunda-etapa-de-autoconstrucci\u00f3n-de-viviendas-sociales_0013-2\" width=\"624\" height=\"414\" srcset=\"http:\/\/argentinamunicipal.com.ar\/argentina\/wp-content\/uploads\/2015\/03\/Arranc\u00f3-la-segunda-etapa-de-autoconstrucci\u00f3n-de-viviendas-sociales_0013-2.jpg 624w, http:\/\/argentinamunicipal.com.ar\/argentina\/wp-content\/uploads\/2015\/03\/Arranc\u00f3-la-segunda-etapa-de-autoconstrucci\u00f3n-de-viviendas-sociales_0013-2-300x199.jpg 300w\" sizes=\"auto, (max-width: 624px) 100vw, 624px\" \/><\/a><br \/>\nSe trata de la construcci\u00f3n de 224 unidades para la clase media y de 60 para las familias de escasos recursos. Jure recorri\u00f3 ayer la obra de las casas de autoconstrucci\u00f3n. Firman un convenio con Agec<\/p>\n<p>Este a\u00f1o, el Municipio destinar\u00e1 $ 55,5 millones para la construcci\u00f3n de 284 viviendas.<\/p>\n<p>Se trata de 224 unidades habitacionales para la clase media ($ 50 millones)\u2008y 60 para las familias de escasos recursos ($ 5,5 millones).<\/p>\n<p>La citada inversi\u00f3n se dio a conocer ayer en el marco de una visita que el intendente Juan Jure hizo a la obra de las 45 viviendas sociales que se est\u00e1n construyendo en barrio Alberdi.<\/p>\n<p>En rigor, se trata de la concreci\u00f3n de las primeras 10 plateas de un total de 45 para dicho barrio.<\/p>\n<p>Estas casas se suman a las 35 que se inauguraron en diciembre pasado.<\/p>\n<p>\u201cYa se culminaron 10 plateas y desde ma\u00f1ana (por hoy)\u2008las familias comienzan a levantar las paredes, con el asesoramiento de la Municipalidad\u201d, dijo ayer Jure a PUNTAL.<\/p>\n<p>Y\u2008a\u00f1adi\u00f3:\u2008\u201cEn esta segunda etapa son 60 viviendas en total. Ya entregamos las primeras 35\u201d.<\/p>\n<p>En estas 45 viviendas, se aplica la modalidad de autoconstrucci\u00f3n asistida, en la que los beneficiarios participan con la mano de obra, mientras que el Municipio aporta los materiales, la platea, la ejecuci\u00f3n de las estructuras m\u00e1s importantes, las obras de agua y la luminaria.<\/p>\n<p>Por su parte, el director de Gesti\u00f3n de Programas del Instituto Municipal de la Vivienda (IMV), Am\u00e9rico Balmaceda, se\u00f1al\u00f3 ayer a este diario que \u201cse firmar\u00e1 un convenio con Agec para hacer casas por cogesti\u00f3n\u201d.<\/p>\n<p>Las viviendas sociales cuentan con 40 metros cuadrados en total y cuentan con un ba\u00f1o, un dormitorio y una cocina-comedor.<\/p>\n<p>Adem\u00e1s, el dise\u00f1o permite la posibilidad de una ampliaci\u00f3n luego de finalizada, con lo cual alcanzar\u00eda los 50 metros cuadrados.<\/p>\n<p>La platea es de hormig\u00f3n armado,\u00a0 con estructura met\u00e1lica para el techo, paredes de ladrillos, mamposter\u00eda, revoque tradicional y\u00a0 cielorrasos de madera.<\/p>\n<p>Finalmente, el secretario de Vivienda, Fabricio Pedruzzi, sostuvo ayer a PUNTAL\u2008que \u201cen menos de dos a\u00f1os en que hemos iniciado nuestro plan de viviendas hoy estamos en todos los frentes de obras\u201d.<\/p>\n<p><strong>-\u00bfDe cu\u00e1nto es la inversi\u00f3n para este a\u00f1o?<\/strong><br \/>\n-Asciende a 55,5 millones de pesos y los fondos est\u00e1n asegurados.<\/p>\n<h6>Fuente: Puntal<\/h6>\n","protected":false},"excerpt":{"rendered":"<p>Se trata de la construcci\u00f3n de 224 unidades para la clase media y de 60 para las familias de escasos recursos. Jure recorri\u00f3 ayer la obra de las casas de autoconstrucci\u00f3n. Firman un convenio con Agec Este a\u00f1o, el Municipio destinar\u00e1 $ 55,5 millones para la construcci\u00f3n de 284 viviendas. Se trata de 224 unidades<\/p>\n","protected":false},"author":2,"featured_media":26812,"comment_status":"closed","ping_status":"closed","sticky":false,"template":"","format":"standard","meta":{"footnotes":""},"categories":[2],"tags":[3],"class_list":["post-26811","post","type-post","status-publish","format-standard","has-post-thumbnail","hentry","category-informe-municipal","tag-cordoba"],"_links":{"self":[{"href":"http:\/\/argentinamunicipal.com.ar\/argentina\/wp-json\/wp\/v2\/posts\/26811","targetHints":{"allow":["GET"]}}],"collection":[{"href":"http:\/\/argentinamunicipal.com.ar\/argentina\/wp-json\/wp\/v2\/posts"}],"about":[{"href":"http:\/\/argentinamunicipal.com.ar\/argentina\/wp-json\/wp\/v2\/types\/post"}],"author":[{"embeddable":true,"href":"http:\/\/argentinamunicipal.com.ar\/argentina\/wp-json\/wp\/v2\/users\/2"}],"replies":[{"embeddable":true,"href":"http:\/\/argentinamunicipal.com.ar\/argentina\/wp-json\/wp\/v2\/comments?post=26811"}],"version-history":[{"count":0,"href":"http:\/\/argentinamunicipal.com.ar\/argentina\/wp-json\/wp\/v2\/posts\/26811\/revisions"}],"wp:featuredmedia":[{"embeddable":true,"href":"http:\/\/argentinamunicipal.com.ar\/argentina\/wp-json\/wp\/v2\/media\/26812"}],"wp:attachment":[{"href":"http:\/\/argentinamunicipal.com.ar\/argentina\/wp-json\/wp\/v2\/media?parent=26811"}],"wp:term":[{"taxonomy":"category","embeddable":true,"href":"http:\/\/argentinamunicipal.com.ar\/argentina\/wp-json\/wp\/v2\/categories?post=26811"},{"taxonomy":"post_tag","embeddable":true,"href":"http:\/\/argentinamunicipal.com.ar\/argentina\/wp-json\/wp\/v2\/tags?post=26811"}],"curies":[{"name":"wp","href":"https:\/\/api.w.org\/{rel}","templated":true}]}}