{"id":26817,"date":"2015-03-19T08:54:54","date_gmt":"2015-03-19T11:54:54","guid":{"rendered":"http:\/\/argentinamunicipal.com.ar\/argentina\/?p=26817"},"modified":"2015-03-19T08:54:54","modified_gmt":"2015-03-19T11:54:54","slug":"esta-casi-terminado-el-primer-tramo-de-bicisendas-en-neuquen","status":"publish","type":"post","link":"http:\/\/argentinamunicipal.com.ar\/argentina\/esta-casi-terminado-el-primer-tramo-de-bicisendas-en-neuquen\/","title":{"rendered":"Est\u00e1 casi terminado el primer tramo de bicisendas en Neuqu\u00e9n"},"content":{"rendered":"<p><a href=\"http:\/\/argentinamunicipal.com.ar\/argentina\/wp-content\/uploads\/2015\/03\/646x420_104282_20150204145708.jpg\"><img loading=\"lazy\" decoding=\"async\" class=\"aligncenter size-full wp-image-26818\" src=\"http:\/\/argentinamunicipal.com.ar\/argentina\/wp-content\/uploads\/2015\/03\/646x420_104282_20150204145708.jpg\" alt=\"646x420_104282_20150204145708\" width=\"646\" height=\"420\" srcset=\"http:\/\/argentinamunicipal.com.ar\/argentina\/wp-content\/uploads\/2015\/03\/646x420_104282_20150204145708.jpg 646w, http:\/\/argentinamunicipal.com.ar\/argentina\/wp-content\/uploads\/2015\/03\/646x420_104282_20150204145708-300x195.jpg 300w\" sizes=\"auto, (max-width: 646px) 100vw, 646px\" \/><\/a><br \/>\nA fin de mes estar\u00e1 concluida la primera etapa de bicisendas que unir\u00e1 la Avenida Olascoaga con los puentes carreteros.<\/p>\n<p>Los vecinos que habitualmente se movilizan en bicicleta tienen un motivo para festejar: a fin de mes estar\u00e1 concluida la primera etapa del proyecto de bicisendas. Se trata de la obra que se extiende a lo largo de tres kil\u00f3metros y une Avenida Olascoaga con los puentes carreteros, que ya est\u00e1 en un 95% de avance.<\/p>\n<p>Desde el Municipio destacaron la calidad de la se\u00f1alizaci\u00f3n que se est\u00e1 colocando, dado que se trata \u201cde infraestructura montada con el objetivo de cuidar a los ciclistas del tr\u00e1nsito vehicular\u201d. Se pondr\u00e1n se\u00f1ales verticales de \u201cprohibido estacionar\u201d, \u201ccirculaci\u00f3n exclusiva para bicicletas\u201d, \u201ccruce de ciclistas\u201d y \u201cpare\u201d. El presupuesto de las tareas asciende a 1,5 millones.<\/p>\n<h6>Fuente: La Ma\u00f1ana Neuqu\u00e9n<\/h6>\n","protected":false},"excerpt":{"rendered":"<p>A fin de mes estar\u00e1 concluida la primera etapa de bicisendas que unir\u00e1 la Avenida Olascoaga con los puentes carreteros. Los vecinos que habitualmente se movilizan en bicicleta tienen un motivo para festejar: a fin de mes estar\u00e1 concluida la primera etapa del proyecto de bicisendas. Se trata de la obra que se extiende a<\/p>\n","protected":false},"author":2,"featured_media":26818,"comment_status":"closed","ping_status":"closed","sticky":false,"template":"","format":"standard","meta":{"footnotes":""},"categories":[2],"tags":[23],"class_list":["post-26817","post","type-post","status-publish","format-standard","has-post-thumbnail","hentry","category-informe-municipal","tag-neuquen"],"_links":{"self":[{"href":"http:\/\/argentinamunicipal.com.ar\/argentina\/wp-json\/wp\/v2\/posts\/26817","targetHints":{"allow":["GET"]}}],"collection":[{"href":"http:\/\/argentinamunicipal.com.ar\/argentina\/wp-json\/wp\/v2\/posts"}],"about":[{"href":"http:\/\/argentinamunicipal.com.ar\/argentina\/wp-json\/wp\/v2\/types\/post"}],"author":[{"embeddable":true,"href":"http:\/\/argentinamunicipal.com.ar\/argentina\/wp-json\/wp\/v2\/users\/2"}],"replies":[{"embeddable":true,"href":"http:\/\/argentinamunicipal.com.ar\/argentina\/wp-json\/wp\/v2\/comments?post=26817"}],"version-history":[{"count":0,"href":"http:\/\/argentinamunicipal.com.ar\/argentina\/wp-json\/wp\/v2\/posts\/26817\/revisions"}],"wp:featuredmedia":[{"embeddable":true,"href":"http:\/\/argentinamunicipal.com.ar\/argentina\/wp-json\/wp\/v2\/media\/26818"}],"wp:attachment":[{"href":"http:\/\/argentinamunicipal.com.ar\/argentina\/wp-json\/wp\/v2\/media?parent=26817"}],"wp:term":[{"taxonomy":"category","embeddable":true,"href":"http:\/\/argentinamunicipal.com.ar\/argentina\/wp-json\/wp\/v2\/categories?post=26817"},{"taxonomy":"post_tag","embeddable":true,"href":"http:\/\/argentinamunicipal.com.ar\/argentina\/wp-json\/wp\/v2\/tags?post=26817"}],"curies":[{"name":"wp","href":"https:\/\/api.w.org\/{rel}","templated":true}]}}