{"id":26849,"date":"2015-03-21T12:58:39","date_gmt":"2015-03-21T15:58:39","guid":{"rendered":"http:\/\/argentinamunicipal.com.ar\/argentina\/?p=26849"},"modified":"2015-03-21T12:58:39","modified_gmt":"2015-03-21T15:58:39","slug":"santa-fe-25-listas-de-concejales-y-12-precandidatos-a-intendente","status":"publish","type":"post","link":"http:\/\/argentinamunicipal.com.ar\/argentina\/santa-fe-25-listas-de-concejales-y-12-precandidatos-a-intendente\/","title":{"rendered":"Santa Fe: 25 listas de concejales y 12 precandidatos a intendente"},"content":{"rendered":"<p>&nbsp;<\/p>\n<p><a href=\"http:\/\/argentinamunicipal.com.ar\/argentina\/wp-content\/uploads\/2015\/03\/11_IMG_0484_fmt-e1426953491870.jpeg\"><img loading=\"lazy\" decoding=\"async\" class=\"aligncenter wp-image-26850 size-full\" src=\"http:\/\/argentinamunicipal.com.ar\/argentina\/wp-content\/uploads\/2015\/03\/11_IMG_0484_fmt-e1426953491870.jpeg\" alt=\"\" width=\"522\" height=\"729\" srcset=\"http:\/\/argentinamunicipal.com.ar\/argentina\/wp-content\/uploads\/2015\/03\/11_IMG_0484_fmt-e1426953491870.jpeg 522w, http:\/\/argentinamunicipal.com.ar\/argentina\/wp-content\/uploads\/2015\/03\/11_IMG_0484_fmt-e1426953491870-215x300.jpeg 215w\" sizes=\"auto, (max-width: 522px) 100vw, 522px\" \/><\/a><\/p>\n<p>Falta un mes exacto para las elecciones primarias. El 19 de abril, los santafesinos deber\u00e1n ingresar al cuarto oscuro y definir qui\u00e9nes pasar\u00e1n a competir en las generales del 14 de junio pr\u00f3ximo.<\/p>\n<p>En total, 12 santafesinos se anotaron para disputar la intendencia local, entre ellos el actual intendente. Jos\u00e9 Corral deber\u00e1 afrontar una interna dentro del Frente Progresista C\u00edvico y Social con Pablo Far\u00edas, el candidato del actual gobernador y que acompa\u00f1a a Miguel Lifschitz en su camino a la Casa Gris. Corral y Far\u00edas ya disputaron esta instancia con el mismo objetivo en 2011.<\/p>\n<p>Otros dos partidos tendr\u00e1n internas. El Frente Renovador de la Esperanza, liderado a nivel nacional por Sergio Massa y representado en la provincia por el partido 100% Santafesino de Oscar \u201cCachi\u201d Mart\u00ednez, con tres precandidatos: los dos ex nadadores Diego Degano y Fernando Fleitas, y Eduardo Acquavita. Y el Frente Justicialista para la Victoria, con las postulaciones de Carlos Felice y de la actual concejala Silvina Frana, quien decidi\u00f3 quedarse en el PJ. Esto implic\u00f3 romper el bloque opositor m\u00e1s fuerte que hab\u00eda en el Concejo local y que Frana compart\u00eda con Sebasti\u00e1n Pignata, Ignacio Mart\u00ednez Kerz y Juan Jos\u00e9 Saleme. Estos tres ediles decidieron jugar sus fichas dentro de Uni\u00f3n PRO y acompa\u00f1ar a Mauricio Macri a nivel nacional y a Miguel del Sel en la provincia. Pignata, quien en otra elecci\u00f3n particip\u00f3 dentro de 100% Santafesino, pelear\u00e1 otra vez por llegar al Palacio de calle Salta, esta vez como \u00fanico candidato del PRO.<\/p>\n<p>Sin internas, se anotaron en la carrera otros cuatro precandidatos: el Frente de Izquierda propone a Germ\u00e1n Lavini; el Frente de la Cultura, Educaci\u00f3n y Trabajo, a Aldo Regali; el Frente Social y Popular, a Carlos Gonz\u00e1lez; y el Movimiento Independiente, Justicia y Dignidad a Nicol\u00e1s Rossetton. S\u00f3lo pasar\u00e1n a las elecciones generales aquellos candidatos que obtengan el 1,5% del padr\u00f3n general del distrito. Quienes no alcancen este piso, ya no estar\u00e1n en las boletas del 14 de junio.<\/p>\n<p>En formato especial, se dise\u00f1\u00f3 la boleta para concejales de la ciudad de Santa Fe. Es que en total hay 25 listas para elegir. S\u00f3lo el FJPV tiene 10 propuestas, 5 el Frente Renovador de la Esperanza y 3 el FPCyS. Dos partidos no presentaron precandidatos a intendentes pero s\u00ed lista de concejales: son Unite por la Libertad y la Dignidad y Por la Seguridad Social.<\/p>\n<h6>Fuente: El Litoral, Santa Fe<\/h6>\n","protected":false},"excerpt":{"rendered":"<p>&nbsp; Falta un mes exacto para las elecciones primarias. El 19 de abril, los santafesinos deber\u00e1n ingresar al cuarto oscuro y definir qui\u00e9nes pasar\u00e1n a competir en las generales del 14 de junio pr\u00f3ximo. En total, 12 santafesinos se anotaron para disputar la intendencia local, entre ellos el actual intendente. Jos\u00e9 Corral deber\u00e1 afrontar una<\/p>\n","protected":false},"author":2,"featured_media":26850,"comment_status":"closed","ping_status":"closed","sticky":false,"template":"","format":"standard","meta":{"footnotes":""},"categories":[4],"tags":[10],"class_list":["post-26849","post","type-post","status-publish","format-standard","has-post-thumbnail","hentry","category-informe-politico","tag-santa-fe"],"_links":{"self":[{"href":"http:\/\/argentinamunicipal.com.ar\/argentina\/wp-json\/wp\/v2\/posts\/26849","targetHints":{"allow":["GET"]}}],"collection":[{"href":"http:\/\/argentinamunicipal.com.ar\/argentina\/wp-json\/wp\/v2\/posts"}],"about":[{"href":"http:\/\/argentinamunicipal.com.ar\/argentina\/wp-json\/wp\/v2\/types\/post"}],"author":[{"embeddable":true,"href":"http:\/\/argentinamunicipal.com.ar\/argentina\/wp-json\/wp\/v2\/users\/2"}],"replies":[{"embeddable":true,"href":"http:\/\/argentinamunicipal.com.ar\/argentina\/wp-json\/wp\/v2\/comments?post=26849"}],"version-history":[{"count":0,"href":"http:\/\/argentinamunicipal.com.ar\/argentina\/wp-json\/wp\/v2\/posts\/26849\/revisions"}],"wp:featuredmedia":[{"embeddable":true,"href":"http:\/\/argentinamunicipal.com.ar\/argentina\/wp-json\/wp\/v2\/media\/26850"}],"wp:attachment":[{"href":"http:\/\/argentinamunicipal.com.ar\/argentina\/wp-json\/wp\/v2\/media?parent=26849"}],"wp:term":[{"taxonomy":"category","embeddable":true,"href":"http:\/\/argentinamunicipal.com.ar\/argentina\/wp-json\/wp\/v2\/categories?post=26849"},{"taxonomy":"post_tag","embeddable":true,"href":"http:\/\/argentinamunicipal.com.ar\/argentina\/wp-json\/wp\/v2\/tags?post=26849"}],"curies":[{"name":"wp","href":"https:\/\/api.w.org\/{rel}","templated":true}]}}