{"id":26864,"date":"2015-03-21T12:09:42","date_gmt":"2015-03-21T15:09:42","guid":{"rendered":"http:\/\/argentinamunicipal.com.ar\/argentina\/?p=26864"},"modified":"2015-03-21T13:12:29","modified_gmt":"2015-03-21T16:12:29","slug":"relevan-104-basurales-en-cordoba-y-denuncian-inaccion","status":"publish","type":"post","link":"http:\/\/argentinamunicipal.com.ar\/argentina\/relevan-104-basurales-en-cordoba-y-denuncian-inaccion\/","title":{"rendered":"Relevan 104 basurales en C\u00f3rdoba y denuncian inacci\u00f3n"},"content":{"rendered":"<p><a href=\"http:\/\/argentinamunicipal.com.ar\/argentina\/wp-content\/uploads\/2015\/03\/3a_7.jpg\"><img loading=\"lazy\" decoding=\"async\" class=\"aligncenter size-full wp-image-26865\" src=\"http:\/\/argentinamunicipal.com.ar\/argentina\/wp-content\/uploads\/2015\/03\/3a_7.jpg\" alt=\"3a_7\" width=\"642\" height=\"366\" srcset=\"http:\/\/argentinamunicipal.com.ar\/argentina\/wp-content\/uploads\/2015\/03\/3a_7.jpg 642w, http:\/\/argentinamunicipal.com.ar\/argentina\/wp-content\/uploads\/2015\/03\/3a_7-300x171.jpg 300w\" sizes=\"auto, (max-width: 642px) 100vw, 642px\" \/><\/a><br \/>\nEl concejal D\u00f3mina los fotografi\u00f3 y los georreferenci\u00f3. Para el municipio es un problema social y se combate d\u00eda a d\u00eda, con \u00e9xitos y fracasos.<\/p>\n<p>Dej\u00f3 de ser una duda. En la ciudad de C\u00f3rdoba hay, por lo menos, 104 basurales \u201ca cielo abierto\u201d, todos ilegales y, la mayor\u00eda de ellos, sin control.<\/p>\n<p>Lo puso en evidencia un relevamiento fotogr\u00e1fico realizado por el concejal Esteban D\u00f3mina (bloque Compromiso Ciudadano) y sus colaboradores, quienes recorrieron calles, avenidas, plazas, barrios y periferias de la ciudad para saber cu\u00e1ntos son y d\u00f3nde est\u00e1n los basurales clandestinos.<\/p>\n<p>\u201cCorroboramos y ubicamos en el mapa 104 basurales, pero seguramente hay m\u00e1s, en lugares menos visibles, porque es imposible recorrer \u00edntegramente toda la geograf\u00eda de la ciudad\u201d, se\u00f1al\u00f3 D\u00f3mina.<\/p>\n<p>Para el concejal, \u201cse trata de una situaci\u00f3n de larga data que se agrav\u00f3 ostensiblemente desde la privatizaci\u00f3n de (la empresa estatal) Crese, y la desactivaci\u00f3n de los llamados \u2018puntos verdes\u2019, que ten\u00edan como finalidad evitar la proliferaci\u00f3n de vertederos informales\u201d.<\/p>\n<p>Seg\u00fan el relevamiento, la mayor\u00eda de los vertederos clandestinos (55) est\u00e1n al sur del r\u00edo Suqu\u00eda. Los 49 restantes en los barrios ubicados al norte del curso de agua que divide a la ciudad en dos.<\/p>\n<h3>La \u201cdistribuci\u00f3n\u201d<\/h3>\n<p>Hay sectores m\u00e1s comprometidos, por ejemplo, el barrio Ciudad de los Cuartetos, en el extremo noreste, donde hay nueve basurales. Los barrios San Vicente, Pueyrred\u00f3n, Alta C\u00f3rdoba, Arg\u00fcello norte, entre otros, tambi\u00e9n albergan varios vertederos informales en escasa extensi\u00f3n de terreno.<\/p>\n<p>Adem\u00e1s, hay 16 sobre las m\u00e1rgenes o la Costanera del r\u00edo Suqu\u00eda, y seis sobre o en las adyacencias de la Avenida de Circunvalaci\u00f3n.<\/p>\n<p>Para D\u00f3mina, \u201cel municipio elude la responsabilidad de la situaci\u00f3n planteada, y le adjudica la culpa de la existencia de estos basurales a los vecinos que arrojan residuos y restos de poda a la v\u00eda p\u00fablica, y a los carreros que se ocupan de transportarla a estos sitios alguno de esos basurales\u201d.<\/p>\n<p>El concejal opositor advirti\u00f3 que \u201ces obvio que todos los vecinos deben colaborar, pero la responsabilidad primaria es de la Municipalidad, que hace tiempo se desentendi\u00f3 del problema y nada hace para remediarlo\u201d.<\/p>\n<p>Consultado al respecto, el subsecretario de Ambiente de la Municipalidad de C\u00f3rdoba, Sebasti\u00e1n Roca, dijo que \u201cse hace un trabajo permanente para limpiar los basurales\u201d, pero que se trata de \u201cun problema social que no se alcanza a mostrar con fotograf\u00edas\u201d.<\/p>\n<p>El funcionario no neg\u00f3 la existencia de los basurales, que atribuy\u00f3 a las conductas de vecinos que producen escombros, poda y otras cosas, como neum\u00e1ticos. \u201cTenemos 60 personas trabajando todos los d\u00edas, con camiones, bateas y palas mec\u00e1nicas, que se trasladan desde un basural a otro\u201d, explic\u00f3 Roca.<\/p>\n<p>Se\u00f1al\u00f3 que con el trabajo \u201cse lograron algunos \u00e9xitos en basurales que eran insignias\u201d, como el de villa La Lonja, ubicado en calles R\u00edo Negro y Baigorria. Dijo que se recuperaron sectores de La Ca\u00f1ada, en Villa El Libertador (en ambos lugares se hicieron canchas de f\u00fatbol), en la villa La Tela, a trav\u00e9s de un trabajo conjunto con cooperativas de carreros. En este \u00faltimo sitio, \u201clos hijos de los villeros plantaron \u00e1rboles, pusieron sus nombres, y se apropiaron del sector\u201d.<\/p>\n<p>Acerca de la erradicaci\u00f3n total de la tracci\u00f3n a sangre, reiter\u00f3 que la licitaci\u00f3n para comprar motocargas se suspendi\u00f3 en tres oportunidades.<\/p>\n<p><strong>Dicen que se fumigan<\/strong><\/p>\n<p>Desde el municipio aseguraron que los basurales se fumigan \u201cdesde hace tiempo\u201d.<\/p>\n<h6>Fuente: La Voz del Interior<\/h6>\n","protected":false},"excerpt":{"rendered":"<p>El concejal D\u00f3mina los fotografi\u00f3 y los georreferenci\u00f3. Para el municipio es un problema social y se combate d\u00eda a d\u00eda, con \u00e9xitos y fracasos. Dej\u00f3 de ser una duda. En la ciudad de C\u00f3rdoba hay, por lo menos, 104 basurales \u201ca cielo abierto\u201d, todos ilegales y, la mayor\u00eda de ellos, sin control. Lo puso<\/p>\n","protected":false},"author":2,"featured_media":26865,"comment_status":"closed","ping_status":"closed","sticky":false,"template":"","format":"standard","meta":{"footnotes":""},"categories":[2,4],"tags":[3],"class_list":["post-26864","post","type-post","status-publish","format-standard","has-post-thumbnail","hentry","category-informe-municipal","category-informe-politico","tag-cordoba"],"_links":{"self":[{"href":"http:\/\/argentinamunicipal.com.ar\/argentina\/wp-json\/wp\/v2\/posts\/26864","targetHints":{"allow":["GET"]}}],"collection":[{"href":"http:\/\/argentinamunicipal.com.ar\/argentina\/wp-json\/wp\/v2\/posts"}],"about":[{"href":"http:\/\/argentinamunicipal.com.ar\/argentina\/wp-json\/wp\/v2\/types\/post"}],"author":[{"embeddable":true,"href":"http:\/\/argentinamunicipal.com.ar\/argentina\/wp-json\/wp\/v2\/users\/2"}],"replies":[{"embeddable":true,"href":"http:\/\/argentinamunicipal.com.ar\/argentina\/wp-json\/wp\/v2\/comments?post=26864"}],"version-history":[{"count":0,"href":"http:\/\/argentinamunicipal.com.ar\/argentina\/wp-json\/wp\/v2\/posts\/26864\/revisions"}],"wp:featuredmedia":[{"embeddable":true,"href":"http:\/\/argentinamunicipal.com.ar\/argentina\/wp-json\/wp\/v2\/media\/26865"}],"wp:attachment":[{"href":"http:\/\/argentinamunicipal.com.ar\/argentina\/wp-json\/wp\/v2\/media?parent=26864"}],"wp:term":[{"taxonomy":"category","embeddable":true,"href":"http:\/\/argentinamunicipal.com.ar\/argentina\/wp-json\/wp\/v2\/categories?post=26864"},{"taxonomy":"post_tag","embeddable":true,"href":"http:\/\/argentinamunicipal.com.ar\/argentina\/wp-json\/wp\/v2\/tags?post=26864"}],"curies":[{"name":"wp","href":"https:\/\/api.w.org\/{rel}","templated":true}]}}