{"id":26941,"date":"2015-03-24T06:42:25","date_gmt":"2015-03-24T09:42:25","guid":{"rendered":"http:\/\/argentinamunicipal.com.ar\/argentina\/?p=26941"},"modified":"2015-03-21T14:46:17","modified_gmt":"2015-03-21T17:46:17","slug":"en-15-dias-inauguran-dos-plantas-para-tratamientos-de-residuos-en-san-juan","status":"publish","type":"post","link":"http:\/\/argentinamunicipal.com.ar\/argentina\/en-15-dias-inauguran-dos-plantas-para-tratamientos-de-residuos-en-san-juan\/","title":{"rendered":"En 15 d\u00edas inauguran dos plantas para tratamientos de residuos en San Juan"},"content":{"rendered":"<p><a href=\"http:\/\/argentinamunicipal.com.ar\/argentina\/wp-content\/uploads\/2015\/03\/Planta-de-Tratamiento.jpg\"><img loading=\"lazy\" decoding=\"async\" class=\"alignleft size-full wp-image-26942\" src=\"http:\/\/argentinamunicipal.com.ar\/argentina\/wp-content\/uploads\/2015\/03\/Planta-de-Tratamiento.jpg\" alt=\"Planta-de-Tratamiento\" width=\"500\" height=\"375\" srcset=\"http:\/\/argentinamunicipal.com.ar\/argentina\/wp-content\/uploads\/2015\/03\/Planta-de-Tratamiento.jpg 500w, http:\/\/argentinamunicipal.com.ar\/argentina\/wp-content\/uploads\/2015\/03\/Planta-de-Tratamiento-300x225.jpg 300w\" sizes=\"auto, (max-width: 500px) 100vw, 500px\" \/><\/a>La primera que se pondr\u00e1 en marcha se encuentra en San Mart\u00edn y la segunda en Caucete. Los 8 centros de disposici\u00f3n final de residuos domiciliarios de la provincia, ser\u00e1n evaluados para certificar normas de calidad de gesti\u00f3n IRAM &#8211; ISO 9001.<\/p>\n<p>En el marco de la denominada \u201cGuerra a la Basura\u201d, que lleva adelante el Gobierno de la provincia, a trav\u00e9s de la Secretaria de Ambiente y Desarrollo Sustentable, con el programa estrat\u00e9gico de Gesti\u00f3n Integral de Residuos S\u00f3lidos Urbanos (PEGIRSU), se anunci\u00f3 la conclusi\u00f3n de las obras y puesta en marcha de dos centros de disposici\u00f3n final, correspondientes a las regiones 2 y 3.<\/p>\n<p>El secretario de ambiente de la provincia, Ra\u00fal Tello precis\u00f3 que\u00a0 las inauguraciones ser\u00e1n en San Mart\u00edn (regi\u00f3n 3) el pr\u00f3ximo 30 de marzo y en Caucete (Regi\u00f3n 2) el d\u00eda 16 de abril.<\/p>\n<p>\u201cVamos a seguir en un paso superior en esta larga escalera de concreciones, en un proceso importante de evoluci\u00f3n continua y sin lugar a dudas el tema central fue la construcci\u00f3n de estos Centros de Disposici\u00f3n final de Residuos S\u00f3lidos Urbanos, que tenemos el orgullo de tener el Parque de Tecnolog\u00edas Ambientales que es referente en Argentina por su\u00a0 aplicaci\u00f3n de sistemas de multitratamientos de residuos\u201d, dijo el funcionario.<\/p>\n<p>El centro de disposici\u00f3n final de San Mart\u00edn, comenzar\u00e1 con el tratamiento de los residuos provenientes de la comunidad en la cual se emplaza y del departamento de Angaco.<\/p>\n<p>El mismo est\u00e1 emplazado en la zona donde se encontraba el viejo vertedero del departamento San Mart\u00edn, ubicado en el sector suroeste de la Sierra Pie de Palo, entre las quebradas de Bustos, al norte y El Tigre al sur.<\/p>\n<p>El centro cuenta con m\u00e1quinaria para la separaci\u00f3n de residuos de gran porte. Entre los elementos que se pondr\u00e1n en marcha este pr\u00f3ximo 30 de marzo se encuentra una cinta de clasificaci\u00f3n, cinta de elevaci\u00f3n, cinta de descarte, prensa vertical hidr\u00e1ulica, dos prensas horizontales (para pet, cart\u00f3n, papel y aluminio), 15 carros con ruedas para clasificar, una zorra auto elevadora el\u00e9ctrica, tolva de descarga y 6 buzones para clasificaci\u00f3n manual.<\/p>\n<p>Durante el acto inaugural de dicho espacio se contar\u00e1 con la presencia del Gobernador de la Provincia, Jos\u00e9 Luis Gioja y el titular de la secretaria de ambiente, entre otras autoridades.<\/p>\n<p>En cuanto al Centro de Disposici\u00f3n final de Caucete que se emplaza en la localidad de Las Talas, recibir\u00e1 tambi\u00e9n los desechos de las comunas de 9 de Julio y 25 de Mayo.<\/p>\n<p>El equipamiento de \u00e9sta se compone por una cinta de elevaci\u00f3n, cinta de clasificaci\u00f3n, 15 carros con ruedas para clasificaci\u00f3n del residuo, prensa vertical, zorra mec\u00e1nica elevadora y cinta de altura con pasamanos.<\/p>\n<p>La regi\u00f3n dos estar\u00e1 lista para comenzar a operar en los pr\u00f3ximos d\u00edas y el corte de cintas ser\u00e1 el d\u00eda 16 de abril, seg\u00fan lo confirm\u00f3 Ra\u00fal Tello.<\/p>\n<p>Continuando con el trabajo de saneamiento en todo el territorio provincial, el PEGIRSU establece la creaci\u00f3n de 9 centros de procesamiento y disposici\u00f3n final de residuos s\u00f3lidos urbanos, de los cuales ya est\u00e1n concluidos y en marcha tres de ellos, Rivadavia, J\u00e1chal e Iglesia. Adem\u00e1s est\u00e1 en marcha el punto de trasbordo de Albard\u00f3n,\u00a0 \u201cque funciona optimamente\u201d, dijo Tello .<\/p>\n<p>A\u00fan se encuentran trabajando en el ensamblado de las m\u00e1quinas y puesta en funcionamiento de las plantas de los departamentos Calingasta, Valle F\u00e9rtil y Sarmiento. El objetivo de la Secretaria de Ambiente de la Provincia es finalizar los trabajos durante el mes de abril para que a mediados de a\u00f1o est\u00e9n todas las plantas operativas.<\/p>\n<h6>Fuente: El Zonda<\/h6>\n","protected":false},"excerpt":{"rendered":"<p>La primera que se pondr\u00e1 en marcha se encuentra en San Mart\u00edn y la segunda en Caucete. Los 8 centros de disposici\u00f3n final de residuos domiciliarios de la provincia, ser\u00e1n evaluados para certificar normas de calidad de gesti\u00f3n IRAM &#8211; ISO 9001. En el marco de la denominada \u201cGuerra a la Basura\u201d, que lleva adelante<\/p>\n","protected":false},"author":2,"featured_media":26942,"comment_status":"closed","ping_status":"closed","sticky":false,"template":"","format":"standard","meta":{"footnotes":""},"categories":[2],"tags":[32],"class_list":["post-26941","post","type-post","status-publish","format-standard","has-post-thumbnail","hentry","category-informe-municipal","tag-san-juan"],"_links":{"self":[{"href":"http:\/\/argentinamunicipal.com.ar\/argentina\/wp-json\/wp\/v2\/posts\/26941","targetHints":{"allow":["GET"]}}],"collection":[{"href":"http:\/\/argentinamunicipal.com.ar\/argentina\/wp-json\/wp\/v2\/posts"}],"about":[{"href":"http:\/\/argentinamunicipal.com.ar\/argentina\/wp-json\/wp\/v2\/types\/post"}],"author":[{"embeddable":true,"href":"http:\/\/argentinamunicipal.com.ar\/argentina\/wp-json\/wp\/v2\/users\/2"}],"replies":[{"embeddable":true,"href":"http:\/\/argentinamunicipal.com.ar\/argentina\/wp-json\/wp\/v2\/comments?post=26941"}],"version-history":[{"count":0,"href":"http:\/\/argentinamunicipal.com.ar\/argentina\/wp-json\/wp\/v2\/posts\/26941\/revisions"}],"wp:featuredmedia":[{"embeddable":true,"href":"http:\/\/argentinamunicipal.com.ar\/argentina\/wp-json\/wp\/v2\/media\/26942"}],"wp:attachment":[{"href":"http:\/\/argentinamunicipal.com.ar\/argentina\/wp-json\/wp\/v2\/media?parent=26941"}],"wp:term":[{"taxonomy":"category","embeddable":true,"href":"http:\/\/argentinamunicipal.com.ar\/argentina\/wp-json\/wp\/v2\/categories?post=26941"},{"taxonomy":"post_tag","embeddable":true,"href":"http:\/\/argentinamunicipal.com.ar\/argentina\/wp-json\/wp\/v2\/tags?post=26941"}],"curies":[{"name":"wp","href":"https:\/\/api.w.org\/{rel}","templated":true}]}}