{"id":27,"date":"2014-01-24T18:48:49","date_gmt":"2014-01-24T21:48:49","guid":{"rendered":"http:\/\/municipales.org.ar\/argentina\/?p=27"},"modified":"2014-02-08T19:02:18","modified_gmt":"2014-02-08T22:02:18","slug":"la-provincia-de-corrientes-retuvo-fondos-a-municipios-intendente-denuncio-extorsion-economica","status":"publish","type":"post","link":"http:\/\/argentinamunicipal.com.ar\/argentina\/la-provincia-de-corrientes-retuvo-fondos-a-municipios-intendente-denuncio-extorsion-economica\/","title":{"rendered":"La Provincia de Corrientes retuvo fondos a municipios, intendente denunci\u00f3 \u201cextorsi\u00f3n econ\u00f3mica\u201d"},"content":{"rendered":"<div id=\"attachment_28\" style=\"width: 486px\" class=\"wp-caption alignleft\"><a href=\"http:\/\/argentinamunicipal.com.ar\/argentina\/wp-content\/uploads\/2014\/01\/casa-de-gobierno-de-corrientes-595x396.jpg\"><img loading=\"lazy\" decoding=\"async\" aria-describedby=\"caption-attachment-28\" class=\" wp-image-28 \" alt=\"Casa de Gobierno de la Provincia de Corrientes\" src=\"http:\/\/argentinamunicipal.com.ar\/argentina\/wp-content\/uploads\/2014\/01\/casa-de-gobierno-de-corrientes-595x396.jpg\" width=\"476\" height=\"317\" srcset=\"http:\/\/argentinamunicipal.com.ar\/argentina\/wp-content\/uploads\/2014\/01\/casa-de-gobierno-de-corrientes-595x396.jpg 595w, http:\/\/argentinamunicipal.com.ar\/argentina\/wp-content\/uploads\/2014\/01\/casa-de-gobierno-de-corrientes-595x396-300x199.jpg 300w\" sizes=\"auto, (max-width: 476px) 100vw, 476px\" \/><\/a><p id=\"caption-attachment-28\" class=\"wp-caption-text\">Casa de Gobierno de la Provincia de Corrientes<\/p><\/div>\n<p>El Gobierno provincial comenz\u00f3 ayer a recortar fondos coparticipables a 13 municipios endeudados.<\/p>\n<p>S\u00f3lo a Capital se le \u201cpod\u00f3\u201d casi $1 mill\u00f3n; el intendente de Capital sali\u00f3 al cruce de la medida; acus\u00f3 una chicana pol\u00edtica y asegur\u00f3 que todo era ilegal; esperan una reuni\u00f3n con Colombi.<\/p>\n<p>El Gobierno provincial efectiviz\u00f3 ayer las retenciones de fondos coparticipables a los municipios en concepto de deudas. El intendente capitalino Fabi\u00e1n R\u00edos sali\u00f3 a despotricar por la medida y acus\u00f3 al gobernador Ricardo Colombi de llevar a cabo una \u201cextorsi\u00f3n econ\u00f3mica\u201d. Calific\u00f3 la situaci\u00f3n como \u201cuna bajeza institucional\u201d y denunci\u00f3 \u201capropiaci\u00f3n indebida de fondos municipales\u201d. Desde la Provincia salieron a responderle.<\/p>\n<p>Un mill\u00f3n de pesos retuvo el Gobierno al Municipio de Capital en concepto de Plan Federal de Desendeudamiento. Eso a pesar de la pr\u00f3rroga del per\u00edodo de gracia que obtuvo la Provincia hasta marzo. El intendente Fabi\u00e1n R\u00edos sali\u00f3 a pedir el mismo trato que el Gobierno nacional le da a Corrientes.<\/p>\n<p>\u201cActualmente la Provincia no le est\u00e1 pagando sus deudas a la Naci\u00f3n y en ese c\u00famulo de pasivos que no est\u00e1n pagando hay un porcentaje de deuda que es de la Municipalidad. Sin embargo a nosotros s\u00ed nos est\u00e1n reteniendo recursos\u201d, se quej\u00f3.<\/p>\n<p>Molesto por los descuentos, el jefe comunal convoc\u00f3 a los medios de prensa para hacer p\u00fablica su queja. Ante los periodistas explic\u00f3 que la poda de recursos se aplica de manera retroactiva al 1 de enero, por lo que el Ejecutivo provincial se qued\u00f3 con el 100% de lo que a la Comuna le corresponde por coparticipaci\u00f3n. \u201cSe trata de casi 1 mill\u00f3n de pesos diarios retenidos de manera compulsiva y unilateral\u201d, dijo.<\/p>\n<p>\u201cEn los extractos bancarios se detalla que el Gobierno provincial le aplic\u00f3 el Decreto N\u00b0 660 del 2010 (Programa Federal de Desendeudamiento) para quedarse con el saldo de fondos l\u00edquidos que debieron ser acreditados en la cuenta corriente del Municipio: 575.041,30 pesos por coparticipaci\u00f3n federal y 412.440,99 por coparticipaci\u00f3n provincial\u201d, detall\u00f3 R\u00edos.<br \/>\n\u201cEso a pesar de que est\u00e1 vigente la extensi\u00f3n, hasta el 31 de marzo, del per\u00edodo de gracia del Programa Federal de Desendeudamiento para el no pago de deudas reestructuradas.<\/p>\n<p>De todos modos el Ejecutivo provincial comenz\u00f3 a aplicarle a la Comuna capitalina una poda compulsiva de recursos para cobrarle pasivos contenidos en el plan nacional de refinanciaci\u00f3n. Mientras que el Gobierno nacional no tom\u00f3 la misma medida con la Provincia, que no est\u00e1 pagando sus deudas\u201d, agreg\u00f3.<\/p>\n<p>R\u00edos asegur\u00f3 que los recortes son parte de \u201cun esquema de extorsi\u00f3n econ\u00f3mica\u201d.<br \/>\n\u201cNosotros hicimos una propuesta basada en estas condiciones pero nunca fuimos convocados. Nos contestaron que el Gobernador estaba de vacaciones y que cuando regresara iba a tomar alguna decisi\u00f3n. El martes la \u00fanica respuesta que recibimos para la conciliaci\u00f3n de cuentas fue la orden emitida por el Gobernador de que se le retenga el 100% de los fondos que le corresponden a la Municipalidad de Capital\u201d, revel\u00f3.<\/p>\n<p>\u201cEsta es la respuesta al di\u00e1logo que hemos recibido por parte del Gobernador\u201d, arremeti\u00f3.<br \/>\nA pesar de los recortes imprevistos, el Intendente garantiz\u00f3 el normal pago de los salarios y la plena estabilidad laboral de los trabajadores municipales. \u201cNo vamos a poner en riesgo el salario de nuestros trabajadores\u201d, ratific\u00f3.<\/p>\n<pre>Fuente: \u00a0EL LITORAL - Corrientes<\/pre>\n","protected":false},"excerpt":{"rendered":"<p>El Gobierno provincial comenz\u00f3 ayer a recortar fondos coparticipables a 13 municipios endeudados. S\u00f3lo a Capital se le \u201cpod\u00f3\u201d casi $1 mill\u00f3n; el intendente de Capital sali\u00f3 al cruce de la medida; acus\u00f3 una chicana pol\u00edtica y asegur\u00f3 que todo era ilegal; esperan una reuni\u00f3n con Colombi. El Gobierno provincial efectiviz\u00f3 ayer las retenciones de<\/p>\n","protected":false},"author":1,"featured_media":28,"comment_status":"open","ping_status":"open","sticky":false,"template":"","format":"standard","meta":{"footnotes":""},"categories":[5],"tags":[13],"class_list":["post-27","post","type-post","status-publish","format-standard","has-post-thumbnail","hentry","category-informe-economico","tag-corrientes"],"_links":{"self":[{"href":"http:\/\/argentinamunicipal.com.ar\/argentina\/wp-json\/wp\/v2\/posts\/27","targetHints":{"allow":["GET"]}}],"collection":[{"href":"http:\/\/argentinamunicipal.com.ar\/argentina\/wp-json\/wp\/v2\/posts"}],"about":[{"href":"http:\/\/argentinamunicipal.com.ar\/argentina\/wp-json\/wp\/v2\/types\/post"}],"author":[{"embeddable":true,"href":"http:\/\/argentinamunicipal.com.ar\/argentina\/wp-json\/wp\/v2\/users\/1"}],"replies":[{"embeddable":true,"href":"http:\/\/argentinamunicipal.com.ar\/argentina\/wp-json\/wp\/v2\/comments?post=27"}],"version-history":[{"count":0,"href":"http:\/\/argentinamunicipal.com.ar\/argentina\/wp-json\/wp\/v2\/posts\/27\/revisions"}],"wp:featuredmedia":[{"embeddable":true,"href":"http:\/\/argentinamunicipal.com.ar\/argentina\/wp-json\/wp\/v2\/media\/28"}],"wp:attachment":[{"href":"http:\/\/argentinamunicipal.com.ar\/argentina\/wp-json\/wp\/v2\/media?parent=27"}],"wp:term":[{"taxonomy":"category","embeddable":true,"href":"http:\/\/argentinamunicipal.com.ar\/argentina\/wp-json\/wp\/v2\/categories?post=27"},{"taxonomy":"post_tag","embeddable":true,"href":"http:\/\/argentinamunicipal.com.ar\/argentina\/wp-json\/wp\/v2\/tags?post=27"}],"curies":[{"name":"wp","href":"https:\/\/api.w.org\/{rel}","templated":true}]}}