{"id":27027,"date":"2015-03-25T10:34:08","date_gmt":"2015-03-25T13:34:08","guid":{"rendered":"http:\/\/argentinamunicipal.com.ar\/argentina\/?p=27027"},"modified":"2015-03-25T10:34:08","modified_gmt":"2015-03-25T13:34:08","slug":"esta-semana-se-licitaran-460-nuevas-viviendas-para-23-localidades-entrerrianas","status":"publish","type":"post","link":"http:\/\/argentinamunicipal.com.ar\/argentina\/esta-semana-se-licitaran-460-nuevas-viviendas-para-23-localidades-entrerrianas\/","title":{"rendered":"Esta semana se licitar\u00e1n 460 nuevas viviendas para 23 localidades entrerrianas"},"content":{"rendered":"<p><a href=\"http:\/\/argentinamunicipal.com.ar\/argentina\/wp-content\/uploads\/2015\/03\/apfdigital_249435_tapa_2432015_13457.jpg\"><img loading=\"lazy\" decoding=\"async\" class=\"aligncenter size-full wp-image-27028\" src=\"http:\/\/argentinamunicipal.com.ar\/argentina\/wp-content\/uploads\/2015\/03\/apfdigital_249435_tapa_2432015_13457.jpg\" alt=\"apfdigital_249435_tapa_2432015_13457\" width=\"650\" height=\"433\" srcset=\"http:\/\/argentinamunicipal.com.ar\/argentina\/wp-content\/uploads\/2015\/03\/apfdigital_249435_tapa_2432015_13457.jpg 650w, http:\/\/argentinamunicipal.com.ar\/argentina\/wp-content\/uploads\/2015\/03\/apfdigital_249435_tapa_2432015_13457-300x200.jpg 300w\" sizes=\"auto, (max-width: 650px) 100vw, 650px\" \/><\/a><\/p>\n<p>El Gobierno provincial, a trav\u00e9s del Instituto Aut\u00e1rquico de Planeamiento y Vivienda (IAPV), licitar\u00e1 la ejecuci\u00f3n de 460 nuevas viviendas en 23 localidades entrerrianas, cuyas aperturas de sobres se realizar\u00e1n en la sede del organismo provincial este mi\u00e9rcoles y jueves \u2022 Las unidades habitacionales, contar\u00e1n de dos dormitorios, estar, comedor-cocina y ba\u00f1o con financiamiento del Programa Federal \u201cTecho Digno\u201d<\/p>\n<p>As\u00ed lo inform\u00f3 el titular del IAPV, Oscar Marelli, al t\u00e9rmino de la reuni\u00f3n de Directorio, quien expres\u00f3 al respecto: \u201cPodemos licitar estas obras gracias a la decisi\u00f3n pol\u00edtica de la Presidenta Cristina Fern\u00e1ndez de Kirchner y del Gobernador, Sergio Urribarri, que permite contar con los recursos necesarios para desarrollar una inversi\u00f3n en obra p\u00fablica que no registra antecedentes hist\u00f3ricos; llevando progreso, trabajo y mejores condiciones de vida a todos los rincones de la geograf\u00eda provincial\u201d.<\/p>\n<p>Seguidamente, indic\u00f3 que \u201cseguridad, dignidad, salud, y bienestar es lo adquiere cada familia al cumplir el sue\u00f1o de tener su vivienda propia. En los \u00faltimos a\u00f1os el Gobierno provincial, siguiendo los lineamientos del Estado nacional, ha propiciado como nunca antes que cada vez m\u00e1s entrerrianos accedan a estos beneficios\u201d<\/p>\n<p>Marelli destac\u00f3 \u201cel efecto multiplicador que tiene la construcci\u00f3n de viviendas en la generaci\u00f3n de empleos directos e indirectos y su consecuente impacto en la actividad comercial en las distintas localidades\u201d.<\/p>\n<p>Por su parte, el vicepresidente del organismo, Alfredo Francolini se\u00f1al\u00f3 que \u201ccon este programa de viviendas no s\u00f3lo se brinda respuesta a los habitantes en los grandes centros urbanos del territorio entrerriano, sino tambi\u00e9n estamos reparando desigualdades de derechos a los pobladores de las peque\u00f1as y medianas localidades, porque es nuestro anhelo tener una provincia con igualdad de oportunidades para todos\u201d.<\/p>\n<p>El directivo resalt\u00f3 como fundamental \u201cel trabajo mancomunado que desarrollan el Gobierno nacional y la administraci\u00f3n provincial junto a los diferentes municipios y juntas de gobierno, las entidades intermedias y los sindicatos que \u201cpermite que muchas familias puedan acceder a un techo digno, para lograr la seguridad y tranquilidad de tener un futuro de desarrollo y crecimiento para que sus hijos se merecen\u201d.<\/p>\n<p>\u201cLa ejecuci\u00f3n de nuevos grupos habitacionales permite generar mayor mano de obra en las diferentes localidades, posibilitando recuperar la dignidad del trabajo a muchas familias y la puesta en marcha del aparato productivo en cada municipio donde se\u00a0 ejecuten los programas habitacionales\u201d, a\u00f1adi\u00f3 Francolini.<\/p>\n<p><strong>Detalles de las localidades y viviendas a licitarse<\/strong><\/p>\n<p>Estaci\u00f3n Camps: Nueve viviendas.<\/p>\n<p>XX de Septiembre: 10 viviendas.<\/p>\n<p>Don Crist\u00f3bal Segundo: 10 viviendas.<\/p>\n<p>Cerrito: 12 viviendas.<\/p>\n<p>El Palenque: 12 viviendas.<\/p>\n<p>Las Garzas: 12 viviendas.<\/p>\n<p>El Pingo: Cinco viviendas.<\/p>\n<p>Gobernador Etchevehere: 15 viviendas.<\/p>\n<p>Villa Urquiza: 13 viviendas.<\/p>\n<p>Gobernador Sola: Cinco viviendas.<\/p>\n<p>Rosario del Tala: 26 viviendas.<\/p>\n<p>Aldea Santa Mar\u00eda: 10 viviendas.<\/p>\n<p>Col\u00f3n: 36 viviendas.<\/p>\n<p>Concepci\u00f3n del Uruguay: 38 viviendas.<\/p>\n<p>Herrera: 10 viviendas.<\/p>\n<p>Villa Mantero: Cinco viviendas.<\/p>\n<p>Concordia: 82 viviendas.<\/p>\n<p>Concordia: 10 viviendas.<\/p>\n<p>Concordia: 48 viviendas.<\/p>\n<p>General Campos: 10 viviendas.<\/p>\n<p>Colonia Ayu\u00ed: 10 viviendas.<\/p>\n<p>Estancia Grande: 10 viviendas.<\/p>\n<p>Federaci\u00f3n: 19 viviendas (Agmer).<\/p>\n<p>Federaci\u00f3n: 30 viviendas.<\/p>\n<p>Villa del Rosario: Ocho viviendas.<\/p>\n<p>Conscripto Bernardi: Cinco viviendas.<\/p>\n<h6>Fuente: APF Digital<\/h6>\n","protected":false},"excerpt":{"rendered":"<p>El Gobierno provincial, a trav\u00e9s del Instituto Aut\u00e1rquico de Planeamiento y Vivienda (IAPV), licitar\u00e1 la ejecuci\u00f3n de 460 nuevas viviendas en 23 localidades entrerrianas, cuyas aperturas de sobres se realizar\u00e1n en la sede del organismo provincial este mi\u00e9rcoles y jueves \u2022 Las unidades habitacionales, contar\u00e1n de dos dormitorios, estar, comedor-cocina y ba\u00f1o con financiamiento del<\/p>\n","protected":false},"author":2,"featured_media":27028,"comment_status":"closed","ping_status":"closed","sticky":false,"template":"","format":"standard","meta":{"footnotes":""},"categories":[2],"tags":[17],"class_list":["post-27027","post","type-post","status-publish","format-standard","has-post-thumbnail","hentry","category-informe-municipal","tag-entre-rios"],"_links":{"self":[{"href":"http:\/\/argentinamunicipal.com.ar\/argentina\/wp-json\/wp\/v2\/posts\/27027","targetHints":{"allow":["GET"]}}],"collection":[{"href":"http:\/\/argentinamunicipal.com.ar\/argentina\/wp-json\/wp\/v2\/posts"}],"about":[{"href":"http:\/\/argentinamunicipal.com.ar\/argentina\/wp-json\/wp\/v2\/types\/post"}],"author":[{"embeddable":true,"href":"http:\/\/argentinamunicipal.com.ar\/argentina\/wp-json\/wp\/v2\/users\/2"}],"replies":[{"embeddable":true,"href":"http:\/\/argentinamunicipal.com.ar\/argentina\/wp-json\/wp\/v2\/comments?post=27027"}],"version-history":[{"count":0,"href":"http:\/\/argentinamunicipal.com.ar\/argentina\/wp-json\/wp\/v2\/posts\/27027\/revisions"}],"wp:featuredmedia":[{"embeddable":true,"href":"http:\/\/argentinamunicipal.com.ar\/argentina\/wp-json\/wp\/v2\/media\/27028"}],"wp:attachment":[{"href":"http:\/\/argentinamunicipal.com.ar\/argentina\/wp-json\/wp\/v2\/media?parent=27027"}],"wp:term":[{"taxonomy":"category","embeddable":true,"href":"http:\/\/argentinamunicipal.com.ar\/argentina\/wp-json\/wp\/v2\/categories?post=27027"},{"taxonomy":"post_tag","embeddable":true,"href":"http:\/\/argentinamunicipal.com.ar\/argentina\/wp-json\/wp\/v2\/tags?post=27027"}],"curies":[{"name":"wp","href":"https:\/\/api.w.org\/{rel}","templated":true}]}}