{"id":27030,"date":"2015-03-25T10:38:27","date_gmt":"2015-03-25T13:38:27","guid":{"rendered":"http:\/\/argentinamunicipal.com.ar\/argentina\/?p=27030"},"modified":"2015-03-25T10:38:27","modified_gmt":"2015-03-25T13:38:27","slug":"el-turismo-genero-un-movimiento-de-10-millones-en-parana-el-fin-de-semana-largo","status":"publish","type":"post","link":"http:\/\/argentinamunicipal.com.ar\/argentina\/el-turismo-genero-un-movimiento-de-10-millones-en-parana-el-fin-de-semana-largo\/","title":{"rendered":"El turismo gener\u00f3 un movimiento de $10 millones en Paran\u00e1 el fin de semana largo"},"content":{"rendered":"<p><a href=\"http:\/\/argentinamunicipal.com.ar\/argentina\/wp-content\/uploads\/2015\/03\/o_1326469113.jpg\"><img loading=\"lazy\" decoding=\"async\" class=\"aligncenter size-full wp-image-27031\" src=\"http:\/\/argentinamunicipal.com.ar\/argentina\/wp-content\/uploads\/2015\/03\/o_1326469113.jpg\" alt=\"o_1326469113\" width=\"640\" height=\"360\" srcset=\"http:\/\/argentinamunicipal.com.ar\/argentina\/wp-content\/uploads\/2015\/03\/o_1326469113.jpg 640w, http:\/\/argentinamunicipal.com.ar\/argentina\/wp-content\/uploads\/2015\/03\/o_1326469113-300x169.jpg 300w\" sizes=\"auto, (max-width: 640px) 100vw, 640px\" \/><\/a><br \/>\nDesde la Secretar\u00eda de Turismo de la Municipalidad estimaron que la cantidad de visitantes que ingres\u00f3 a la ciudad fue aproximadamente de 9.600 personas, lo que insufl\u00f3 de expectativas para las actividades previstas para Semana Santa.<\/p>\n<p>El titular del \u00e1rea comunal, Carlos Monti, anticip\u00f3 que ya se preparan iniciativas para el pr\u00f3ximo fin de semana largo. Seg\u00fan la evaluaci\u00f3n oficial fue altamente positivo el saldo de actividad tur\u00edstica para la capital entrerriana. \u201cEl promedio de ocupaci\u00f3n hotelera registrado en Paran\u00e1 fue del 79%\u201d, apunt\u00f3 el funcionario en referencia a al fin de semana extendido por los dos feriados vinculados al D\u00eda Nacional de la Memoria, por la Verdad y la Justicia.<\/p>\n<p>Monti destac\u00f3 los diferentes atractivos que prepar\u00f3 la ciudad \u201ccon un sin fin de posibilidades\u201d, convirti\u00e9ndose en una localidad \u201cmuy completa en servicios y atractivos\u201d, dijo. \u201cEstimamos que el movimiento econ\u00f3mico generado por el turismo este fin de semana fue de $10.203.072. Esto es en hoteles $5.164.940 y para hotelero $3.861.812\u201d, precis\u00f3. Esa suma cuenta tambi\u00e9n a los visitantes en el d\u00eda, que dejaron en la ciudad $1.176.320. La cantidad de visitantes que ingresaron fueron aproximadamente 9.600 personas. \u201cEra el n\u00famero que esper\u00e1bamos para la ciudad y nos pone expectantes para lo que se viene durante el a\u00f1o\u201d, apunt\u00f3 el funcionario, quien sostuvo que son tres las provincias las que m\u00e1s aportan al turismo local: Buenos Aires, Santa Fe y C\u00f3rdoba.<\/p>\n<p><strong>Semana Santa.<\/strong> Entre las actividades que se disfrutar\u00e1n en Semana Santa (jueves 2, viernes 3, s\u00e1bado 4 y domingo 5 de abril), desde Turismo municipal se anticip\u00f3 que estar\u00e1n las tradicionales carpas de los artesanos, a la que se le agregar\u00e1 un gran hecho gastron\u00f3mico con la realizaci\u00f3n de una super paella en la zona del Puerto Nuevo. Se sumar\u00e1n al programa una muestra de la f\u00e1brica de autos antiguos de Bugatti en la Vieja Usina, y un V\u00eda Crucis viviente, entre otros. Monti cont\u00f3 que el \u00e1rea a su cargo trabaja en conjunto con la de Cultura y Deporte para ofrecer un mejor servicio y anticip\u00f3 que habr\u00e1 muchas y variadas actividades para el pr\u00f3ximo fin de semana largo.<\/p>\n<p>El funcionario adelant\u00f3 que se har\u00e1 una \u201ccaravana de bienvenida para todos los turistas que vayan llegando a la ciudad\u201d. Adem\u00e1s de las actividades ya anunciadas, se contar\u00e1 en la Costanera baja con un globo aerost\u00e1tico \u201cpara que la gente se pueda sacar fotos\u201d, se\u00f1al\u00f3.<\/p>\n<p>Tambi\u00e9n destac\u00f3 la realizaci\u00f3n de la marcha juvenil del Viernes Santo, as\u00ed como la actividad organizada por Cicloturismo desde hace cinco a\u00f1os denominada 7 Pueblos, 7 Iglesias, el viernes 3 de abril.<\/p>\n<p>Asimismo, enfatiz\u00f3 la presencia de la exposici\u00f3n de reliquias automovil\u00edsticas cuyo no nombre es \u201cRelatos de una pasi\u00f3n\u201d, donde demostrar\u00e1n c\u00f3mo se hacen estos autos. \u201cEsto es uno de los eventos que creemos que m\u00e1s convocatoria va a tener, porque la verdad, es muy interesante la propuesta\u201d, se entusiasm\u00f3 Monti en declaraciones a El Diario.<\/p>\n<p>Tambi\u00e9n se podr\u00e1 disfrutar del Paran\u00e1 Skate Park, la Banda Roja y un gran atractivo gastron\u00f3mico con el Club Tilcara que cocinar\u00e1 una gran paella de 3.000 porciones al mediod\u00eda y a la tarde del s\u00e1bado, que se instalar\u00e1 al lado de la carpa de artesanos en el centro de la Plaza de las Colectividades. \u201cOjal\u00e1 que nos acompa\u00f1e el tiempo, como este fin de semana, para hacer los paseos por la ciudad y por el r\u00edo\u201d, dijo Monti, quien destac\u00f3 \u201clas pol\u00edticas activas de la Municipalidad y la Provincia\u201d<\/p>\n<h6>Fuente: El Once<\/h6>\n","protected":false},"excerpt":{"rendered":"<p>Desde la Secretar\u00eda de Turismo de la Municipalidad estimaron que la cantidad de visitantes que ingres\u00f3 a la ciudad fue aproximadamente de 9.600 personas, lo que insufl\u00f3 de expectativas para las actividades previstas para Semana Santa. El titular del \u00e1rea comunal, Carlos Monti, anticip\u00f3 que ya se preparan iniciativas para el pr\u00f3ximo fin de semana<\/p>\n","protected":false},"author":2,"featured_media":27031,"comment_status":"closed","ping_status":"closed","sticky":false,"template":"","format":"standard","meta":{"footnotes":""},"categories":[2],"tags":[17],"class_list":["post-27030","post","type-post","status-publish","format-standard","has-post-thumbnail","hentry","category-informe-municipal","tag-entre-rios"],"_links":{"self":[{"href":"http:\/\/argentinamunicipal.com.ar\/argentina\/wp-json\/wp\/v2\/posts\/27030","targetHints":{"allow":["GET"]}}],"collection":[{"href":"http:\/\/argentinamunicipal.com.ar\/argentina\/wp-json\/wp\/v2\/posts"}],"about":[{"href":"http:\/\/argentinamunicipal.com.ar\/argentina\/wp-json\/wp\/v2\/types\/post"}],"author":[{"embeddable":true,"href":"http:\/\/argentinamunicipal.com.ar\/argentina\/wp-json\/wp\/v2\/users\/2"}],"replies":[{"embeddable":true,"href":"http:\/\/argentinamunicipal.com.ar\/argentina\/wp-json\/wp\/v2\/comments?post=27030"}],"version-history":[{"count":0,"href":"http:\/\/argentinamunicipal.com.ar\/argentina\/wp-json\/wp\/v2\/posts\/27030\/revisions"}],"wp:featuredmedia":[{"embeddable":true,"href":"http:\/\/argentinamunicipal.com.ar\/argentina\/wp-json\/wp\/v2\/media\/27031"}],"wp:attachment":[{"href":"http:\/\/argentinamunicipal.com.ar\/argentina\/wp-json\/wp\/v2\/media?parent=27030"}],"wp:term":[{"taxonomy":"category","embeddable":true,"href":"http:\/\/argentinamunicipal.com.ar\/argentina\/wp-json\/wp\/v2\/categories?post=27030"},{"taxonomy":"post_tag","embeddable":true,"href":"http:\/\/argentinamunicipal.com.ar\/argentina\/wp-json\/wp\/v2\/tags?post=27030"}],"curies":[{"name":"wp","href":"https:\/\/api.w.org\/{rel}","templated":true}]}}