{"id":27037,"date":"2015-03-25T10:50:26","date_gmt":"2015-03-25T13:50:26","guid":{"rendered":"http:\/\/argentinamunicipal.com.ar\/argentina\/?p=27037"},"modified":"2015-03-25T10:50:26","modified_gmt":"2015-03-25T13:50:26","slug":"gobernador-gregores-recordo-a-los-peones-rurales-fusilados","status":"publish","type":"post","link":"http:\/\/argentinamunicipal.com.ar\/argentina\/gobernador-gregores-recordo-a-los-peones-rurales-fusilados\/","title":{"rendered":"Gobernador Gregores record\u00f3 a los peones rurales fusilados"},"content":{"rendered":"<p><a href=\"http:\/\/argentinamunicipal.com.ar\/argentina\/wp-content\/uploads\/2015\/03\/5511c9a7f3e4e.jpg\"><img loading=\"lazy\" decoding=\"async\" class=\"aligncenter size-full wp-image-27038\" src=\"http:\/\/argentinamunicipal.com.ar\/argentina\/wp-content\/uploads\/2015\/03\/5511c9a7f3e4e.jpg\" alt=\"5511c9a7f3e4e\" width=\"640\" height=\"337\" srcset=\"http:\/\/argentinamunicipal.com.ar\/argentina\/wp-content\/uploads\/2015\/03\/5511c9a7f3e4e.jpg 640w, http:\/\/argentinamunicipal.com.ar\/argentina\/wp-content\/uploads\/2015\/03\/5511c9a7f3e4e-300x158.jpg 300w\" sizes=\"auto, (max-width: 640px) 100vw, 640px\" \/><\/a><br \/>\nAyer, m\u00e1s de un centenar de un personas, instituciones educativas y profesionales recordaron en el cenotafio de Memoria, Verdad y Justicia a los 200 peones rurales fusilados en el \u201cCa\u00f1ad\u00f3n de los Muertos\u201d, ubicado dentro del casco de la estancia Bella Vista.<\/p>\n<p>Luego del acto realizado a la vera de la ruta 40, a 7 kil\u00f3metros al sur de Gobernador Gregores, donde est\u00e1 ubicado el cenotafio, el intendente de Gregores, Juan Benedicto V\u00e1zquez, destac\u00f3 que por primera vez se pudo recordar a los peones fusilados en ese lugar.<\/p>\n<p>\u201cEste es el primer a\u00f1o de mi gesti\u00f3n, y en la historia de Gregores, que podemos homenajear a nuestros ca\u00eddos por la memoria, la verdad y la justicia, aquellos verdaderos pioneros\u201d.<\/p>\n<p>El Regimiento 10 de Caballer\u00eda, comandado por el teniente Varela, lleg\u00f3 en el a\u00f1o 1921 al por entonces territorio de Santa Cruz y fusil\u00f3 a cerca de 1.500 peones rurales, masacre que tuvo como objetivo poner fin a las huelgas generales obreras que reclamaban mejores condiciones de trabajo y de vida.<\/p>\n<p>El cenotafio de Memoria, Verdad y Justica a los ca\u00eddos por la libertad fue inaugurado en octubre del a\u00f1o pasado con la presencia de Osvaldo Bayer, y forma parte de los lugares se\u00f1alizados como Sitios de la Memoria de Terrorismo de Estado por el Archivo Nacional de la Memoria.<\/p>\n<p>Del acto, realizado el martes por la tarde, participaron adem\u00e1s personas autoconvocadas, las distintas instituciones educativas de la localidad, el Club Atl\u00e9tico Cruz del Sur y el grupo de Cabalgata de la Escuela Agropecuaria Provincial N\u00b0 1.<\/p>\n<p>En ese sentido, Dar\u00edo Herber, quien dirige el grupo de cabalgata, coment\u00f3 que su participaci\u00f3n apuntaba \u201ca hacer un homenaje a aquella gente que con tanto sacrificio pobl\u00f3, trabaj\u00f3 y dej\u00f3 sus huesos en estas tierras\u201d.<\/p>\n<h6>Fuente: La Opini\u00f3n Austral<\/h6>\n","protected":false},"excerpt":{"rendered":"<p>Ayer, m\u00e1s de un centenar de un personas, instituciones educativas y profesionales recordaron en el cenotafio de Memoria, Verdad y Justicia a los 200 peones rurales fusilados en el \u201cCa\u00f1ad\u00f3n de los Muertos\u201d, ubicado dentro del casco de la estancia Bella Vista. Luego del acto realizado a la vera de la ruta 40, a 7<\/p>\n","protected":false},"author":2,"featured_media":27038,"comment_status":"closed","ping_status":"closed","sticky":false,"template":"","format":"standard","meta":{"footnotes":""},"categories":[2],"tags":[29],"class_list":["post-27037","post","type-post","status-publish","format-standard","has-post-thumbnail","hentry","category-informe-municipal","tag-santa-cruz"],"_links":{"self":[{"href":"http:\/\/argentinamunicipal.com.ar\/argentina\/wp-json\/wp\/v2\/posts\/27037","targetHints":{"allow":["GET"]}}],"collection":[{"href":"http:\/\/argentinamunicipal.com.ar\/argentina\/wp-json\/wp\/v2\/posts"}],"about":[{"href":"http:\/\/argentinamunicipal.com.ar\/argentina\/wp-json\/wp\/v2\/types\/post"}],"author":[{"embeddable":true,"href":"http:\/\/argentinamunicipal.com.ar\/argentina\/wp-json\/wp\/v2\/users\/2"}],"replies":[{"embeddable":true,"href":"http:\/\/argentinamunicipal.com.ar\/argentina\/wp-json\/wp\/v2\/comments?post=27037"}],"version-history":[{"count":0,"href":"http:\/\/argentinamunicipal.com.ar\/argentina\/wp-json\/wp\/v2\/posts\/27037\/revisions"}],"wp:featuredmedia":[{"embeddable":true,"href":"http:\/\/argentinamunicipal.com.ar\/argentina\/wp-json\/wp\/v2\/media\/27038"}],"wp:attachment":[{"href":"http:\/\/argentinamunicipal.com.ar\/argentina\/wp-json\/wp\/v2\/media?parent=27037"}],"wp:term":[{"taxonomy":"category","embeddable":true,"href":"http:\/\/argentinamunicipal.com.ar\/argentina\/wp-json\/wp\/v2\/categories?post=27037"},{"taxonomy":"post_tag","embeddable":true,"href":"http:\/\/argentinamunicipal.com.ar\/argentina\/wp-json\/wp\/v2\/tags?post=27037"}],"curies":[{"name":"wp","href":"https:\/\/api.w.org\/{rel}","templated":true}]}}