{"id":27070,"date":"2015-03-26T09:10:20","date_gmt":"2015-03-26T12:10:20","guid":{"rendered":"http:\/\/argentinamunicipal.com.ar\/argentina\/?p=27070"},"modified":"2015-03-26T09:10:20","modified_gmt":"2015-03-26T12:10:20","slug":"chajari-contara-con-un-radar-meteorologico-con-un-alcance-de-hasta-500-kilometros","status":"publish","type":"post","link":"http:\/\/argentinamunicipal.com.ar\/argentina\/chajari-contara-con-un-radar-meteorologico-con-un-alcance-de-hasta-500-kilometros\/","title":{"rendered":"Chajar\u00ed contar\u00e1 con un radar meteorol\u00f3gico con un alcance de hasta 500 kil\u00f3metros"},"content":{"rendered":"<p><a href=\"http:\/\/argentinamunicipal.com.ar\/argentina\/wp-content\/uploads\/2015\/03\/apfdigital_249527_tapa_2532015_195438.jpg\"><img loading=\"lazy\" decoding=\"async\" class=\"aligncenter size-full wp-image-27071\" src=\"http:\/\/argentinamunicipal.com.ar\/argentina\/wp-content\/uploads\/2015\/03\/apfdigital_249527_tapa_2532015_195438.jpg\" alt=\"apfdigital_249527_tapa_2532015_195438\" width=\"600\" height=\"688\" srcset=\"http:\/\/argentinamunicipal.com.ar\/argentina\/wp-content\/uploads\/2015\/03\/apfdigital_249527_tapa_2532015_195438.jpg 600w, http:\/\/argentinamunicipal.com.ar\/argentina\/wp-content\/uploads\/2015\/03\/apfdigital_249527_tapa_2532015_195438-262x300.jpg 262w\" sizes=\"auto, (max-width: 600px) 100vw, 600px\" \/><\/a><\/p>\n<p>\u201cAntes de fin de a\u00f1o\u201d, Chajar\u00ed contar\u00e1 con un radar meteorol\u00f3gico de alta complejidad fabricado por el instituto nacional \u2018Invap\u2019 \u2022 El aparato, solicitado por la propia Comuna, permitir\u00e1 \u201canticipar fen\u00f3menos meteorol\u00f3gicos\u201d y \u201cplanificar\u201d cuestiones relacionadas al clima, cont\u00f3 a APFDigital el intendente de la ciudad, Jos\u00e9 Luis Panozzo \u2022 El alcance ser\u00e1 de hasta \u201c500 kil\u00f3metros\u201d y ser\u00e1 operado \u201cen forma directa\u201d a trav\u00e9s del Sistema Nacional de Radares Meteorol\u00f3gicos, precis\u00f3 \u2022 La novedad fue bien recibida por el sector productivo de la zona<\/p>\n<p>Un radar meteorol\u00f3gico fabricado por el Instituto Nacional de Investigaci\u00f3n Aplicada (Invap) ser\u00e1 instalado en Chajar\u00ed \u201cantes de fin de a\u00f1o\u201d. El objeto, que estar\u00e1 ubicado \u201c300 metros al este de la autov\u00eda ruta 14\u201d tendr\u00e1 tres radios de alcance: \u201cuno de 150 kil\u00f3metros, otro de entre 260 y 300 kil\u00f3metros y otro de 500 kil\u00f3metros\u201d.<\/p>\n<p>As\u00ed lo detall\u00f3 el intendente Jos\u00e9 Luis Panozzo quien se\u00f1al\u00f3 que fue el propio municipio quien requiri\u00f3 el aparato, teniendo en cuenta el \u201ccambio clim\u00e1tico de los \u00faltimos a\u00f1os\u201d sumado a la \u201ccola de tornado\u201d que provoc\u00f3 \u201ccuantiosas p\u00e9rdidas materiales\u201d en la localidad el a\u00f1o pasado.<\/p>\n<p>Esta nueva tecnolog\u00eda permitir\u00e1 \u201canticiparse a los fen\u00f3menos meteorol\u00f3gicos\u00a0 e incluso planificar otras cuestiones\u201d, coment\u00f3.<\/p>\n<p>A continuaci\u00f3n, Panozzo aclar\u00f3: \u201cNo es que el radar es un paraguas que frenar\u00e1 la lluvia o har\u00e1 de barrera que frene los vientos, sino que es para evitar consecuencias humanas\u201d.<\/p>\n<p>La operatoria del radar se dar\u00e1 \u201cen forma directa a trav\u00e9s del Sistema Nacional de Radares Meteorol\u00f3gicos\u201d y a su vez \u201cen forma entrelazada\u201d con el conjunto de radares de este tipo, diez en total, que se instalar\u00e1n en otras jurisdicciones, como C\u00f3rdoba capital, Formosa y Chaco, entre otros seg\u00fan mencion\u00f3 el funcionario chajariense.<\/p>\n<p>Panozzo, en di\u00e1logo\u00a0 con esta Agencia, no dej\u00f3 de destacar que se trata de \u201ctecnolog\u00eda de alta complejidad\u201d, fabricado por el Invap, el mismo organismo que construy\u00f3 el sat\u00e9lite Arsat 1.<\/p>\n<p>En esa l\u00ednea, manifest\u00f3 el \u201corgullo como argentino\u201d al observar el trabajo de \u201cj\u00f3venes profesionales egresados de las universidades p\u00fablicas del pa\u00eds\u201d.<\/p>\n<p>La novedad fue bien recibida por la comunidad y el sector productivo de la zona, confi\u00f3 el Intendente al t\u00e9rmino de una charla informativa que brindaron este mi\u00e9rcoles en Chajar\u00ed miembros del Ministerio de Planificaci\u00f3n Federal de Naci\u00f3n.<\/p>\n<h3>En detalle<\/h3>\n<p>El radar estar\u00e1 ubicado en Avenida Siburu sobre un predio propiedad municipal que fue cedido por las autoridades v\u00eda ordenanza del Concejo Deliberante de Chajar\u00ed.<\/p>\n<p>All\u00ed se elevar\u00e1 una torre de 40 metros de altura encima de la cual estar\u00e1 el aparato. La obra civil de emplazamiento corresponder\u00e1 al propio Invap y no tendr\u00e1 ning\u00fan costo para la ciudad.<\/p>\n<h6>Fuente: APF Digital<\/h6>\n","protected":false},"excerpt":{"rendered":"<p>\u201cAntes de fin de a\u00f1o\u201d, Chajar\u00ed contar\u00e1 con un radar meteorol\u00f3gico de alta complejidad fabricado por el instituto nacional \u2018Invap\u2019 \u2022 El aparato, solicitado por la propia Comuna, permitir\u00e1 \u201canticipar fen\u00f3menos meteorol\u00f3gicos\u201d y \u201cplanificar\u201d cuestiones relacionadas al clima, cont\u00f3 a APFDigital el intendente de la ciudad, Jos\u00e9 Luis Panozzo \u2022 El alcance ser\u00e1 de hasta<\/p>\n","protected":false},"author":2,"featured_media":27071,"comment_status":"closed","ping_status":"closed","sticky":false,"template":"","format":"standard","meta":{"footnotes":""},"categories":[2],"tags":[17],"class_list":["post-27070","post","type-post","status-publish","format-standard","has-post-thumbnail","hentry","category-informe-municipal","tag-entre-rios"],"_links":{"self":[{"href":"http:\/\/argentinamunicipal.com.ar\/argentina\/wp-json\/wp\/v2\/posts\/27070","targetHints":{"allow":["GET"]}}],"collection":[{"href":"http:\/\/argentinamunicipal.com.ar\/argentina\/wp-json\/wp\/v2\/posts"}],"about":[{"href":"http:\/\/argentinamunicipal.com.ar\/argentina\/wp-json\/wp\/v2\/types\/post"}],"author":[{"embeddable":true,"href":"http:\/\/argentinamunicipal.com.ar\/argentina\/wp-json\/wp\/v2\/users\/2"}],"replies":[{"embeddable":true,"href":"http:\/\/argentinamunicipal.com.ar\/argentina\/wp-json\/wp\/v2\/comments?post=27070"}],"version-history":[{"count":0,"href":"http:\/\/argentinamunicipal.com.ar\/argentina\/wp-json\/wp\/v2\/posts\/27070\/revisions"}],"wp:featuredmedia":[{"embeddable":true,"href":"http:\/\/argentinamunicipal.com.ar\/argentina\/wp-json\/wp\/v2\/media\/27071"}],"wp:attachment":[{"href":"http:\/\/argentinamunicipal.com.ar\/argentina\/wp-json\/wp\/v2\/media?parent=27070"}],"wp:term":[{"taxonomy":"category","embeddable":true,"href":"http:\/\/argentinamunicipal.com.ar\/argentina\/wp-json\/wp\/v2\/categories?post=27070"},{"taxonomy":"post_tag","embeddable":true,"href":"http:\/\/argentinamunicipal.com.ar\/argentina\/wp-json\/wp\/v2\/tags?post=27070"}],"curies":[{"name":"wp","href":"https:\/\/api.w.org\/{rel}","templated":true}]}}