{"id":27096,"date":"2015-03-26T08:30:18","date_gmt":"2015-03-26T11:30:18","guid":{"rendered":"http:\/\/argentinamunicipal.com.ar\/argentina\/?p=27096"},"modified":"2015-03-26T09:47:44","modified_gmt":"2015-03-26T12:47:44","slug":"santa-fe-avanza-el-proceso-para-el-ingreso-a-planta-no-permanente","status":"publish","type":"post","link":"http:\/\/argentinamunicipal.com.ar\/argentina\/santa-fe-avanza-el-proceso-para-el-ingreso-a-planta-no-permanente\/","title":{"rendered":"Santa Fe: Avanza el proceso para el ingreso a planta no permanente"},"content":{"rendered":"<p>&nbsp;<\/p>\n<p><a href=\"http:\/\/argentinamunicipal.com.ar\/argentina\/wp-content\/uploads\/2015\/03\/23-mun-santa-fe.jpg\"><img loading=\"lazy\" decoding=\"async\" class=\"alignleft size-full wp-image-27097\" src=\"http:\/\/argentinamunicipal.com.ar\/argentina\/wp-content\/uploads\/2015\/03\/23-mun-santa-fe.jpg\" alt=\"23-mun-santa-fe\" width=\"550\" height=\"366\" srcset=\"http:\/\/argentinamunicipal.com.ar\/argentina\/wp-content\/uploads\/2015\/03\/23-mun-santa-fe.jpg 550w, http:\/\/argentinamunicipal.com.ar\/argentina\/wp-content\/uploads\/2015\/03\/23-mun-santa-fe-300x200.jpg 300w\" sizes=\"auto, (max-width: 550px) 100vw, 550px\" \/><\/a>El s\u00e1bado que viene se llevar\u00e1 a cabo el examen de nivelaci\u00f3n para los aspirantes que se inscribieron en la convocatoria para cumplir tareas administrativas en las distintas secretar\u00edas del municipio. Para estos cargos, se recibieron 5.970 solicitudes, de los cuales 5.620 deben presentarse a esta instancia.<\/p>\n<p>El municipio realiz\u00f3 en enero una convocatoria p\u00fablica y abierta de personal, con el objetivo de elaborar un orden de m\u00e9rito entre los aspirantes para cubrir, en esta primera instancia, un total de 55 cargos bajo la modalidad de Personal Contratado No Permanente.<\/p>\n<p>Cabe recordar que uno de los requisitos fue acreditar capacitaci\u00f3n o entrenamiento en la administraci\u00f3n p\u00fablica municipal. Este examen permite a quienes no cuentan con esta experiencia, alcanzar esta condici\u00f3n, para lo cual, al momento de la inscripci\u00f3n se les entreg\u00f3 el material de estudio correspondiente.<\/p>\n<p>Estas instancias se llevar\u00e1n a cabo en las Facultades de Ciencias Jur\u00eddicas y Sociales y de Ciencias Econ\u00f3micas en dos turnos. Ingresando a la web del gobierno de la ciudad (a trav\u00e9s del link \/www.santafeciudad.gov.ar\/gobierno\/convocatorias.html) se podr\u00e1 acceder al detalle del lugar y horario del examen.<\/p>\n<p>Adem\u00e1s, en los pr\u00f3ximos d\u00edas se conocer\u00e1n las fechas para el examen nivelador de quienes se anotaron para cubrir cargos en atenci\u00f3n al p\u00fablico. En este caso, de los 1.764 aspirantes tendr\u00e1n que participar de esta instancia 1.727.<\/p>\n<h3>Igualdad de condiciones<\/h3>\n<p>\u201cLa nivelaci\u00f3n est\u00e1 destinada a aquellos aspirantes al concurso que no han cumplido con uno de los requisitos de la inscripci\u00f3n, como por ejemplo tener experiencia en administraci\u00f3n o en atenci\u00f3n al p\u00fablico. A quien no tiene esta experiencia, el Estado le permite alcanzar este requisito con un examen nivelador y poner a todos los aspirantes en igualdad de condiciones\u201d, inform\u00f3 la subsecretaria de Funci\u00f3n P\u00fablica, Malena Azario.<\/p>\n<p>En este sentido, la funcionaria destac\u00f3 que \u201cel municipio sigue apostando a los concursos de ingreso abierto para el personal de planta, basados en los tres par\u00e1metros que son transparencia en el proceso, igualdad de oportunidades y m\u00e9ritos.<\/p>\n<p>A partir de fijarse \u2014en el marco de las pol\u00edticas paritarias\u2014 d\u00f3nde est\u00e1n las necesidades de personal, se elabora el perfil, se hace la convocatoria y se comienza con los distintos pasos que llevan a la \u00faltima etapa, que es el orden de m\u00e9rito\u201d. Cabe destacar que este orden de m\u00e9rito tiene una vigencia de dos a\u00f1os, y permite que en cada circunstancia en que el municipio deba realizar un reemplazo o cubrir una vacante, tenga d\u00f3nde buscarlo.<\/p>\n<h6>Fuente: El Litoral, Santa Fe<\/h6>\n","protected":false},"excerpt":{"rendered":"<p>&nbsp; El s\u00e1bado que viene se llevar\u00e1 a cabo el examen de nivelaci\u00f3n para los aspirantes que se inscribieron en la convocatoria para cumplir tareas administrativas en las distintas secretar\u00edas del municipio. Para estos cargos, se recibieron 5.970 solicitudes, de los cuales 5.620 deben presentarse a esta instancia. El municipio realiz\u00f3 en enero una convocatoria<\/p>\n","protected":false},"author":2,"featured_media":27097,"comment_status":"closed","ping_status":"closed","sticky":false,"template":"","format":"standard","meta":{"footnotes":""},"categories":[7],"tags":[10],"class_list":["post-27096","post","type-post","status-publish","format-standard","has-post-thumbnail","hentry","category-informe-sindical","tag-santa-fe"],"_links":{"self":[{"href":"http:\/\/argentinamunicipal.com.ar\/argentina\/wp-json\/wp\/v2\/posts\/27096","targetHints":{"allow":["GET"]}}],"collection":[{"href":"http:\/\/argentinamunicipal.com.ar\/argentina\/wp-json\/wp\/v2\/posts"}],"about":[{"href":"http:\/\/argentinamunicipal.com.ar\/argentina\/wp-json\/wp\/v2\/types\/post"}],"author":[{"embeddable":true,"href":"http:\/\/argentinamunicipal.com.ar\/argentina\/wp-json\/wp\/v2\/users\/2"}],"replies":[{"embeddable":true,"href":"http:\/\/argentinamunicipal.com.ar\/argentina\/wp-json\/wp\/v2\/comments?post=27096"}],"version-history":[{"count":0,"href":"http:\/\/argentinamunicipal.com.ar\/argentina\/wp-json\/wp\/v2\/posts\/27096\/revisions"}],"wp:featuredmedia":[{"embeddable":true,"href":"http:\/\/argentinamunicipal.com.ar\/argentina\/wp-json\/wp\/v2\/media\/27097"}],"wp:attachment":[{"href":"http:\/\/argentinamunicipal.com.ar\/argentina\/wp-json\/wp\/v2\/media?parent=27096"}],"wp:term":[{"taxonomy":"category","embeddable":true,"href":"http:\/\/argentinamunicipal.com.ar\/argentina\/wp-json\/wp\/v2\/categories?post=27096"},{"taxonomy":"post_tag","embeddable":true,"href":"http:\/\/argentinamunicipal.com.ar\/argentina\/wp-json\/wp\/v2\/tags?post=27096"}],"curies":[{"name":"wp","href":"https:\/\/api.w.org\/{rel}","templated":true}]}}