{"id":27106,"date":"2015-03-26T08:30:29","date_gmt":"2015-03-26T11:30:29","guid":{"rendered":"http:\/\/argentinamunicipal.com.ar\/argentina\/?p=27106"},"modified":"2015-03-26T10:10:49","modified_gmt":"2015-03-26T13:10:49","slug":"fray-luis-beltran-reunion-en-trabajo-por-el-paro-municipal-que-lleva-16-dias","status":"publish","type":"post","link":"http:\/\/argentinamunicipal.com.ar\/argentina\/fray-luis-beltran-reunion-en-trabajo-por-el-paro-municipal-que-lleva-16-dias\/","title":{"rendered":"Fray Luis Beltr\u00e1n: reuni\u00f3n en Trabajo por el paro municipal que lleva 16 d\u00edas"},"content":{"rendered":"<p><a href=\"http:\/\/argentinamunicipal.com.ar\/argentina\/wp-content\/uploads\/2015\/03\/paro_centrosaludFLB.jpg\"><img loading=\"lazy\" decoding=\"async\" class=\"aligncenter  wp-image-27107\" src=\"http:\/\/argentinamunicipal.com.ar\/argentina\/wp-content\/uploads\/2015\/03\/paro_centrosaludFLB.jpg\" alt=\"paro_centrosaludFLB\" width=\"560\" height=\"370\" srcset=\"http:\/\/argentinamunicipal.com.ar\/argentina\/wp-content\/uploads\/2015\/03\/paro_centrosaludFLB.jpg 800w, http:\/\/argentinamunicipal.com.ar\/argentina\/wp-content\/uploads\/2015\/03\/paro_centrosaludFLB-300x198.jpg 300w\" sizes=\"auto, (max-width: 560px) 100vw, 560px\" \/><\/a><br \/>\nLa intendenta afirma que \u201ces pol\u00edtico\u201d, el sindicato\u00a0 dijo que es legal. La medida es por 10 m\u00e9dicos que cobran como monotributistas.<\/p>\n<p>La intendenta de Fray Luis Beltr\u00e1n, Liliana Canut, defini\u00f3 como \u201cpol\u00edtico\u201d al paro que llevan adelante en esa ciudad desde hace 15 d\u00edas el Sindicato de Trabajadores Municipales (Sitram) de San Lorenzo, al tiempo que convoc\u00f3 a la prensa de la regi\u00f3n a una reuni\u00f3n para hoy en la sede municipal beltranense, para explicar los \u201cverdaderos motivos\u201d del paro.<\/p>\n<p>Mientras, desde el sector gremial, el secretario general de la CGT San Lorenzo, Edgardo Quiroga, destac\u00f3 que la continuidad de la medida depende, entre otros factores, del resultado de la reuni\u00f3n que mantendr\u00e1n las partes tambi\u00e9n hoy, a las 11, en la sede Rosario del Ministerio de Trabajo.<\/p>\n<p>El caso de 10 m\u00e9dicos. Tanto la intendenta beltranense como el dirigente gremial confirmaron que el eje del conflicto gira en torno a la situaci\u00f3n de 10 m\u00e9dicos que con distinta antig\u00fcedad cobran como monotributistas, contra el reclamo sindical de que como el resto del personal municipal, sean pasados a planta permanente.<\/p>\n<p>Canut se\u00f1al\u00f3 a La\u2002Capital que el municipio beltranense tiene solucionados pr\u00e1cticamente todos los conflictos con el personal: \u201cNo le debemos nada a nadie; estamos regularizando la situaci\u00f3n de todos los trabajadores y tambi\u00e9n el reclamo relativo a la entrega de la ropa de trabajo\u201d, indic\u00f3 la mandataria, quien destac\u00f3 que \u201cla medida, de 144 horas de paro, termin\u00f3 el lunes, con lo que la continuidad de la medida es ilegal porque no nos fue notificada\u201d.<\/p>\n<p>Por otra parte ayer se inform\u00f3 que a ra\u00edz del conflicto el Centro de Salud Juan Bautista Cairo de Fray Luis Beltr\u00e1n atender\u00e1 al p\u00fablico en su horario habitual, de 7 a 19, suspendi\u00e9ndose la guardia nocturna hasta nuevo aviso.<\/p>\n<p>Del sindicato. El secretario general de la CGT San Lorenzo, Edgardo Quiroga, manifest\u00f3 en declaracioens a este diario no entender \u201cc\u00f3mo la intendenta puede considerar ilegal una medida de fuerza, algo que s\u00f3lo lo puede hacer el Ministerio de Trabajo. En toda mi vida gremial es la primera vez que escucho algo as\u00ed\u201d, se\u00f1al\u00f3 el dirigente, para quien \u201cnosotros notificamos la decisi\u00f3n de la asamblea. En la \u00faltima audiencia no se lleg\u00f3 a ning\u00fan acuerdo, por lo que las partes quedaron en absoluta libertad de acci\u00f3n. Aqu\u00ed se est\u00e1 luchando para que 10 trabajadores dejen de mantener una relaci\u00f3n laboral encubierta con el pretexto del monotributo. Queremos que estos m\u00e9dicos sean considerados trabajadiores municipales, Algo que Canut, con un pensamiento muy conservador, parece no entender\u201d, expres\u00f3.<\/p>\n<p>Quiroga advirti\u00f3 finalmente que \u201cnosotros \u00edbamos a profundizar la medida, pero ante la posibilidad de la reuni\u00f3n conciliatoria de hoy, decidimos esperar. Pero si nos vienen con peroratas seguramente la asamblea va a decidir retomar con m\u00e1s fuerza las medidas\u201d.<\/p>\n<h6>Fuente: La Capital, Rosario<\/h6>\n","protected":false},"excerpt":{"rendered":"<p>La intendenta afirma que \u201ces pol\u00edtico\u201d, el sindicato\u00a0 dijo que es legal. La medida es por 10 m\u00e9dicos que cobran como monotributistas. La intendenta de Fray Luis Beltr\u00e1n, Liliana Canut, defini\u00f3 como \u201cpol\u00edtico\u201d al paro que llevan adelante en esa ciudad desde hace 15 d\u00edas el Sindicato de Trabajadores Municipales (Sitram) de San Lorenzo, al<\/p>\n","protected":false},"author":2,"featured_media":27107,"comment_status":"closed","ping_status":"closed","sticky":false,"template":"","format":"standard","meta":{"footnotes":""},"categories":[7],"tags":[10],"class_list":["post-27106","post","type-post","status-publish","format-standard","has-post-thumbnail","hentry","category-informe-sindical","tag-santa-fe"],"_links":{"self":[{"href":"http:\/\/argentinamunicipal.com.ar\/argentina\/wp-json\/wp\/v2\/posts\/27106","targetHints":{"allow":["GET"]}}],"collection":[{"href":"http:\/\/argentinamunicipal.com.ar\/argentina\/wp-json\/wp\/v2\/posts"}],"about":[{"href":"http:\/\/argentinamunicipal.com.ar\/argentina\/wp-json\/wp\/v2\/types\/post"}],"author":[{"embeddable":true,"href":"http:\/\/argentinamunicipal.com.ar\/argentina\/wp-json\/wp\/v2\/users\/2"}],"replies":[{"embeddable":true,"href":"http:\/\/argentinamunicipal.com.ar\/argentina\/wp-json\/wp\/v2\/comments?post=27106"}],"version-history":[{"count":0,"href":"http:\/\/argentinamunicipal.com.ar\/argentina\/wp-json\/wp\/v2\/posts\/27106\/revisions"}],"wp:featuredmedia":[{"embeddable":true,"href":"http:\/\/argentinamunicipal.com.ar\/argentina\/wp-json\/wp\/v2\/media\/27107"}],"wp:attachment":[{"href":"http:\/\/argentinamunicipal.com.ar\/argentina\/wp-json\/wp\/v2\/media?parent=27106"}],"wp:term":[{"taxonomy":"category","embeddable":true,"href":"http:\/\/argentinamunicipal.com.ar\/argentina\/wp-json\/wp\/v2\/categories?post=27106"},{"taxonomy":"post_tag","embeddable":true,"href":"http:\/\/argentinamunicipal.com.ar\/argentina\/wp-json\/wp\/v2\/tags?post=27106"}],"curies":[{"name":"wp","href":"https:\/\/api.w.org\/{rel}","templated":true}]}}