{"id":27149,"date":"2015-03-26T11:22:29","date_gmt":"2015-03-26T14:22:29","guid":{"rendered":"http:\/\/argentinamunicipal.com.ar\/argentina\/?p=27149"},"modified":"2015-03-26T11:22:29","modified_gmt":"2015-03-26T14:22:29","slug":"salta-es-la-primera-provincia-que-cuenta-con-cirugia-solidaria-durante-todo-el-ano","status":"publish","type":"post","link":"http:\/\/argentinamunicipal.com.ar\/argentina\/salta-es-la-primera-provincia-que-cuenta-con-cirugia-solidaria-durante-todo-el-ano\/","title":{"rendered":"Salta es la primera provincia que cuenta con cirug\u00eda solidaria durante todo el a\u00f1o"},"content":{"rendered":"<p>El Gobierno de Salta firm\u00f3 un convenio con la Fundaci\u00f3n Cirug\u00eda Solidaria para la realizaci\u00f3n de operaciones gratuitas en San Ram\u00f3n de la Nueva Or\u00e1n, a trav\u00e9s de Cirug\u00edas Patria Solidaria, programa que se desarrolla en Salta capital, Tartagal, Met\u00e1n, Rosario de la Frontera, Cafayate y Rosario de Lerma.<\/p>\n<p>El gobernador Juan Manuel Urtubey encabez\u00f3 esta tarde en Or\u00e1n, el acto de firma de convenio con la Fundaci\u00f3n Cirug\u00eda Solidaria, programa a trav\u00e9s del cual se realizan operaciones 100% gratuitas a personas con labio leporino, fisura de paladar, malformaciones cong\u00e9nitas y por accidentes, secuelas de quemados y reconstrucci\u00f3n mamaria.<\/p>\n<p>El acto de firma se desarroll\u00f3 en la Casa del Bicentenario y rubricaron el documento el gobernador Urtubey, el presidente de la Fundaci\u00f3n Patria Solidaria, H\u00e9ctor Lanza, la ministra de Derechos Humanos, Marianela Cansino.<\/p>\n<p>En sus palabras Urtubey agradeci\u00f3 a los representantes del organismo \u201cporque permiten que cada d\u00eda brindemos m\u00e1s y mejores soluciones a nuestra gente\u201d.<\/p>\n<p>El mandatario manifest\u00f3 su orgullo de saber que Patria Solidaria ya se encuentra en siete localidades de la Provincia: Salta capital, Tartagal, Met\u00e1n, Rosario de la Frontera, Cafayate, Rosario de Lerma y a partir de hoy San Ram\u00f3n de la Nueva Or\u00e1n.<\/p>\n<p>\u201cEl trabajo articulado que llevamos con Naci\u00f3n y con cada uno de los Municipios de Salta nos permite llevar adelante una comunidad organizada al servicio de nuestra gente para que puedan mejorar su calidad de vida\u201d, sostuvo el Gobernador.<\/p>\n<p>Adem\u00e1s indic\u00f3 que al final del camino la \u00fanica justificaci\u00f3n de nuestro Gobierno \u201ces garantizar que nuestros hermanos cada d\u00eda puedan vivir un poquito mejor\u201d.<\/p>\n<p>Durante el acto se proyect\u00f3 un video institucional sobre el trabajo que Patria Solidaria desarrolla en todo el pa\u00eds y que ya realiz\u00f3 m\u00e1s de 5500 cirug\u00edas reconstructivas. En la provincia de Salta esas operaciones superan un total de 1600.<\/p>\n<h3>El convenio<\/h3>\n<p>El objetivo del acuerdo es ampliar los municipios donde se trabajar\u00e1 durante el a\u00f1o y dar a conocer las fechas de los operativos. Cirug\u00edas Patria Solidaria es un programa que se lleva adelante a trav\u00e9s del Ministerio de Desarrollo Social de la Naci\u00f3n con la Fundaci\u00f3n Patria Solidaria, que nuclea a m\u00e9dicos del servicio de Cirug\u00eda Pl\u00e1stica del Hospital Eva Per\u00f3n en San Mart\u00edn, provincia de Buenos Aires, y es coordinado en Salta por la Secretar\u00eda de Asistencia Cr\u00edtica del Ministerio de Derechos Humanos con todos los municipios y hospitales donde se revisa a los pacientes y se efect\u00faa cirug\u00edas.<\/p>\n<p>A trav\u00e9s de este programa se realizan operaciones 100% gratuitas a personas con labio leporino, fisura de paladar, malformaciones cong\u00e9nitas y por accidentes, secuelas de quemados y mujeres con mastectom\u00eda que requieran reconstrucci\u00f3n mamaria.<\/p>\n<p>FUNDACC fue creada y es presidida desde el a\u00f1o 1992 por el Dr. H\u00e9ctor Lanza (jefe del Servicio de Cirug\u00eda Pl\u00e1stica del Hospital Eva Per\u00f3n de San Mart\u00edn), quien realiza reconstrucciones pl\u00e1sticas por malformaciones cong\u00e9nitas, quemaduras o mastectom\u00edas a personas de bajos recursos.<\/p>\n<p>La ministra Cansino asegur\u00f3 que Salta \u201choy concret\u00f3 un sue\u00f1o m\u00e1s, donde seguimos profundizando las pol\u00edticas p\u00fablicas en todo el territorio salte\u00f1o\u201d.<\/p>\n<p>Inclusi\u00f3n social e igualdad de oportunidades son el pilar fundamental del gobernador Juan Manuel Urtubey \u201cque mejora la calidad de vida de todos los salte\u00f1os\u201d, expres\u00f3 la funcionaria provincial.<\/p>\n<h3>Ayuda a los que m\u00e1s necesitan<\/h3>\n<p>El Presidente de la Fundaci\u00f3n Patria Solidaria destac\u00f3 el trabajo que la Provincia de Salta realiza \u201ccon los vecinos que m\u00e1s necesitan. Es un Gobierno que trabaja en mejorar cada d\u00eda m\u00e1s la calidad de vida de toda su comunidad\u201d, expres\u00f3.<\/p>\n<p>Finalmente hizo uso de la palabra el intendente de la Ciudad de Or\u00e1n, quien con emoci\u00f3n record\u00f3 que hace menos de un a\u00f1o se le acerc\u00f3 la madre de un ni\u00f1o con labio leporino y le agradeci\u00f3 por haber concretado la cirug\u00eda reconstructiva de su hijo. \u201cEste es el Gobierno que le cambia la vida a la gente\u201d, asegur\u00f3.<\/p>\n<p>Tambi\u00e9n participaron de la firma de convenio el intendente de Pichanal, Julio Jalit, dem\u00e1s representantes de la Fundaci\u00f3n Patria Solidaria, legisladores provinciales, autoridades municipales y vecinos del municipio.<\/p>\n<h6>Fuente: La Hora de Salta<\/h6>\n","protected":false},"excerpt":{"rendered":"<p>El Gobierno de Salta firm\u00f3 un convenio con la Fundaci\u00f3n Cirug\u00eda Solidaria para la realizaci\u00f3n de operaciones gratuitas en San Ram\u00f3n de la Nueva Or\u00e1n, a trav\u00e9s de Cirug\u00edas Patria Solidaria, programa que se desarrolla en Salta capital, Tartagal, Met\u00e1n, Rosario de la Frontera, Cafayate y Rosario de Lerma. El gobernador Juan Manuel Urtubey encabez\u00f3<\/p>\n","protected":false},"author":2,"featured_media":0,"comment_status":"closed","ping_status":"closed","sticky":false,"template":"","format":"standard","meta":{"footnotes":""},"categories":[8],"tags":[9],"class_list":["post-27149","post","type-post","status-publish","format-standard","hentry","category-informe-nacional","tag-salta"],"_links":{"self":[{"href":"http:\/\/argentinamunicipal.com.ar\/argentina\/wp-json\/wp\/v2\/posts\/27149","targetHints":{"allow":["GET"]}}],"collection":[{"href":"http:\/\/argentinamunicipal.com.ar\/argentina\/wp-json\/wp\/v2\/posts"}],"about":[{"href":"http:\/\/argentinamunicipal.com.ar\/argentina\/wp-json\/wp\/v2\/types\/post"}],"author":[{"embeddable":true,"href":"http:\/\/argentinamunicipal.com.ar\/argentina\/wp-json\/wp\/v2\/users\/2"}],"replies":[{"embeddable":true,"href":"http:\/\/argentinamunicipal.com.ar\/argentina\/wp-json\/wp\/v2\/comments?post=27149"}],"version-history":[{"count":0,"href":"http:\/\/argentinamunicipal.com.ar\/argentina\/wp-json\/wp\/v2\/posts\/27149\/revisions"}],"wp:attachment":[{"href":"http:\/\/argentinamunicipal.com.ar\/argentina\/wp-json\/wp\/v2\/media?parent=27149"}],"wp:term":[{"taxonomy":"category","embeddable":true,"href":"http:\/\/argentinamunicipal.com.ar\/argentina\/wp-json\/wp\/v2\/categories?post=27149"},{"taxonomy":"post_tag","embeddable":true,"href":"http:\/\/argentinamunicipal.com.ar\/argentina\/wp-json\/wp\/v2\/tags?post=27149"}],"curies":[{"name":"wp","href":"https:\/\/api.w.org\/{rel}","templated":true}]}}